{"id":28745,"date":"2023-09-29T16:53:01","date_gmt":"2023-09-29T16:53:01","guid":{"rendered":"https:\/\/www.theyouthharbour.org\/?p=28745"},"modified":"2023-10-05T21:00:58","modified_gmt":"2023-10-05T21:00:58","slug":"new-york-climate-week-blog-1-people-power","status":"publish","type":"post","link":"https:\/\/www.theyouthharbour.org\/fr\/our-updates\/new-york-climate-week-blog-1-people-power\/","title":{"rendered":"Semaine du climat \u00e0 New-York Blog 1 : Le pouvoir du peuple"},"content":{"rendered":"<div class=\"et_d4_element et_pb_section et_pb_section_0 et_pb_with_background  et_pb_css_mix_blend_mode et_section_regular et_block_section\" >\n\t\t\t\t\n\t\t\t\t\n\t\t\t\t\n\t\t\t\t\n\t\t\t\t\n\t\t\t\t\n\t\t\t\t<div class=\"et_d4_element et_pb_row et_pb_row_0  et_pb_css_mix_blend_mode et_block_row\">\n\t\t\t\t<div class=\"et_d4_element et_pb_column_4_4 et_pb_column et_pb_column_0  et_pb_css_mix_blend_mode et-last-child et_block_column\">\n\t\t\t\t\n\t\t\t\t\n\t\t\t\t\n\t\t\t\t\n\t\t\t\t<div class=\"et_pb_module et_d4_element et_pb_text et_pb_text_0  et_pb_text_align_left et_pb_bg_layout_light\">\n\t\t\t\t\n\t\t\t\t\n\t\t\t\t\n\t\t\t\t\n\t\t\t\t<div class=\"et_pb_text_inner\"><!-- divi:paragraph --><\/p>\n<p>En septembre, la Fondation for Environment Stewardship (FES) \u00e9tait \u00e0 la Semaine du Climat \u00e0 New York. Cet article est le premier de trois articles partageant l'exp\u00e9rience et les r\u00e9flexions de Kat (directrice g\u00e9n\u00e9rale) et Jess (directrice de programme) \u00e0 la People\u2019s March, et ce que c'\u00e9tait d'\u00eatre avec plus de 75 000 personnes sur le terrain, militant pour l'action climatique.<\/p><\/div>\n\t\t\t<\/div><div class=\"et_pb_module et_d4_element et_pb_image et_pb_image_0\">\n\t\t\t\t\n\t\t\t\t\n\t\t\t\t\n\t\t\t\t\n\t\t\t\t<span class=\"et_pb_image_wrap\"><img data-recalc-dims=\"1\" loading=\"lazy\" decoding=\"async\" width=\"768\" height=\"1024\" src=\"https:\/\/i0.wp.com\/www.theyouthharbour.org\/wp-content\/uploads\/2023\/09\/Kat-at-Peoples-March.jpeg?resize=768%2C1024&#038;ssl=1\" alt=\"\" title=\"OLYMPUS DIGITAL CAMERA          Processed with VSCO with m5 preset\" srcset=\"https:\/\/i0.wp.com\/www.theyouthharbour.org\/wp-content\/uploads\/2023\/09\/Kat-at-Peoples-March.jpeg?w=768&ssl=1 768w, https:\/\/i0.wp.com\/www.theyouthharbour.org\/wp-content\/uploads\/2023\/09\/Kat-at-Peoples-March.jpeg?resize=225%2C300&ssl=1 225w, https:\/\/i0.wp.com\/www.theyouthharbour.org\/wp-content\/uploads\/2023\/09\/Kat-at-Peoples-March.jpeg?resize=9%2C12&ssl=1 9w, https:\/\/i0.wp.com\/www.theyouthharbour.org\/wp-content\/uploads\/2023\/09\/Kat-at-Peoples-March.jpeg?resize=480%2C640&ssl=1 480w\" sizes=\"(max-width: 768px) 100vw, 768px\" class=\"wp-image-28746\" \/><\/span>\n\t\t\t<\/div><div class=\"et_pb_module et_d4_element et_pb_text et_pb_text_1  et_pb_text_align_left et_pb_bg_layout_light\">\n\t\t\t\t\n\t\t\t\t\n\t\t\t\t\n\t\t\t\t\n\t\t\t\t<div class=\"et_pb_text_inner\"><p style=\"text-align: center;\"><span style=\"color: #808080;\"><i><span style=\"font-weight: 400;\">Description : Kat, directrice ex\u00e9cutive, lors de la marche de la Semaine du climat de New York pour mettre fin aux combustibles fossiles, brandissant une pancarte en faveur de la justice climatique.<\/span><\/i><\/span><\/p><\/div>\n\t\t\t<\/div><div class=\"et_pb_module et_d4_element et_pb_text et_pb_text_2  et_pb_text_align_left et_pb_bg_layout_light\">\n\t\t\t\t\n\t\t\t\t\n\t\t\t\t\n\t\t\t\t\n\t\t\t\t<div class=\"et_pb_text_inner\"><p><!-- divi:paragraph --><span style=\"font-weight: 400;\">On September 15, our Program Director and I, touched down in New York for Climate Week. Our journey was fueled by a recent staff gathering in Vancouver, where we envisioned FES' path to 2030 and had a strategy going into New York to amplify, learn, and fundraise.\u00a0<\/span><\/p>\n<p><span style=\"font-weight: 400;\">Chez nous, au Canada, une vague de coalitions port\u00e9es par des citoyens a \u00e9merg\u00e9.  Se mobilisant en faveur d'une transition juste loin des \u00e9nergies fossiles. Dans ce contexte, au d\u00e9but de l'\u00e9t\u00e9, nous avons mis en place des subventions aux assembl\u00e9es pour soutenir des initiatives locales similaires et des groupes communautaires pour qu'ils puissent participer \u00e0 ce type de rassemblements.<\/span><\/p>\n<p><span style=\"font-weight: 400;\"><\/span><\/p>\n<p><!-- \/divi:paragraph --><\/p><\/div>\n\t\t\t<\/div><div class=\"et_pb_module et_d4_element et_pb_image et_pb_image_1\">\n\t\t\t\t\n\t\t\t\t\n\t\t\t\t\n\t\t\t\t\n\t\t\t\t<span class=\"et_pb_image_wrap\"><img data-recalc-dims=\"1\" loading=\"lazy\" decoding=\"async\" width=\"907\" height=\"1600\" src=\"https:\/\/i0.wp.com\/www.theyouthharbour.org\/wp-content\/uploads\/2023\/09\/Global-Fight-to-End-Fuel.jpeg?resize=907%2C1600&#038;ssl=1\" alt=\"\" title=\"Global Fight to End Fuel\" srcset=\"https:\/\/i0.wp.com\/www.theyouthharbour.org\/wp-content\/uploads\/2023\/09\/Global-Fight-to-End-Fuel.jpeg?w=907&ssl=1 907w, https:\/\/i0.wp.com\/www.theyouthharbour.org\/wp-content\/uploads\/2023\/09\/Global-Fight-to-End-Fuel.jpeg?resize=170%2C300&ssl=1 170w, https:\/\/i0.wp.com\/www.theyouthharbour.org\/wp-content\/uploads\/2023\/09\/Global-Fight-to-End-Fuel.jpeg?resize=580%2C1024&ssl=1 580w, https:\/\/i0.wp.com\/www.theyouthharbour.org\/wp-content\/uploads\/2023\/09\/Global-Fight-to-End-Fuel.jpeg?resize=768%2C1355&ssl=1 768w, https:\/\/i0.wp.com\/www.theyouthharbour.org\/wp-content\/uploads\/2023\/09\/Global-Fight-to-End-Fuel.jpeg?resize=871%2C1536&ssl=1 871w, https:\/\/i0.wp.com\/www.theyouthharbour.org\/wp-content\/uploads\/2023\/09\/Global-Fight-to-End-Fuel.jpeg?resize=7%2C12&ssl=1 7w, https:\/\/i0.wp.com\/www.theyouthharbour.org\/wp-content\/uploads\/2023\/09\/Global-Fight-to-End-Fuel.jpeg?resize=480%2C847&ssl=1 480w\" sizes=\"(max-width: 907px) 100vw, 907px\" class=\"wp-image-28755\" \/><\/span>\n\t\t\t<\/div><div class=\"et_pb_module et_d4_element et_pb_text et_pb_text_3  et_pb_text_align_left et_pb_bg_layout_light\">\n\t\t\t\t\n\t\t\t\t\n\t\t\t\t\n\t\t\t\t\n\t\t\t\t<div class=\"et_pb_text_inner\"><p style=\"text-align: center;\"><span style=\"color: #808080;\"><i><span style=\"font-weight: 400;\">Description: Youth Harbour's logo on a poster by Fridays for Future - St. John\u2019s, featured on Tim Baker\u2019s Instagram<\/span><\/i><\/span><\/p><\/div>\n\t\t\t<\/div><div class=\"et_pb_module et_d4_element et_pb_text et_pb_text_4  et_pb_text_align_left et_pb_bg_layout_light\">\n\t\t\t\t\n\t\t\t\t\n\t\t\t\t\n\t\t\t\t\n\t\t\t\t<div class=\"et_pb_text_inner\"><p><!-- divi:paragraph --><span style=\"font-weight: 400;\"><\/span><\/p>\n<p><span style=\"font-weight: 400;\">While the heart of the action pulsed in Canada, we felt a compelling duty to join the strikes in New York. These weren't just protests; they were synchronized with global events like the UN General Assembly and the UN SDGs Summit, all leading to the monumental UN Secretary-General\u2019s Climate Ambition Summit.<\/span><\/p>\n<p><span style=\"font-weight: 400;\">En sortant du m\u00e9tro new-yorkais, la sc\u00e8ne \u00e9tait saisissante. Plus de 75 000 personnes, unies par une vision commune pour notre plan\u00e8te, marchaient comme une seule personne. Les rues r\u00e9sonnaient d\u2019un esprit solidaire : des enfants dans des espaces s\u00e9curis\u00e9s, des volontaires partageant leurs ressources et un concert de voix s'\u00e9levant \u00e0 l'unisson. Chaque pas t\u00e9moignant du pouvoir de l'action collective.<\/span><span style=\"font-weight: 400;\"><\/span><\/p>\n<p><span style=\"font-weight: 400;\"><\/span><\/p>\n<p><!-- \/divi:paragraph --><\/p><\/div>\n\t\t\t<\/div><div class=\"et_pb_module et_d4_element et_pb_image et_pb_image_2\">\n\t\t\t\t\n\t\t\t\t\n\t\t\t\t\n\t\t\t\t\n\t\t\t\t<span class=\"et_pb_image_wrap\"><img data-recalc-dims=\"1\" loading=\"lazy\" decoding=\"async\" width=\"1024\" height=\"576\" src=\"https:\/\/i0.wp.com\/www.theyouthharbour.org\/wp-content\/uploads\/2023\/09\/NYCW-Rally.jpeg?resize=1024%2C576&#038;ssl=1\" alt=\"\" title=\"OLYMPUS DIGITAL CAMERA          Processed with VSCO with a4 preset\" srcset=\"https:\/\/i0.wp.com\/www.theyouthharbour.org\/wp-content\/uploads\/2023\/09\/NYCW-Rally.jpeg?w=1024&ssl=1 1024w, https:\/\/i0.wp.com\/www.theyouthharbour.org\/wp-content\/uploads\/2023\/09\/NYCW-Rally.jpeg?resize=300%2C169&ssl=1 300w, https:\/\/i0.wp.com\/www.theyouthharbour.org\/wp-content\/uploads\/2023\/09\/NYCW-Rally.jpeg?resize=768%2C432&ssl=1 768w, https:\/\/i0.wp.com\/www.theyouthharbour.org\/wp-content\/uploads\/2023\/09\/NYCW-Rally.jpeg?resize=18%2C10&ssl=1 18w, https:\/\/i0.wp.com\/www.theyouthharbour.org\/wp-content\/uploads\/2023\/09\/NYCW-Rally.jpeg?resize=980%2C551&ssl=1 980w, https:\/\/i0.wp.com\/www.theyouthharbour.org\/wp-content\/uploads\/2023\/09\/NYCW-Rally.jpeg?resize=480%2C270&ssl=1 480w\" sizes=\"(max-width: 1024px) 100vw, 1024px\" class=\"wp-image-28756\" \/><\/span>\n\t\t\t<\/div><div class=\"et_pb_module et_d4_element et_pb_text et_pb_text_5  et_pb_text_align_left et_pb_bg_layout_light\">\n\t\t\t\t\n\t\t\t\t\n\t\t\t\t\n\t\t\t\t\n\t\t\t\t<div class=\"et_pb_text_inner\"><p style=\"text-align: center;\"><span style=\"color: #808080;\"><i><span style=\"font-weight: 400;\">Description: Demonstrations of people on the street in New York for Global Climate Strike.<\/span><\/i><\/span><\/p><\/div>\n\t\t\t<\/div><div class=\"et_pb_module et_d4_element et_pb_text et_pb_text_6  et_pb_text_align_left et_pb_bg_layout_light\">\n\t\t\t\t\n\t\t\t\t\n\t\t\t\t\n\t\t\t\t\n\t\t\t\t<div class=\"et_pb_text_inner\"><p><!-- divi:paragraph --><span style=\"font-weight: 400;\">On the eve of the march, I was drawn to \"Here Lies Love\" on Broadway, a narrative of the Philippines' Marcos era. Beyond its controversy, it spotlighted the People Power Movement, where citizens peacefully toppled an oppressive regime. A poignant line lingered: \"God draws straight with crooked lines.\" Marching through New York, the play's message intertwined with our mission. We marched for the vulnerable, for future generations, and in the footsteps of ancestors who believed in the might of the masses.<\/span><span style=\"font-weight: 400;\"><\/span><\/p>\n<p><span style=\"font-weight: 400;\">Alors que notre mouvement prend de l'ampleur, nous devons nous poser la question suivante : Quand ceux qui sont assis dans leur tour d'ivoire entendront-ils vraiment le grondement du peuple ?<\/span><\/p>\n<p><span style=\"font-weight: 400;\">C'est ainsi que nous avons commenc\u00e9 notre semaine, pleines d'\u00e9nergie et pr\u00eates \u00e0 faire bouger les choses. <\/span><\/p>\n<p><!-- \/divi:paragraph --><\/p><\/div>\n\t\t\t<\/div>\n\t\t\t<\/div>\n\t\t\t\t\n\t\t\t\t\n\t\t\t\t\n\t\t\t\t\n\t\t\t<\/div>\n\t\t\t\t\n\t\t\t\t\n\t\t\t<\/div>","protected":false},"excerpt":{"rendered":"<p>In September, FES was at New York Climate Week.<\/p>","protected":false},"author":3,"featured_media":28746,"comment_status":"open","ping_status":"open","sticky":false,"template":"","format":"standard","meta":{"_acf_changed":false,"nf_dc_page":"","_et_pb_use_builder":"on","_et_pb_old_content":"<!-- wp:paragraph -->\n<p>In September, FES was at New York Climate Week. The first of three blog posts sharing Kat\u2019s (Executive Director) and Jess\u2019 (Program Director) experience and reflections at the People\u2019s March, and what it was like being with over 75,000 people on the ground, advocating for climate action.<\/p>\n<!-- \/wp:paragraph -->\n\n<!-- wp:paragraph -->\n<p><\/p>\n<!-- \/wp:paragraph -->\n\n<!-- wp:paragraph -->\n<p><\/p>\n<!-- \/wp:paragraph -->","_et_gb_content_width":"","_jetpack_newsletter_access":"","_jetpack_dont_email_post_to_subs":false,"_jetpack_newsletter_tier_id":0,"_jetpack_memberships_contains_paywalled_content":false,"_jetpack_feature_clip_id":0,"_jetpack_memberships_contains_paid_content":false,"footnotes":"","jetpack_post_was_ever_published":false},"categories":[50],"tags":[],"class_list":["post-28745","post","type-post","status-publish","format-standard","has-post-thumbnail","hentry","category-our-updates"],"acf":[],"yoast_head":"<!-- This site is optimized with the Yoast SEO plugin v28.4 - https:\/\/yoast.com\/product\/yoast-seo-wordpress\/ -->\n<title>New York Climate Week Blog 1: People Power - The Youth Harbour<\/title>\n<meta name=\"robots\" content=\"index, follow, max-snippet:-1, max-image-preview:large, max-video-preview:-1\" \/>\n<link rel=\"canonical\" href=\"https:\/\/www.theyouthharbour.org\/fr\/our-updates\/new-york-climate-week-blog-1-people-power\/\" \/>\n<meta property=\"og:locale\" content=\"fr_CA\" \/>\n<meta property=\"og:type\" content=\"article\" \/>\n<meta property=\"og:title\" content=\"New York Climate Week Blog 1: People Power - The Youth Harbour\" \/>\n<meta property=\"og:description\" content=\"In September, FES was at New York Climate Week.\" \/>\n<meta property=\"og:url\" content=\"https:\/\/www.theyouthharbour.org\/fr\/our-updates\/new-york-climate-week-blog-1-people-power\/\" \/>\n<meta property=\"og:site_name\" content=\"The Youth Harbour\" \/>\n<meta property=\"article:published_time\" content=\"2023-09-29T16:53:01+00:00\" \/>\n<meta property=\"article:modified_time\" content=\"2023-10-05T21:00:58+00:00\" \/>\n<meta property=\"og:image\" content=\"https:\/\/i0.wp.com\/www.theyouthharbour.org\/wp-content\/uploads\/2023\/09\/Kat-at-Peoples-March.jpeg?fit=768%2C1024&ssl=1\" \/>\n\t<meta property=\"og:image:width\" content=\"768\" \/>\n\t<meta property=\"og:image:height\" content=\"1024\" \/>\n\t<meta property=\"og:image:type\" content=\"image\/jpeg\" \/>\n<meta name=\"author\" content=\"Kat Cadungog\" \/>\n<meta name=\"twitter:card\" content=\"summary_large_image\" \/>\n<meta name=\"twitter:label1\" content=\"\u00c9crit par\" \/>\n\t<meta name=\"twitter:data1\" content=\"Kat Cadungog\" \/>\n\t<meta name=\"twitter:label2\" content=\"Estimation du temps de lecture\" \/>\n\t<meta name=\"twitter:data2\" content=\"4 minutes\" \/>\n<script type=\"application\/ld+json\" class=\"yoast-schema-graph\">{\"@context\":\"https:\\\/\\\/schema.org\",\"@graph\":[{\"@type\":\"Article\",\"@id\":\"https:\\\/\\\/www.theyouthharbour.org\\\/our-updates\\\/new-york-climate-week-blog-1-people-power\\\/#article\",\"isPartOf\":{\"@id\":\"https:\\\/\\\/www.theyouthharbour.org\\\/our-updates\\\/new-york-climate-week-blog-1-people-power\\\/\"},\"author\":{\"name\":\"Kat Cadungog\",\"@id\":\"https:\\\/\\\/www.theyouthharbour.org\\\/#\\\/schema\\\/person\\\/af0d5c5cb9f2c054766f8bce0dbc5be8\"},\"headline\":\"New York Climate Week Blog 1: People Power\",\"datePublished\":\"2023-09-29T16:53:01+00:00\",\"dateModified\":\"2023-10-05T21:00:58+00:00\",\"mainEntityOfPage\":{\"@id\":\"https:\\\/\\\/www.theyouthharbour.org\\\/our-updates\\\/new-york-climate-week-blog-1-people-power\\\/\"},\"wordCount\":835,\"commentCount\":0,\"image\":{\"@id\":\"https:\\\/\\\/www.theyouthharbour.org\\\/our-updates\\\/new-york-climate-week-blog-1-people-power\\\/#primaryimage\"},\"thumbnailUrl\":\"https:\\\/\\\/i0.wp.com\\\/www.theyouthharbour.org\\\/wp-content\\\/uploads\\\/2023\\\/09\\\/Kat-at-Peoples-March.jpeg?fit=768%2C1024&ssl=1\",\"articleSection\":[\"Our Updates\"],\"inLanguage\":\"fr-CA\",\"potentialAction\":[{\"@type\":\"CommentAction\",\"name\":\"Comment\",\"target\":[\"https:\\\/\\\/www.theyouthharbour.org\\\/our-updates\\\/new-york-climate-week-blog-1-people-power\\\/#respond\"]}]},{\"@type\":\"WebPage\",\"@id\":\"https:\\\/\\\/www.theyouthharbour.org\\\/our-updates\\\/new-york-climate-week-blog-1-people-power\\\/\",\"url\":\"https:\\\/\\\/www.theyouthharbour.org\\\/our-updates\\\/new-york-climate-week-blog-1-people-power\\\/\",\"name\":\"New York Climate Week Blog 1: People Power - The Youth Harbour\",\"isPartOf\":{\"@id\":\"https:\\\/\\\/www.theyouthharbour.org\\\/#website\"},\"primaryImageOfPage\":{\"@id\":\"https:\\\/\\\/www.theyouthharbour.org\\\/our-updates\\\/new-york-climate-week-blog-1-people-power\\\/#primaryimage\"},\"image\":{\"@id\":\"https:\\\/\\\/www.theyouthharbour.org\\\/our-updates\\\/new-york-climate-week-blog-1-people-power\\\/#primaryimage\"},\"thumbnailUrl\":\"https:\\\/\\\/i0.wp.com\\\/www.theyouthharbour.org\\\/wp-content\\\/uploads\\\/2023\\\/09\\\/Kat-at-Peoples-March.jpeg?fit=768%2C1024&ssl=1\",\"datePublished\":\"2023-09-29T16:53:01+00:00\",\"dateModified\":\"2023-10-05T21:00:58+00:00\",\"author\":{\"@id\":\"https:\\\/\\\/www.theyouthharbour.org\\\/#\\\/schema\\\/person\\\/af0d5c5cb9f2c054766f8bce0dbc5be8\"},\"breadcrumb\":{\"@id\":\"https:\\\/\\\/www.theyouthharbour.org\\\/our-updates\\\/new-york-climate-week-blog-1-people-power\\\/#breadcrumb\"},\"inLanguage\":\"fr-CA\",\"potentialAction\":[{\"@type\":\"ReadAction\",\"target\":[\"https:\\\/\\\/www.theyouthharbour.org\\\/our-updates\\\/new-york-climate-week-blog-1-people-power\\\/\"]}]},{\"@type\":\"ImageObject\",\"inLanguage\":\"fr-CA\",\"@id\":\"https:\\\/\\\/www.theyouthharbour.org\\\/our-updates\\\/new-york-climate-week-blog-1-people-power\\\/#primaryimage\",\"url\":\"https:\\\/\\\/i0.wp.com\\\/www.theyouthharbour.org\\\/wp-content\\\/uploads\\\/2023\\\/09\\\/Kat-at-Peoples-March.jpeg?fit=768%2C1024&ssl=1\",\"contentUrl\":\"https:\\\/\\\/i0.wp.com\\\/www.theyouthharbour.org\\\/wp-content\\\/uploads\\\/2023\\\/09\\\/Kat-at-Peoples-March.jpeg?fit=768%2C1024&ssl=1\",\"width\":768,\"height\":1024,\"caption\":\"{\\\"key\\\":\\\"m5\\\"}\"},{\"@type\":\"BreadcrumbList\",\"@id\":\"https:\\\/\\\/www.theyouthharbour.org\\\/our-updates\\\/new-york-climate-week-blog-1-people-power\\\/#breadcrumb\",\"itemListElement\":[{\"@type\":\"ListItem\",\"position\":1,\"name\":\"Home\",\"item\":\"https:\\\/\\\/www.theyouthharbour.org\\\/\"},{\"@type\":\"ListItem\",\"position\":2,\"name\":\"New York Climate Week Blog 1: People Power\"}]},{\"@type\":\"WebSite\",\"@id\":\"https:\\\/\\\/www.theyouthharbour.org\\\/#website\",\"url\":\"https:\\\/\\\/www.theyouthharbour.org\\\/\",\"name\":\"The Youth Harbour\",\"description\":\"Youth-for-youth climate support system.\",\"potentialAction\":[{\"@type\":\"SearchAction\",\"target\":{\"@type\":\"EntryPoint\",\"urlTemplate\":\"https:\\\/\\\/www.theyouthharbour.org\\\/?s={search_term_string}\"},\"query-input\":{\"@type\":\"PropertyValueSpecification\",\"valueRequired\":true,\"valueName\":\"search_term_string\"}}],\"inLanguage\":\"fr-CA\"},{\"@type\":\"Person\",\"@id\":\"https:\\\/\\\/www.theyouthharbour.org\\\/#\\\/schema\\\/person\\\/af0d5c5cb9f2c054766f8bce0dbc5be8\",\"name\":\"Kat Cadungog\",\"image\":{\"@type\":\"ImageObject\",\"inLanguage\":\"fr-CA\",\"@id\":\"https:\\\/\\\/secure.gravatar.com\\\/avatar\\\/1f4523f728d9a325b47bbc32472f83f39bde60cb6fcfc6e4be5e30e6c1f4bd31?s=96&d=mm&r=g\",\"url\":\"https:\\\/\\\/secure.gravatar.com\\\/avatar\\\/1f4523f728d9a325b47bbc32472f83f39bde60cb6fcfc6e4be5e30e6c1f4bd31?s=96&d=mm&r=g\",\"contentUrl\":\"https:\\\/\\\/secure.gravatar.com\\\/avatar\\\/1f4523f728d9a325b47bbc32472f83f39bde60cb6fcfc6e4be5e30e6c1f4bd31?s=96&d=mm&r=g\",\"caption\":\"Kat Cadungog\"},\"url\":\"https:\\\/\\\/www.theyouthharbour.org\\\/fr\\\/author\\\/kat-cadungog\\\/\"}]}<\/script>\n<!-- \/ Yoast SEO plugin. -->","yoast_head_json":{"title":"New York Climate Week Blog 1: People Power - The Youth Harbour","robots":{"index":"index","follow":"follow","max-snippet":"max-snippet:-1","max-image-preview":"max-image-preview:large","max-video-preview":"max-video-preview:-1"},"canonical":"https:\/\/www.theyouthharbour.org\/fr\/our-updates\/new-york-climate-week-blog-1-people-power\/","og_locale":"fr_CA","og_type":"article","og_title":"New York Climate Week Blog 1: People Power - The Youth Harbour","og_description":"In September, FES was at New York Climate Week.","og_url":"https:\/\/www.theyouthharbour.org\/fr\/our-updates\/new-york-climate-week-blog-1-people-power\/","og_site_name":"The Youth Harbour","article_published_time":"2023-09-29T16:53:01+00:00","article_modified_time":"2023-10-05T21:00:58+00:00","og_image":[{"width":768,"height":1024,"url":"https:\/\/i0.wp.com\/www.theyouthharbour.org\/wp-content\/uploads\/2023\/09\/Kat-at-Peoples-March.jpeg?fit=768%2C1024&ssl=1","type":"image\/jpeg"}],"author":"Kat Cadungog","twitter_card":"summary_large_image","twitter_misc":{"\u00c9crit par":"Kat Cadungog","Estimation du temps de lecture":"4 minutes"},"schema":{"@context":"https:\/\/schema.org","@graph":[{"@type":"Article","@id":"https:\/\/www.theyouthharbour.org\/our-updates\/new-york-climate-week-blog-1-people-power\/#article","isPartOf":{"@id":"https:\/\/www.theyouthharbour.org\/our-updates\/new-york-climate-week-blog-1-people-power\/"},"author":{"name":"Kat Cadungog","@id":"https:\/\/www.theyouthharbour.org\/#\/schema\/person\/af0d5c5cb9f2c054766f8bce0dbc5be8"},"headline":"New York Climate Week Blog 1: People Power","datePublished":"2023-09-29T16:53:01+00:00","dateModified":"2023-10-05T21:00:58+00:00","mainEntityOfPage":{"@id":"https:\/\/www.theyouthharbour.org\/our-updates\/new-york-climate-week-blog-1-people-power\/"},"wordCount":835,"commentCount":0,"image":{"@id":"https:\/\/www.theyouthharbour.org\/our-updates\/new-york-climate-week-blog-1-people-power\/#primaryimage"},"thumbnailUrl":"https:\/\/i0.wp.com\/www.theyouthharbour.org\/wp-content\/uploads\/2023\/09\/Kat-at-Peoples-March.jpeg?fit=768%2C1024&ssl=1","articleSection":["Our Updates"],"inLanguage":"fr-CA","potentialAction":[{"@type":"CommentAction","name":"Comment","target":["https:\/\/www.theyouthharbour.org\/our-updates\/new-york-climate-week-blog-1-people-power\/#respond"]}]},{"@type":"WebPage","@id":"https:\/\/www.theyouthharbour.org\/our-updates\/new-york-climate-week-blog-1-people-power\/","url":"https:\/\/www.theyouthharbour.org\/our-updates\/new-york-climate-week-blog-1-people-power\/","name":"New York Climate Week Blog 1: People Power - The Youth Harbour","isPartOf":{"@id":"https:\/\/www.theyouthharbour.org\/#website"},"primaryImageOfPage":{"@id":"https:\/\/www.theyouthharbour.org\/our-updates\/new-york-climate-week-blog-1-people-power\/#primaryimage"},"image":{"@id":"https:\/\/www.theyouthharbour.org\/our-updates\/new-york-climate-week-blog-1-people-power\/#primaryimage"},"thumbnailUrl":"https:\/\/i0.wp.com\/www.theyouthharbour.org\/wp-content\/uploads\/2023\/09\/Kat-at-Peoples-March.jpeg?fit=768%2C1024&ssl=1","datePublished":"2023-09-29T16:53:01+00:00","dateModified":"2023-10-05T21:00:58+00:00","author":{"@id":"https:\/\/www.theyouthharbour.org\/#\/schema\/person\/af0d5c5cb9f2c054766f8bce0dbc5be8"},"breadcrumb":{"@id":"https:\/\/www.theyouthharbour.org\/our-updates\/new-york-climate-week-blog-1-people-power\/#breadcrumb"},"inLanguage":"fr-CA","potentialAction":[{"@type":"ReadAction","target":["https:\/\/www.theyouthharbour.org\/our-updates\/new-york-climate-week-blog-1-people-power\/"]}]},{"@type":"ImageObject","inLanguage":"fr-CA","@id":"https:\/\/www.theyouthharbour.org\/our-updates\/new-york-climate-week-blog-1-people-power\/#primaryimage","url":"https:\/\/i0.wp.com\/www.theyouthharbour.org\/wp-content\/uploads\/2023\/09\/Kat-at-Peoples-March.jpeg?fit=768%2C1024&ssl=1","contentUrl":"https:\/\/i0.wp.com\/www.theyouthharbour.org\/wp-content\/uploads\/2023\/09\/Kat-at-Peoples-March.jpeg?fit=768%2C1024&ssl=1","width":768,"height":1024,"caption":"{\"key\":\"m5\"}"},{"@type":"BreadcrumbList","@id":"https:\/\/www.theyouthharbour.org\/our-updates\/new-york-climate-week-blog-1-people-power\/#breadcrumb","itemListElement":[{"@type":"ListItem","position":1,"name":"Home","item":"https:\/\/www.theyouthharbour.org\/"},{"@type":"ListItem","position":2,"name":"New York Climate Week Blog 1: People Power"}]},{"@type":"WebSite","@id":"https:\/\/www.theyouthharbour.org\/#website","url":"https:\/\/www.theyouthharbour.org\/","name":"Le Havre jeunesse","description":"Youth-for-youth climate support system.","potentialAction":[{"@type":"SearchAction","target":{"@type":"EntryPoint","urlTemplate":"https:\/\/www.theyouthharbour.org\/?s={search_term_string}"},"query-input":{"@type":"PropertyValueSpecification","valueRequired":true,"valueName":"search_term_string"}}],"inLanguage":"fr-CA"},{"@type":"Person","@id":"https:\/\/www.theyouthharbour.org\/#\/schema\/person\/af0d5c5cb9f2c054766f8bce0dbc5be8","name":"Kat Cadungog","image":{"@type":"ImageObject","inLanguage":"fr-CA","@id":"https:\/\/secure.gravatar.com\/avatar\/1f4523f728d9a325b47bbc32472f83f39bde60cb6fcfc6e4be5e30e6c1f4bd31?s=96&d=mm&r=g","url":"https:\/\/secure.gravatar.com\/avatar\/1f4523f728d9a325b47bbc32472f83f39bde60cb6fcfc6e4be5e30e6c1f4bd31?s=96&d=mm&r=g","contentUrl":"https:\/\/secure.gravatar.com\/avatar\/1f4523f728d9a325b47bbc32472f83f39bde60cb6fcfc6e4be5e30e6c1f4bd31?s=96&d=mm&r=g","caption":"Kat Cadungog"},"url":"https:\/\/www.theyouthharbour.org\/fr\/author\/kat-cadungog\/"}]}},"jetpack_sharing_enabled":true,"jetpack_featured_media_url":"https:\/\/i0.wp.com\/www.theyouthharbour.org\/wp-content\/uploads\/2023\/09\/Kat-at-Peoples-March.jpeg?fit=768%2C1024&ssl=1","_links":{"self":[{"href":"https:\/\/www.theyouthharbour.org\/fr\/wp-json\/wp\/v2\/posts\/28745","targetHints":{"allow":["GET"]}}],"collection":[{"href":"https:\/\/www.theyouthharbour.org\/fr\/wp-json\/wp\/v2\/posts"}],"about":[{"href":"https:\/\/www.theyouthharbour.org\/fr\/wp-json\/wp\/v2\/types\/post"}],"author":[{"embeddable":true,"href":"https:\/\/www.theyouthharbour.org\/fr\/wp-json\/wp\/v2\/users\/3"}],"replies":[{"embeddable":true,"href":"https:\/\/www.theyouthharbour.org\/fr\/wp-json\/wp\/v2\/comments?post=28745"}],"version-history":[{"count":5,"href":"https:\/\/www.theyouthharbour.org\/fr\/wp-json\/wp\/v2\/posts\/28745\/revisions"}],"predecessor-version":[{"id":28789,"href":"https:\/\/www.theyouthharbour.org\/fr\/wp-json\/wp\/v2\/posts\/28745\/revisions\/28789"}],"wp:featuredmedia":[{"embeddable":true,"href":"https:\/\/www.theyouthharbour.org\/fr\/wp-json\/wp\/v2\/media\/28746"}],"wp:attachment":[{"href":"https:\/\/www.theyouthharbour.org\/fr\/wp-json\/wp\/v2\/media?parent=28745"}],"wp:term":[{"taxonomy":"category","embeddable":true,"href":"https:\/\/www.theyouthharbour.org\/fr\/wp-json\/wp\/v2\/categories?post=28745"},{"taxonomy":"post_tag","embeddable":true,"href":"https:\/\/www.theyouthharbour.org\/fr\/wp-json\/wp\/v2\/tags?post=28745"}],"curies":[{"name":"wp","href":"https:\/\/api.w.org\/{rel}","templated":true}]}}