{"id":29724,"date":"2024-05-15T17:34:26","date_gmt":"2024-05-15T17:34:26","guid":{"rendered":"https:\/\/www.theyouthharbour.org\/?p=29724"},"modified":"2024-05-15T17:45:00","modified_gmt":"2024-05-15T17:45:00","slug":"board-member","status":"publish","type":"post","link":"https:\/\/www.theyouthharbour.org\/fr\/opportunities\/board-member\/","title":{"rendered":"Rejoindre son conseil d'administration !"},"content":{"rendered":"<div class=\"et_d4_element et_pb_section et_pb_section_0 et_pb_with_background  et_pb_css_mix_blend_mode et_section_regular et_block_section\" >\n\t\t\t\t\n\t\t\t\t\n\t\t\t\t\n\t\t\t\t\n\t\t\t\t\n\t\t\t\t\n\t\t\t\t<div class=\"et_d4_element et_pb_row et_pb_row_0  et_pb_css_mix_blend_mode et_block_row\">\n\t\t\t\t<div class=\"et_d4_element et_pb_column_4_4 et_pb_column et_pb_column_0  et_pb_css_mix_blend_mode et-last-child et_block_column\">\n\t\t\t\t\n\t\t\t\t\n\t\t\t\t\n\t\t\t\t\n\t\t\t\t<div class=\"et_pb_module et_d4_element et_pb_text et_pb_text_0  et_pb_text_align_left et_pb_bg_layout_light\">\n\t\t\t\t\n\t\t\t\t\n\t\t\t\t\n\t\t\t\t\n\t\t\t\t<div class=\"et_pb_text_inner\"><p><span style=\"font-weight: 400;\">\u00cates-vous un agent de changement qui cherche \u00e0 avoir un impact sur le secteur de la jeunesse climatique dans ce qu'on appelle le Canada ? Connaissez-vous une personne motiv\u00e9e qui serait un excellent ajout au conseil d'administration de FES ? Le conseil d'administration de la FES lance un appel \u00e0 candidatures !<\/span><\/p>\n<p><span style=\"font-weight: 400;\"><\/span><\/p>\n<h4 style=\"text-align: left;\"><span style=\"color: #dc0b00;\"><a href=\"https:\/\/www.theyouthharbour.org\/wp-content\/uploads\/2024\/05\/Board-Member-Volunteer-Description-FR.docx.pdf\" style=\"color: #dc0b00;\"><span style=\"text-decoration: underline;\">Postulez avant le 14 juin 2024<\/span><\/a><\/span><\/h4>\n<p><span style=\"text-decoration: underline;\"><\/span><\/p>\n<h2 style=\"text-align: left;\"><\/h2><\/div>\n\t\t\t<\/div><div class=\"et_pb_module et_d4_element et_pb_divider et_pb_divider_0 et_pb_space\"><div class=\"et_pb_divider_internal\"><\/div><\/div><div class=\"et_pb_module et_d4_element et_pb_text et_pb_text_1  et_pb_text_align_left et_pb_bg_layout_light\">\n\t\t\t\t\n\t\t\t\t\n\t\t\t\t\n\t\t\t\t\n\t\t\t\t<div class=\"et_pb_text_inner\"><p><span style=\"text-decoration: underline;\"><\/span><\/p>\n<h3>Ce que nous cherchons<\/h3>\n<p><span style=\"font-weight: 400;\"><\/span><\/p>\n<p><span style=\"font-weight: 400;\">Nous sommes \u00e0 la recherche de personnes souhaitant avoir un impact sur le secteur de la jeunesse climatique et sur le secteur de la jeunesse philanthropique au Canada.<\/span><\/p>\n<p><span style=\"font-size: 14px;\">Les directeur.trice.s de FES aident \u00e0 guider notre strat\u00e9gie en tant qu'organisation et servent de d\u00e9fenseurs et d'ambassadeurs actifs pour l'organisation. Les membres du conseil d'administration de FES aident \u00e0 mener la mission de l'organisation et soutiennent les besoins de l'organisation et du personnel.\u00a0<\/span><\/p>\n<p><span style=\"font-weight: 400;\">\u00a0<\/span><span style=\"font-size: 14px;\">En rejoignant le conseil d'administration de FES, vous aurez la possibilit\u00e9 d'entrer en contact et de soutenir directement le travail des jeunes leaders, et vous aurez l'occasion de partager vos comp\u00e9tences, vos connaissances, votre expertise et vos id\u00e9es pour faire une diff\u00e9rence \u00e0 long terme dans le secteur du climat.<\/span><\/p>\n<p><span style=\"font-weight: 400;\">Si vous \u00eates\u2026<\/span><\/p>\n<ul>\n<li style=\"font-weight: 400;\" aria-level=\"1\"><span style=\"font-weight: 400;\">engag\u00e9.e dans l'objectif collectif de FES de soutenir les jeunes leaders dans le secteur climatique et de conduire le changement,<\/span><\/li>\n<li style=\"font-weight: 400;\" aria-level=\"1\"><span style=\"font-weight: 400;\">engag\u00e9.e \u00e0 soutenir la strat\u00e9gie, la mission, les politiques, les programmes et les besoins de FES,<\/span><\/li>\n<li style=\"font-weight: 400;\" aria-level=\"1\"><span style=\"font-weight: 400;\">un.e leader ayant de l'exp\u00e9rience ou un int\u00e9r\u00eat marqu\u00e9 pour la gouvernance et la strat\u00e9gie,\u00a0<\/span><\/li>\n<li style=\"font-weight: 400;\" aria-level=\"1\"><span style=\"font-weight: 400;\">un.e professionnelle exp\u00e9riment\u00e9.e dans les domaines de la collecte de fonds, de la gestion juridique et financi\u00e8re ou de la communication et des relations publiques,<\/span><\/li>\n<li style=\"font-weight: 400;\" aria-level=\"1\"><span style=\"font-weight: 400;\">une personne curieuse et tourn\u00e9e vers l'avenir, capable de travailler en collaboration et de mani\u00e8re r\u00e9active,<\/span><\/li>\n<li style=\"font-weight: 400;\" aria-level=\"1\"><span style=\"font-weight: 400;\">a des connaissances sur le secteur \u00e0 but non lucratif, sur le paysage philanthropique canadien ou sur les approches locales du changement social,<\/span><\/li>\n<\/ul>\n<p><span style=\"font-weight: 400;\">... alors nous vous invitons \u00e0 poser votre candidature maintenant !<\/span><\/p><\/div>\n\t\t\t<\/div><div class=\"et_pb_module et_d4_element et_pb_divider et_pb_divider_1 et_pb_space\"><div class=\"et_pb_divider_internal\"><\/div><\/div><div class=\"et_pb_module et_d4_element et_pb_text et_pb_text_2  et_pb_text_align_left et_pb_bg_layout_light\">\n\t\t\t\t\n\t\t\t\t\n\t\t\t\t\n\t\t\t\t\n\t\t\t\t<div class=\"et_pb_text_inner\"><p><span style=\"text-decoration: underline;\"><\/span><\/p>\n<p><b style=\"font-size: 22px;\">Les comp\u00e9tences, perspectives et expertises<\/b><\/p>\n<p><span style=\"font-weight: 400;\"><\/span><\/p>\n<p><span style=\"font-weight: 400;\"><\/span><span style=\"font-weight: 400;\">Actuellement, FES recherche des candidat.e.s ayant des comp\u00e9tences professionnelles, des perspectives et une expertise dans des domaines sp\u00e9cifiques et est particuli\u00e8rement int\u00e9ress\u00e9e par des candidat.e.s qui :<\/span><\/p>\n<ul>\n<li><span style=\"font-size: 14px;\">sont des jeunes ayant de l'exp\u00e9rience dans un organisation communautaire, le changement et\/ou l'activisme social, ou\u00a0<\/span><\/li>\n<li style=\"font-weight: 400;\" aria-level=\"1\"><span style=\"font-weight: 400;\">sont des personnes ayant des connaissances et\/ou un int\u00e9r\u00eat marqu\u00e9 pour la communaut\u00e9 et le domaine dans lequel l'organisation caritative op\u00e8re, ou<\/span><\/li>\n<li style=\"font-weight: 400;\" aria-level=\"1\"><span style=\"font-weight: 400;\">poss\u00e8dent les comp\u00e9tences cl\u00e9s suivantes :\u00a0<\/span><\/li>\n<ul>\n<li style=\"font-weight: 400;\" aria-level=\"2\"><span style=\"font-weight: 400;\">Exp\u00e9rience de la collecte de fonds<\/span><\/li>\n<li style=\"font-weight: 400;\" aria-level=\"2\"><span style=\"font-weight: 400;\">Exp\u00e9rience de la gestion juridique et financi\u00e8re<\/span><\/li>\n<li style=\"font-weight: 400;\" aria-level=\"2\"><span style=\"font-weight: 400;\">Exp\u00e9rience en mati\u00e8re de communication et de relations publiques.\u00a0<\/span><\/li>\n<\/ul>\n<\/ul>\n<p><span style=\"font-weight: 400;\">Le conseil d'administration de FES est compos\u00e9 \u00e0 50 % de jeunes, de 18 \u00e0 30 ans au d\u00e9but de leur mandat. <b>Nous encourageons vivement les jeunes \u00e0 poser leur candidature,<\/b> car il n'est pas n\u00e9cessaire d'avoir une exp\u00e9rience pr\u00e9alable au sein d'un conseil d'administration. FES recherche activement l'\u00e9quit\u00e9 et la diversit\u00e9 au sein de notre personnel et de notre conseil d'administration, afin de repr\u00e9senter les communaut\u00e9s de notre r\u00e9seau et de l'ensemble du Canada. <\/span><\/p>\n<p><span style=\"font-weight: 400;\">Nous accueillons les contributions et les perspectives uniques que les gens peuvent apporter en termes d'exp\u00e9riences v\u00e9cues, de situation g\u00e9ographique, d'\u00e9ducation, de culture, d'ethnicit\u00e9, de statut autochtone, de race, de langues parl\u00e9es, d'identit\u00e9 et d'expression de genre, d'\u00e2ge, de religion, de handicap, d'orientation sexuelle et de croyances. La capacit\u00e9 de parler, d'\u00e9crire et de communiquer en fran\u00e7ais est un atout important, et FES peut accueillir des directeur.trice.s dont la langue principale de communication est soit l'anglais, soit le fran\u00e7ais. <\/span><\/p>\n<p><span style=\"font-weight: 400;\">Veuillez consulter la <span style=\"text-decoration: underline;\"><a href=\"https:\/\/www.theyouthharbour.org\/wp-content\/uploads\/2024\/05\/Board-Member-Volunteer-Description-FR.docx.pdf\">description compl\u00e8te du poste <\/a><\/span><\/span><span style=\"text-decoration: underline;\"><a href=\"https:\/\/www.theyouthharbour.org\/wp-content\/uploads\/2024\/05\/Board-Member-Volunteer-Description-FR.docx.pdf\"><span style=\"font-weight: 400;\">du poste<\/span><\/a><\/span><span style=\"font-weight: 400;\"> pour obtenir tous les d\u00e9tails du poste et les instructions pour soumettre une candidature ! Pour toute question, veuillez vous adresser \u00e0 <\/span><span style=\"text-decoration: underline;\"><a href=\"mailto:admin@fesplanet.org.\"><span style=\"font-weight: 400;\">admin@fesplanet.org.<\/span><\/a><\/span><\/p><\/div>\n\t\t\t<\/div><div class=\"et_pb_module et_d4_element et_pb_divider et_pb_divider_2 et_pb_space\"><div class=\"et_pb_divider_internal\"><\/div><\/div><div class=\"et_pb_module et_d4_element et_pb_text et_pb_text_3  et_pb_text_align_left et_pb_bg_layout_light\">\n\t\t\t\t\n\t\t\t\t\n\t\t\t\t\n\t\t\t\t\n\t\t\t\t<div class=\"et_pb_text_inner\"><h2 style=\"text-align: left;\"><\/h2>\n<h2 style=\"text-align: left;\"><a href=\"https:\/\/www.theyouthharbour.org\/wp-content\/uploads\/2024\/05\/Board-Member-Volunteer-Description-FR.docx.pdf\"><span style=\"text-decoration: underline;\">Description du poste PDF<\/span><\/a><\/h2><\/div>\n\t\t\t<\/div><div class=\"et_pb_button_module_wrapper et_pb_button_0_wrapper et_pb_button_alignment_left et_pb_module\">\n\t\t\t\t<a class=\"et_pb_button et_d4_element et_pb_button_0 et_pb_bg_layout_light et_block_module\" href=\"mailto:admin@FESplanet.org\">FAIRE UNE DEMANDE<\/a>\n\t\t\t<\/div>\n\t\t\t<\/div>\n\t\t\t\t\n\t\t\t\t\n\t\t\t\t\n\t\t\t\t\n\t\t\t<\/div>\n\t\t\t\t\n\t\t\t\t\n\t\t\t<\/div>","protected":false},"excerpt":{"rendered":"<p>FES is launching a call for applications to join our Board of Directors! <\/p>","protected":false},"author":1,"featured_media":29725,"comment_status":"closed","ping_status":"open","sticky":false,"template":"","format":"standard","meta":{"_acf_changed":false,"nf_dc_page":"","_et_pb_use_builder":"on","_et_pb_old_content":"<!-- wp:paragraph -->\n<p class=\"\">The successful candidate will play a key role in supporting FES\u2019 The Youth Harbour program. Reporting directly to both managers, the Resource Coordinator will primarily be responsible for supporting external partners and internal partners with developing resources and fostering connections across the sector for the success of The Youth Harbour\u2019s various projects. The Resource Coordinator will perform research, outreach, partnership management and content development, while also handling some administrative tasks as necessary. The main tasks of this role include outreach to participants, researching and gathering resources for the network, document and material development, and being a point of contact for grantees and partners. The Resource Coordinator will be responsible for prospecting key partners for youth leaders and matching youth leaders with relevant mentors and support partners. The Resource Coordinator has a unique opportunity to be in a position to respond directly to the needs of youth in this sector.&nbsp;<\/p>\n<!-- \/wp:paragraph -->\n\n<!-- wp:paragraph -->\n<p class=\"\">The Resource Coordinator will work directly with the Partnerships &amp; Development Manager and the Program &amp; Grants Manager to assess the needs of youth within the Youth Harbour program and align material development and resource support with program objectives. They will respond to the guidance and direction provided by The Youth Harbor managerial team to ensure cohesive program execution.<\/p>\n<!-- \/wp:paragraph -->\n\n<!-- wp:paragraph -->\n<p class=\"\"><strong>PAY:<\/strong> $26\/hr<\/p>\n<!-- \/wp:paragraph -->\n\n<!-- wp:paragraph -->\n<p class=\"\"><strong>NUMBER OF POSITIONS:<\/strong> 1<\/p>\n<!-- \/wp:paragraph -->\n\n<!-- wp:paragraph -->\n<p class=\"\"><strong>START DATE:<\/strong> January 29, 2024<\/p>\n<!-- \/wp:paragraph -->\n\n<!-- wp:paragraph -->\n<p class=\"\"><strong>END DATE:<\/strong> December 31, 2025 with a possibility for extension<\/p>\n<!-- \/wp:paragraph -->\n\n<!-- wp:paragraph -->\n<p class=\"\"><\/p>\n<!-- \/wp:paragraph -->","_et_gb_content_width":"","_jetpack_newsletter_access":"","_jetpack_dont_email_post_to_subs":false,"_jetpack_newsletter_tier_id":0,"_jetpack_memberships_contains_paywalled_content":false,"_jetpack_feature_clip_id":0,"_jetpack_memberships_contains_paid_content":false,"footnotes":"","jetpack_post_was_ever_published":false},"categories":[9],"tags":[],"class_list":["post-29724","post","type-post","status-publish","format-standard","has-post-thumbnail","hentry","category-opportunities"],"acf":[],"yoast_head":"<!-- This site is optimized with the Yoast SEO plugin v28.4 - https:\/\/yoast.com\/product\/yoast-seo-wordpress\/ -->\n<title>Join our Board of Directors! - The Youth Harbour<\/title>\n<meta name=\"robots\" content=\"index, follow, max-snippet:-1, max-image-preview:large, max-video-preview:-1\" \/>\n<link rel=\"canonical\" href=\"https:\/\/www.theyouthharbour.org\/fr\/opportunities\/board-member\/\" \/>\n<meta property=\"og:locale\" content=\"fr_CA\" \/>\n<meta property=\"og:type\" content=\"article\" \/>\n<meta property=\"og:title\" content=\"Join our Board of Directors! - The Youth Harbour\" \/>\n<meta property=\"og:description\" content=\"FES is launching a call for applications to join our Board of Directors!\" \/>\n<meta property=\"og:url\" content=\"https:\/\/www.theyouthharbour.org\/fr\/opportunities\/board-member\/\" \/>\n<meta property=\"og:site_name\" content=\"The Youth Harbour\" \/>\n<meta property=\"article:published_time\" content=\"2024-05-15T17:34:26+00:00\" \/>\n<meta property=\"article:modified_time\" content=\"2024-05-15T17:45:00+00:00\" \/>\n<meta property=\"og:image\" content=\"https:\/\/i0.wp.com\/www.theyouthharbour.org\/wp-content\/uploads\/2024\/05\/Board-Member.png?fit=600%2C400&ssl=1\" \/>\n\t<meta property=\"og:image:width\" content=\"600\" \/>\n\t<meta property=\"og:image:height\" content=\"400\" \/>\n\t<meta property=\"og:image:type\" content=\"image\/png\" \/>\n<meta name=\"author\" content=\"The Youth Harbour\" \/>\n<meta name=\"twitter:card\" content=\"summary_large_image\" \/>\n<meta name=\"twitter:label1\" content=\"\u00c9crit par\" \/>\n\t<meta name=\"twitter:data1\" content=\"The Youth Harbour\" \/>\n\t<meta name=\"twitter:label2\" content=\"Estimation du temps de lecture\" \/>\n\t<meta name=\"twitter:data2\" content=\"3 minutes\" \/>\n<script type=\"application\/ld+json\" class=\"yoast-schema-graph\">{\"@context\":\"https:\\\/\\\/schema.org\",\"@graph\":[{\"@type\":\"Article\",\"@id\":\"https:\\\/\\\/www.theyouthharbour.org\\\/opportunities\\\/board-member\\\/#article\",\"isPartOf\":{\"@id\":\"https:\\\/\\\/www.theyouthharbour.org\\\/opportunities\\\/board-member\\\/\"},\"author\":{\"name\":\"The Youth Harbour\",\"@id\":\"https:\\\/\\\/www.theyouthharbour.org\\\/#\\\/schema\\\/person\\\/90bf195f445bbb2bacba3f261e4c26e4\"},\"headline\":\"Join our Board of Directors!\",\"datePublished\":\"2024-05-15T17:34:26+00:00\",\"dateModified\":\"2024-05-15T17:45:00+00:00\",\"mainEntityOfPage\":{\"@id\":\"https:\\\/\\\/www.theyouthharbour.org\\\/opportunities\\\/board-member\\\/\"},\"wordCount\":873,\"image\":{\"@id\":\"https:\\\/\\\/www.theyouthharbour.org\\\/opportunities\\\/board-member\\\/#primaryimage\"},\"thumbnailUrl\":\"https:\\\/\\\/i0.wp.com\\\/www.theyouthharbour.org\\\/wp-content\\\/uploads\\\/2024\\\/05\\\/Board-Member.png?fit=600%2C400&ssl=1\",\"articleSection\":[\"Opportunities\"],\"inLanguage\":\"fr-CA\"},{\"@type\":\"WebPage\",\"@id\":\"https:\\\/\\\/www.theyouthharbour.org\\\/opportunities\\\/board-member\\\/\",\"url\":\"https:\\\/\\\/www.theyouthharbour.org\\\/opportunities\\\/board-member\\\/\",\"name\":\"Join our Board of Directors! - The Youth Harbour\",\"isPartOf\":{\"@id\":\"https:\\\/\\\/www.theyouthharbour.org\\\/#website\"},\"primaryImageOfPage\":{\"@id\":\"https:\\\/\\\/www.theyouthharbour.org\\\/opportunities\\\/board-member\\\/#primaryimage\"},\"image\":{\"@id\":\"https:\\\/\\\/www.theyouthharbour.org\\\/opportunities\\\/board-member\\\/#primaryimage\"},\"thumbnailUrl\":\"https:\\\/\\\/i0.wp.com\\\/www.theyouthharbour.org\\\/wp-content\\\/uploads\\\/2024\\\/05\\\/Board-Member.png?fit=600%2C400&ssl=1\",\"datePublished\":\"2024-05-15T17:34:26+00:00\",\"dateModified\":\"2024-05-15T17:45:00+00:00\",\"author\":{\"@id\":\"https:\\\/\\\/www.theyouthharbour.org\\\/#\\\/schema\\\/person\\\/90bf195f445bbb2bacba3f261e4c26e4\"},\"breadcrumb\":{\"@id\":\"https:\\\/\\\/www.theyouthharbour.org\\\/opportunities\\\/board-member\\\/#breadcrumb\"},\"inLanguage\":\"fr-CA\",\"potentialAction\":[{\"@type\":\"ReadAction\",\"target\":[\"https:\\\/\\\/www.theyouthharbour.org\\\/opportunities\\\/board-member\\\/\"]}]},{\"@type\":\"ImageObject\",\"inLanguage\":\"fr-CA\",\"@id\":\"https:\\\/\\\/www.theyouthharbour.org\\\/opportunities\\\/board-member\\\/#primaryimage\",\"url\":\"https:\\\/\\\/i0.wp.com\\\/www.theyouthharbour.org\\\/wp-content\\\/uploads\\\/2024\\\/05\\\/Board-Member.png?fit=600%2C400&ssl=1\",\"contentUrl\":\"https:\\\/\\\/i0.wp.com\\\/www.theyouthharbour.org\\\/wp-content\\\/uploads\\\/2024\\\/05\\\/Board-Member.png?fit=600%2C400&ssl=1\",\"width\":600,\"height\":400},{\"@type\":\"BreadcrumbList\",\"@id\":\"https:\\\/\\\/www.theyouthharbour.org\\\/opportunities\\\/board-member\\\/#breadcrumb\",\"itemListElement\":[{\"@type\":\"ListItem\",\"position\":1,\"name\":\"Home\",\"item\":\"https:\\\/\\\/www.theyouthharbour.org\\\/\"},{\"@type\":\"ListItem\",\"position\":2,\"name\":\"Join our Board of Directors!\"}]},{\"@type\":\"WebSite\",\"@id\":\"https:\\\/\\\/www.theyouthharbour.org\\\/#website\",\"url\":\"https:\\\/\\\/www.theyouthharbour.org\\\/\",\"name\":\"The Youth Harbour\",\"description\":\"Youth-for-youth climate support system.\",\"potentialAction\":[{\"@type\":\"SearchAction\",\"target\":{\"@type\":\"EntryPoint\",\"urlTemplate\":\"https:\\\/\\\/www.theyouthharbour.org\\\/?s={search_term_string}\"},\"query-input\":{\"@type\":\"PropertyValueSpecification\",\"valueRequired\":true,\"valueName\":\"search_term_string\"}}],\"inLanguage\":\"fr-CA\"},{\"@type\":\"Person\",\"@id\":\"https:\\\/\\\/www.theyouthharbour.org\\\/#\\\/schema\\\/person\\\/90bf195f445bbb2bacba3f261e4c26e4\",\"name\":\"The Youth Harbour\",\"image\":{\"@type\":\"ImageObject\",\"inLanguage\":\"fr-CA\",\"@id\":\"https:\\\/\\\/secure.gravatar.com\\\/avatar\\\/775930c218622edcbe7358e34c4e2248213636132449015362f1b952d0ae53cb?s=96&d=mm&r=g\",\"url\":\"https:\\\/\\\/secure.gravatar.com\\\/avatar\\\/775930c218622edcbe7358e34c4e2248213636132449015362f1b952d0ae53cb?s=96&d=mm&r=g\",\"contentUrl\":\"https:\\\/\\\/secure.gravatar.com\\\/avatar\\\/775930c218622edcbe7358e34c4e2248213636132449015362f1b952d0ae53cb?s=96&d=mm&r=g\",\"caption\":\"The Youth Harbour\"},\"url\":\"https:\\\/\\\/www.theyouthharbour.org\\\/fr\\\/author\\\/admin\\\/\"}]}<\/script>\n<!-- \/ Yoast SEO plugin. -->","yoast_head_json":{"title":"Join our Board of Directors! - The Youth Harbour","robots":{"index":"index","follow":"follow","max-snippet":"max-snippet:-1","max-image-preview":"max-image-preview:large","max-video-preview":"max-video-preview:-1"},"canonical":"https:\/\/www.theyouthharbour.org\/fr\/opportunities\/board-member\/","og_locale":"fr_CA","og_type":"article","og_title":"Join our Board of Directors! - The Youth Harbour","og_description":"FES is launching a call for applications to join our Board of Directors!","og_url":"https:\/\/www.theyouthharbour.org\/fr\/opportunities\/board-member\/","og_site_name":"The Youth Harbour","article_published_time":"2024-05-15T17:34:26+00:00","article_modified_time":"2024-05-15T17:45:00+00:00","og_image":[{"width":600,"height":400,"url":"https:\/\/i0.wp.com\/www.theyouthharbour.org\/wp-content\/uploads\/2024\/05\/Board-Member.png?fit=600%2C400&ssl=1","type":"image\/png"}],"author":"The Youth Harbour","twitter_card":"summary_large_image","twitter_misc":{"\u00c9crit par":"The Youth Harbour","Estimation du temps de lecture":"3 minutes"},"schema":{"@context":"https:\/\/schema.org","@graph":[{"@type":"Article","@id":"https:\/\/www.theyouthharbour.org\/opportunities\/board-member\/#article","isPartOf":{"@id":"https:\/\/www.theyouthharbour.org\/opportunities\/board-member\/"},"author":{"name":"The Youth Harbour","@id":"https:\/\/www.theyouthharbour.org\/#\/schema\/person\/90bf195f445bbb2bacba3f261e4c26e4"},"headline":"Join our Board of Directors!","datePublished":"2024-05-15T17:34:26+00:00","dateModified":"2024-05-15T17:45:00+00:00","mainEntityOfPage":{"@id":"https:\/\/www.theyouthharbour.org\/opportunities\/board-member\/"},"wordCount":873,"image":{"@id":"https:\/\/www.theyouthharbour.org\/opportunities\/board-member\/#primaryimage"},"thumbnailUrl":"https:\/\/i0.wp.com\/www.theyouthharbour.org\/wp-content\/uploads\/2024\/05\/Board-Member.png?fit=600%2C400&ssl=1","articleSection":["Opportunities"],"inLanguage":"fr-CA"},{"@type":"WebPage","@id":"https:\/\/www.theyouthharbour.org\/opportunities\/board-member\/","url":"https:\/\/www.theyouthharbour.org\/opportunities\/board-member\/","name":"Join our Board of Directors! - The Youth Harbour","isPartOf":{"@id":"https:\/\/www.theyouthharbour.org\/#website"},"primaryImageOfPage":{"@id":"https:\/\/www.theyouthharbour.org\/opportunities\/board-member\/#primaryimage"},"image":{"@id":"https:\/\/www.theyouthharbour.org\/opportunities\/board-member\/#primaryimage"},"thumbnailUrl":"https:\/\/i0.wp.com\/www.theyouthharbour.org\/wp-content\/uploads\/2024\/05\/Board-Member.png?fit=600%2C400&ssl=1","datePublished":"2024-05-15T17:34:26+00:00","dateModified":"2024-05-15T17:45:00+00:00","author":{"@id":"https:\/\/www.theyouthharbour.org\/#\/schema\/person\/90bf195f445bbb2bacba3f261e4c26e4"},"breadcrumb":{"@id":"https:\/\/www.theyouthharbour.org\/opportunities\/board-member\/#breadcrumb"},"inLanguage":"fr-CA","potentialAction":[{"@type":"ReadAction","target":["https:\/\/www.theyouthharbour.org\/opportunities\/board-member\/"]}]},{"@type":"ImageObject","inLanguage":"fr-CA","@id":"https:\/\/www.theyouthharbour.org\/opportunities\/board-member\/#primaryimage","url":"https:\/\/i0.wp.com\/www.theyouthharbour.org\/wp-content\/uploads\/2024\/05\/Board-Member.png?fit=600%2C400&ssl=1","contentUrl":"https:\/\/i0.wp.com\/www.theyouthharbour.org\/wp-content\/uploads\/2024\/05\/Board-Member.png?fit=600%2C400&ssl=1","width":600,"height":400},{"@type":"BreadcrumbList","@id":"https:\/\/www.theyouthharbour.org\/opportunities\/board-member\/#breadcrumb","itemListElement":[{"@type":"ListItem","position":1,"name":"Home","item":"https:\/\/www.theyouthharbour.org\/"},{"@type":"ListItem","position":2,"name":"Join our Board of Directors!"}]},{"@type":"WebSite","@id":"https:\/\/www.theyouthharbour.org\/#website","url":"https:\/\/www.theyouthharbour.org\/","name":"Le Havre jeunesse","description":"Youth-for-youth climate support system.","potentialAction":[{"@type":"SearchAction","target":{"@type":"EntryPoint","urlTemplate":"https:\/\/www.theyouthharbour.org\/?s={search_term_string}"},"query-input":{"@type":"PropertyValueSpecification","valueRequired":true,"valueName":"search_term_string"}}],"inLanguage":"fr-CA"},{"@type":"Person","@id":"https:\/\/www.theyouthharbour.org\/#\/schema\/person\/90bf195f445bbb2bacba3f261e4c26e4","name":"Le Havre jeunesse","image":{"@type":"ImageObject","inLanguage":"fr-CA","@id":"https:\/\/secure.gravatar.com\/avatar\/775930c218622edcbe7358e34c4e2248213636132449015362f1b952d0ae53cb?s=96&d=mm&r=g","url":"https:\/\/secure.gravatar.com\/avatar\/775930c218622edcbe7358e34c4e2248213636132449015362f1b952d0ae53cb?s=96&d=mm&r=g","contentUrl":"https:\/\/secure.gravatar.com\/avatar\/775930c218622edcbe7358e34c4e2248213636132449015362f1b952d0ae53cb?s=96&d=mm&r=g","caption":"The Youth Harbour"},"url":"https:\/\/www.theyouthharbour.org\/fr\/author\/admin\/"}]}},"jetpack_sharing_enabled":true,"jetpack_featured_media_url":"https:\/\/i0.wp.com\/www.theyouthharbour.org\/wp-content\/uploads\/2024\/05\/Board-Member.png?fit=600%2C400&ssl=1","_links":{"self":[{"href":"https:\/\/www.theyouthharbour.org\/fr\/wp-json\/wp\/v2\/posts\/29724","targetHints":{"allow":["GET"]}}],"collection":[{"href":"https:\/\/www.theyouthharbour.org\/fr\/wp-json\/wp\/v2\/posts"}],"about":[{"href":"https:\/\/www.theyouthharbour.org\/fr\/wp-json\/wp\/v2\/types\/post"}],"author":[{"embeddable":true,"href":"https:\/\/www.theyouthharbour.org\/fr\/wp-json\/wp\/v2\/users\/1"}],"replies":[{"embeddable":true,"href":"https:\/\/www.theyouthharbour.org\/fr\/wp-json\/wp\/v2\/comments?post=29724"}],"version-history":[{"count":5,"href":"https:\/\/www.theyouthharbour.org\/fr\/wp-json\/wp\/v2\/posts\/29724\/revisions"}],"predecessor-version":[{"id":29740,"href":"https:\/\/www.theyouthharbour.org\/fr\/wp-json\/wp\/v2\/posts\/29724\/revisions\/29740"}],"wp:featuredmedia":[{"embeddable":true,"href":"https:\/\/www.theyouthharbour.org\/fr\/wp-json\/wp\/v2\/media\/29725"}],"wp:attachment":[{"href":"https:\/\/www.theyouthharbour.org\/fr\/wp-json\/wp\/v2\/media?parent=29724"}],"wp:term":[{"taxonomy":"category","embeddable":true,"href":"https:\/\/www.theyouthharbour.org\/fr\/wp-json\/wp\/v2\/categories?post=29724"},{"taxonomy":"post_tag","embeddable":true,"href":"https:\/\/www.theyouthharbour.org\/fr\/wp-json\/wp\/v2\/tags?post=29724"}],"curies":[{"name":"wp","href":"https:\/\/api.w.org\/{rel}","templated":true}]}}