{"id":30089,"date":"2024-06-20T15:36:47","date_gmt":"2024-06-20T15:36:47","guid":{"rendered":"https:\/\/www.theyouthharbour.org\/?p=30089"},"modified":"2025-02-25T21:17:07","modified_gmt":"2025-02-25T21:17:07","slug":"connecting-youth-climate-leaders-with-an-intergenerational-network-of-climate-educators","status":"publish","type":"post","link":"https:\/\/www.theyouthharbour.org\/fr\/impact-story\/connecting-youth-climate-leaders-with-an-intergenerational-network-of-climate-educators\/","title":{"rendered":"Rooted &amp; Rising: Connecter les jeunes leaders climatiques \u00e0 un r\u00e9seau interg\u00e9n\u00e9rationnel d'\u00e9ducateurs climatiques"},"content":{"rendered":"<div class=\"et_d4_element et_pb_section et_pb_section_0 et_pb_with_background  et_pb_css_mix_blend_mode et_section_regular et_block_section\" >\n\t\t\t\t\n\t\t\t\t\n\t\t\t\t\n\t\t\t\t\n\t\t\t\t\n\t\t\t\t\n\t\t\t\t<div class=\"et_d4_element et_pb_row et_pb_row_0  et_pb_css_mix_blend_mode et_block_row\">\n\t\t\t\t<div class=\"et_d4_element et_pb_column_4_4 et_pb_column et_pb_column_0  et_pb_css_mix_blend_mode et-last-child et_block_column\">\n\t\t\t\t\n\t\t\t\t\n\t\t\t\t\n\t\t\t\t\n\t\t\t\t<div class=\"et_pb_module et_d4_element et_pb_text et_pb_text_0  et_pb_text_align_left et_pb_bg_layout_light\">\n\t\t\t\t\n\t\t\t\t\n\t\t\t\t\n\t\t\t\t\n\t\t\t\t<div class=\"et_pb_text_inner\"><p><span style=\"font-weight: 400;\">How frequently do you encounter a space where you're actively invited and challenged to envision the future you desire?<\/span><\/p>\n<p><span style=\"font-weight: 400;\">Le <\/span><span style=\"text-decoration: underline;\"><a href=\"https:\/\/www.rootedandrising.ca\/\"><span style=\"font-weight: 400;\">laboratoire \"Rooted and Rising\"<\/span><\/a><\/span><span style=\"font-weight: 400;\"> is a program that intends to create a space for intergenerational community networks to do just that. It's a hub where students from diverse backgrounds, spanning artists to activists, converge to radically reimagine climate education and the trajectory of our world.\u00a0<\/span><\/p>\n<p><span style=\"font-weight: 400;\">La gen\u00e8se de cette initiative remonte au Conscious Minds Camp &amp; Co-op, un camp d'\u00e9t\u00e9 dirig\u00e9 par des jeunes dans la r\u00e9gion du Grand Toronto* et cofond\u00e9 par Kristen et Roxy. Les jeunes y sont encourag\u00e9s \u00e0 explorer des th\u00e8mes tels que la d\u00e9colonisation, le changement climatique, la vie holistique et les droits de l'homme.\u00a0<\/span><\/p>\n<p><span style=\"font-weight: 400;\">En r\u00e9ponse \u00e0 une vague de jeunes leaders climatiques aspirant \u00e0 des espaces d'apprentissage coop\u00e9ratifs, Roxy a r\u00e9orient\u00e9 ses efforts en 2019 vers la cr\u00e9ation du Rooted and Rising Lab (laboratoire d'enracinement et d'ascension). Faisant \u00e9quipe avec Bella et Kristen, aux c\u00f4t\u00e9s de huit autres personnes d\u00e9vou\u00e9es, elles se sont lanc\u00e9es dans la conception d'un programme ancr\u00e9 \u00e0 la fois dans l'\u00e9ducation acad\u00e9mique et non acad\u00e9mique, avec la communaut\u00e9 et l'\u00e9tablissement de relations \u00e0 son c\u0153ur. En adoptant diverses perspectives et en faisant appel \u00e0 des experts en mati\u00e8re de justice climatique, ils ont cr\u00e9\u00e9 un espace d'apprentissage interg\u00e9n\u00e9rationnel dirig\u00e9 par les participants.<\/span><\/p>\n<p><span style=\"font-weight: 400;\">Ils ont d\u00e9cid\u00e9 de fournir aux jeunes les conseils d'\u00e9ducateurs et d'anciens, cr\u00e9ant ainsi un espace d'apprentissage interg\u00e9n\u00e9rationnel. Cependant, l'espace serait dirig\u00e9 par les participants pour poser des questions et discuter des solutions avec leurs pairs confront\u00e9s \u00e0 des d\u00e9fis et dilemmes similaires dans leur voyage vers des solutions climatiques de premier plan.\u00a0<\/span><\/p>\n<p><span style=\"font-weight: 400;\">Le programme pilote, lanc\u00e9 \u00e0 l'automne 2020, a r\u00e9uni 22 participants \u00e2g\u00e9s de 13 \u00e0 30 ans pendant 10 semaines de sessions virtuelles. Gr\u00e2ce \u00e0 un apprentissage introspectif et \u00e0 des approches pratiques bas\u00e9es sur des projets, les participants ont approfondi des sujets tels que le leadership, la solidarit\u00e9 et l'apprentissage d\u00e9colonis\u00e9, aboutissant \u00e0 la cr\u00e9ation de sept projets impactants financ\u00e9s avec l'aide de la <\/span><span style=\"text-decoration: underline;\"><a href=\"https:\/\/www.theyouthharbour.org\/fr\/action-grants\/\"><span style=\"font-weight: 400;\">La Bourse d'action Jeunesse Havre<\/span><\/a><span style=\"font-weight: 400;\">.<\/span><\/span><\/p>\n<p><span style=\"font-weight: 400;\">La bourse du Havre Jeunesse a \u00e9galement permis de financer les honoraires des enseignants de Rooted and Rising et d'autres co\u00fbts li\u00e9s aux activit\u00e9s du programme, comme la visite de la ville de Toronto pour enseigner l'agriculture r\u00e9g\u00e9n\u00e9ratrice.<\/span><\/p>\n<p><span style=\"font-weight: 400;\">Cependant, le maintien du programme pose des difficult\u00e9s, notamment pour obtenir un financement r\u00e9gulier et consacrer suffisamment de temps \u00e0 l'exploration en profondeur.\u00a0<\/span><\/p>\n<p>&nbsp;<\/p><\/div>\n\t\t\t<\/div><div class=\"et_pb_module et_d4_element et_pb_image et_pb_image_0\">\n\t\t\t\t\n\t\t\t\t\n\t\t\t\t\n\t\t\t\t\n\t\t\t\t<span class=\"et_pb_image_wrap\"><img data-recalc-dims=\"1\" loading=\"lazy\" decoding=\"async\" width=\"600\" height=\"400\" src=\"https:\/\/i0.wp.com\/www.theyouthharbour.org\/wp-content\/uploads\/2024\/06\/Rooted-and-Rising.png?resize=600%2C400&#038;ssl=1\" alt=\"\" title=\"Rooted and Rising\" srcset=\"https:\/\/i0.wp.com\/www.theyouthharbour.org\/wp-content\/uploads\/2024\/06\/Rooted-and-Rising.png?w=600&ssl=1 600w, https:\/\/i0.wp.com\/www.theyouthharbour.org\/wp-content\/uploads\/2024\/06\/Rooted-and-Rising.png?resize=300%2C200&ssl=1 300w, https:\/\/i0.wp.com\/www.theyouthharbour.org\/wp-content\/uploads\/2024\/06\/Rooted-and-Rising.png?resize=18%2C12&ssl=1 18w, https:\/\/i0.wp.com\/www.theyouthharbour.org\/wp-content\/uploads\/2024\/06\/Rooted-and-Rising.png?resize=480%2C320&ssl=1 480w\" sizes=\"(max-width: 600px) 100vw, 600px\" class=\"wp-image-30048\" \/><\/span>\n\t\t\t<\/div><div class=\"et_pb_module et_d4_element et_pb_text et_pb_text_1  et_pb_text_align_left et_pb_bg_layout_light\">\n\t\t\t\t\n\t\t\t\t\n\t\t\t\t\n\t\t\t\t\n\t\t\t\t<div class=\"et_pb_text_inner\"><p><span style=\"font-weight: 400;\">Bella, qui aide \u00e0 animer et \u00e0 coordonner le programme, a not\u00e9 qu <\/span><i><span style=\"font-weight: 400;\">\"ils ont besoin de plus de temps pour explorer et approfondir, pour avoir un dialogue plus long sur certains sujets\".<\/span><\/i><span style=\"font-weight: 400;\"> Ils discutent de la mani\u00e8re de rendre cela possible, que ce soit par le biais de programmes plus intensifs ou d'un plus grand nombre de sessions. Ils souhaitent \u00e9galement mettre en place davantage de projets terrestres.<\/span><\/p>\n<p><span style=\"font-weight: 400;\">Participant feedback echoes the sentiment of the Lab being a safe haven for self-reflection and growth, with many expressing newfound understanding of their leadership roles and ancestral connections. Kristen notes the emergence of wisdom and expertise within the cohort, underscoring the program's ability to cultivate a supportive community.<\/span><\/p>\n<p><span style=\"font-weight: 400;\">\u201c<\/span><i><span style=\"font-weight: 400;\">\"Les participants ont eu l'espace n\u00e9cessaire pour redevenir la version compl\u00e8te d'eux-m\u00eames ; ils se sont sentis les bienvenus dans cette voie\",<\/span><\/i><span style=\"font-weight: 400;\">\u00a0 Roxy a d\u00e9clar\u00e9 qu'en tant qu'organisatrice du programme,<\/span><i><span style=\"font-weight: 400;\">\"il \u00e9tait agr\u00e9able de voir \u00e0 quel point les gens se soutenaient les uns les autres pendant le programme\".<\/span><\/i><span style=\"font-weight: 400;\">\u00a0<\/span><\/p>\n<p><span style=\"font-weight: 400;\">Il a \u00e9galement \u00e9t\u00e9 soulign\u00e9 que la cohorte de cette ann\u00e9e \u00e9tait vraiment investie dans ses projets, certains d'entre eux cr\u00e9ant des projets \u00e0 partir d'une relation avec les autres \u00e0 l'int\u00e9rieur et \u00e0 l'ext\u00e9rieur du projet.<\/span> <span style=\"font-weight: 400;\">Par exemple, le projet d'une \u00e9tudiante reliait son travail \u00e0 une organisation de soins de sant\u00e9 reproductive pour les personnes transgenres et non-conformes au genre.<\/span><i><span style=\"font-weight: 400;\">\"Cela confirme l'id\u00e9e de compl\u00e9ter ce que les jeunes font d\u00e9j\u00e0 avec les connaissances et les conseils fournis par Rooted and Rising\", <\/span><\/i><span style=\"font-weight: 400;\">a d\u00e9clar\u00e9 Bella.\u00a0<\/span><\/p>\n<p><span style=\"font-weight: 400;\">Le programme vise \u00e0 planter la graine, puis \u00e0 la laisser pousser librement.<\/span><i><span style=\"font-weight: 400;\">\"Il permet aux participants d'acqu\u00e9rir les r\u00e9seaux et les connaissances n\u00e9cessaires pour faire de nouvelles choses qui ne peuvent pas \u00eatre anticip\u00e9es par le programme Rooted and Rising.<\/span><\/i><span style=\"font-weight: 400;\"> T<\/span><i><span style=\"font-weight: 400;\">Le niveau de connexion et de d\u00e9couverte de soi m'a indiqu\u00e9 que des graines importantes ont \u00e9t\u00e9 plant\u00e9es pour des projets futurs dans les domaines du climat et de la justice sociale\", a d\u00e9clar\u00e9 Bella.<\/span><\/i><\/p>\n<p><span style=\"font-weight: 400;\">\u00c0 l'avenir, le laboratoire envisage d'\u00e9tendre sa port\u00e9e gr\u00e2ce \u00e0 des initiatives telles qu'un cours de bricolage et un programme de formation des enseignants, tout en explorant des moyens de rester en contact avec les anciens \u00e9l\u00e8ves. Avec une vague de soutien venant de divers horizons, le laboratoire reste pr\u00eat \u00e0 inspirer la prochaine g\u00e9n\u00e9ration d'acteurs du changement, en cultivant des graines de changement qui fleuriront avec le temps et l'attention.<\/span><\/p>\n<p><span style=\"font-weight: 400;\"><\/span><\/p>\n<p><em><span style=\"font-weight: 400;\">* <\/span><span style=\"font-weight: 400;\">*Le laboratoire \"Rooted and Rising\" est bas\u00e9 \u00e0 Tkaronto, territoire r\u00e9gi par le trait\u00e9 de Wampum (Dish With One Spoon Treaty 13).<\/span><\/em><\/p><\/div>\n\t\t\t<\/div>\n\t\t\t<\/div>\n\t\t\t\t\n\t\t\t\t\n\t\t\t\t\n\t\t\t\t\n\t\t\t<\/div>\n\t\t\t\t\n\t\t\t\t\n\t\t\t<\/div>","protected":false},"excerpt":{"rendered":"","protected":false},"author":6,"featured_media":30048,"comment_status":"open","ping_status":"open","sticky":false,"template":"our-updates","format":"standard","meta":{"_acf_changed":false,"nf_dc_page":"","_et_pb_use_builder":"on","_et_pb_old_content":"<!-- wp:paragraph -->\n<p class=\"\">In September, FES was at New York Climate Week. The first of three blog posts sharing Kat\u2019s (Executive Director) and Jess\u2019 (Program Director) experience and reflections at the People\u2019s March, and what it was like being with over 75,000 people on the ground, advocating for climate action.<\/p>\n<!-- \/wp:paragraph -->\n\n<!-- wp:paragraph -->\n<p class=\"\"><\/p>\n<!-- \/wp:paragraph -->\n\n<!-- wp:paragraph -->\n<p class=\"\"><\/p>\n<!-- \/wp:paragraph -->","_et_gb_content_width":"","_jetpack_newsletter_access":"","_jetpack_dont_email_post_to_subs":false,"_jetpack_newsletter_tier_id":0,"_jetpack_memberships_contains_paywalled_content":false,"_jetpack_feature_clip_id":0,"_jetpack_memberships_contains_paid_content":false,"footnotes":"","jetpack_post_was_ever_published":false},"categories":[104],"tags":[],"class_list":["post-30089","post","type-post","status-publish","format-standard","has-post-thumbnail","hentry","category-impact-story"],"acf":[],"yoast_head":"<!-- This site is optimized with the Yoast SEO plugin v28.4 - https:\/\/yoast.com\/product\/yoast-seo-wordpress\/ -->\n<title>Rooted &amp; Rising: Connecting Youth Climate Leaders with an Intergenerational Network of Climate Educators - The Youth Harbour<\/title>\n<meta name=\"robots\" content=\"index, follow, max-snippet:-1, max-image-preview:large, max-video-preview:-1\" \/>\n<link rel=\"canonical\" href=\"https:\/\/www.theyouthharbour.org\/fr\/impact-story\/connecting-youth-climate-leaders-with-an-intergenerational-network-of-climate-educators\/\" \/>\n<meta property=\"og:locale\" content=\"fr_CA\" \/>\n<meta property=\"og:type\" content=\"article\" \/>\n<meta property=\"og:title\" content=\"Rooted &amp; Rising: Connecting Youth Climate Leaders with an Intergenerational Network of Climate Educators - The Youth Harbour\" \/>\n<meta property=\"og:url\" content=\"https:\/\/www.theyouthharbour.org\/fr\/impact-story\/connecting-youth-climate-leaders-with-an-intergenerational-network-of-climate-educators\/\" \/>\n<meta property=\"og:site_name\" content=\"The Youth Harbour\" \/>\n<meta property=\"article:published_time\" content=\"2024-06-20T15:36:47+00:00\" \/>\n<meta property=\"article:modified_time\" content=\"2025-02-25T21:17:07+00:00\" \/>\n<meta property=\"og:image\" content=\"https:\/\/i0.wp.com\/www.theyouthharbour.org\/wp-content\/uploads\/2024\/06\/Rooted-and-Rising.png?fit=600%2C400&ssl=1\" \/>\n\t<meta property=\"og:image:width\" content=\"600\" \/>\n\t<meta property=\"og:image:height\" content=\"400\" \/>\n\t<meta property=\"og:image:type\" content=\"image\/png\" \/>\n<meta name=\"author\" content=\"Jacqueline O&#039;Neill Huerta\" \/>\n<meta name=\"twitter:card\" content=\"summary_large_image\" \/>\n<meta name=\"twitter:label1\" content=\"\u00c9crit par\" \/>\n\t<meta name=\"twitter:data1\" content=\"Jacqueline O&#039;Neill Huerta\" \/>\n\t<meta name=\"twitter:label2\" content=\"Estimation du temps de lecture\" \/>\n\t<meta name=\"twitter:data2\" content=\"4 minutes\" \/>\n<script type=\"application\/ld+json\" class=\"yoast-schema-graph\">{\"@context\":\"https:\\\/\\\/schema.org\",\"@graph\":[{\"@type\":\"Article\",\"@id\":\"https:\\\/\\\/www.theyouthharbour.org\\\/impact-story\\\/connecting-youth-climate-leaders-with-an-intergenerational-network-of-climate-educators\\\/#article\",\"isPartOf\":{\"@id\":\"https:\\\/\\\/www.theyouthharbour.org\\\/impact-story\\\/connecting-youth-climate-leaders-with-an-intergenerational-network-of-climate-educators\\\/\"},\"author\":{\"name\":\"Jacqueline O'Neill Huerta\",\"@id\":\"https:\\\/\\\/www.theyouthharbour.org\\\/#\\\/schema\\\/person\\\/8a0e608eac853577cab561fafb055a0a\"},\"headline\":\"Rooted &#038; Rising: Connecting Youth Climate Leaders with an Intergenerational Network of Climate Educators\",\"datePublished\":\"2024-06-20T15:36:47+00:00\",\"dateModified\":\"2025-02-25T21:17:07+00:00\",\"mainEntityOfPage\":{\"@id\":\"https:\\\/\\\/www.theyouthharbour.org\\\/impact-story\\\/connecting-youth-climate-leaders-with-an-intergenerational-network-of-climate-educators\\\/\"},\"wordCount\":893,\"commentCount\":0,\"image\":{\"@id\":\"https:\\\/\\\/www.theyouthharbour.org\\\/impact-story\\\/connecting-youth-climate-leaders-with-an-intergenerational-network-of-climate-educators\\\/#primaryimage\"},\"thumbnailUrl\":\"https:\\\/\\\/i0.wp.com\\\/www.theyouthharbour.org\\\/wp-content\\\/uploads\\\/2024\\\/06\\\/Rooted-and-Rising.png?fit=600%2C400&ssl=1\",\"articleSection\":[\"Impact Story\"],\"inLanguage\":\"fr-CA\",\"potentialAction\":[{\"@type\":\"CommentAction\",\"name\":\"Comment\",\"target\":[\"https:\\\/\\\/www.theyouthharbour.org\\\/impact-story\\\/connecting-youth-climate-leaders-with-an-intergenerational-network-of-climate-educators\\\/#respond\"]}]},{\"@type\":\"WebPage\",\"@id\":\"https:\\\/\\\/www.theyouthharbour.org\\\/impact-story\\\/connecting-youth-climate-leaders-with-an-intergenerational-network-of-climate-educators\\\/\",\"url\":\"https:\\\/\\\/www.theyouthharbour.org\\\/impact-story\\\/connecting-youth-climate-leaders-with-an-intergenerational-network-of-climate-educators\\\/\",\"name\":\"Rooted & Rising: Connecting Youth Climate Leaders with an Intergenerational Network of Climate Educators - The Youth Harbour\",\"isPartOf\":{\"@id\":\"https:\\\/\\\/www.theyouthharbour.org\\\/#website\"},\"primaryImageOfPage\":{\"@id\":\"https:\\\/\\\/www.theyouthharbour.org\\\/impact-story\\\/connecting-youth-climate-leaders-with-an-intergenerational-network-of-climate-educators\\\/#primaryimage\"},\"image\":{\"@id\":\"https:\\\/\\\/www.theyouthharbour.org\\\/impact-story\\\/connecting-youth-climate-leaders-with-an-intergenerational-network-of-climate-educators\\\/#primaryimage\"},\"thumbnailUrl\":\"https:\\\/\\\/i0.wp.com\\\/www.theyouthharbour.org\\\/wp-content\\\/uploads\\\/2024\\\/06\\\/Rooted-and-Rising.png?fit=600%2C400&ssl=1\",\"datePublished\":\"2024-06-20T15:36:47+00:00\",\"dateModified\":\"2025-02-25T21:17:07+00:00\",\"author\":{\"@id\":\"https:\\\/\\\/www.theyouthharbour.org\\\/#\\\/schema\\\/person\\\/8a0e608eac853577cab561fafb055a0a\"},\"breadcrumb\":{\"@id\":\"https:\\\/\\\/www.theyouthharbour.org\\\/impact-story\\\/connecting-youth-climate-leaders-with-an-intergenerational-network-of-climate-educators\\\/#breadcrumb\"},\"inLanguage\":\"fr-CA\",\"potentialAction\":[{\"@type\":\"ReadAction\",\"target\":[\"https:\\\/\\\/www.theyouthharbour.org\\\/impact-story\\\/connecting-youth-climate-leaders-with-an-intergenerational-network-of-climate-educators\\\/\"]}]},{\"@type\":\"ImageObject\",\"inLanguage\":\"fr-CA\",\"@id\":\"https:\\\/\\\/www.theyouthharbour.org\\\/impact-story\\\/connecting-youth-climate-leaders-with-an-intergenerational-network-of-climate-educators\\\/#primaryimage\",\"url\":\"https:\\\/\\\/i0.wp.com\\\/www.theyouthharbour.org\\\/wp-content\\\/uploads\\\/2024\\\/06\\\/Rooted-and-Rising.png?fit=600%2C400&ssl=1\",\"contentUrl\":\"https:\\\/\\\/i0.wp.com\\\/www.theyouthharbour.org\\\/wp-content\\\/uploads\\\/2024\\\/06\\\/Rooted-and-Rising.png?fit=600%2C400&ssl=1\",\"width\":600,\"height\":400},{\"@type\":\"BreadcrumbList\",\"@id\":\"https:\\\/\\\/www.theyouthharbour.org\\\/impact-story\\\/connecting-youth-climate-leaders-with-an-intergenerational-network-of-climate-educators\\\/#breadcrumb\",\"itemListElement\":[{\"@type\":\"ListItem\",\"position\":1,\"name\":\"Home\",\"item\":\"https:\\\/\\\/www.theyouthharbour.org\\\/\"},{\"@type\":\"ListItem\",\"position\":2,\"name\":\"Rooted &#038; Rising: Connecting Youth Climate Leaders with an Intergenerational Network of Climate Educators\"}]},{\"@type\":\"WebSite\",\"@id\":\"https:\\\/\\\/www.theyouthharbour.org\\\/#website\",\"url\":\"https:\\\/\\\/www.theyouthharbour.org\\\/\",\"name\":\"The Youth Harbour\",\"description\":\"Youth-for-youth climate support system.\",\"potentialAction\":[{\"@type\":\"SearchAction\",\"target\":{\"@type\":\"EntryPoint\",\"urlTemplate\":\"https:\\\/\\\/www.theyouthharbour.org\\\/?s={search_term_string}\"},\"query-input\":{\"@type\":\"PropertyValueSpecification\",\"valueRequired\":true,\"valueName\":\"search_term_string\"}}],\"inLanguage\":\"fr-CA\"},{\"@type\":\"Person\",\"@id\":\"https:\\\/\\\/www.theyouthharbour.org\\\/#\\\/schema\\\/person\\\/8a0e608eac853577cab561fafb055a0a\",\"name\":\"Jacqueline O'Neill Huerta\",\"image\":{\"@type\":\"ImageObject\",\"inLanguage\":\"fr-CA\",\"@id\":\"https:\\\/\\\/secure.gravatar.com\\\/avatar\\\/ef0ef95f9a3e172546801de5cb5e89cea98763ef681c5cb5def86c15f97ac89c?s=96&d=mm&r=g\",\"url\":\"https:\\\/\\\/secure.gravatar.com\\\/avatar\\\/ef0ef95f9a3e172546801de5cb5e89cea98763ef681c5cb5def86c15f97ac89c?s=96&d=mm&r=g\",\"contentUrl\":\"https:\\\/\\\/secure.gravatar.com\\\/avatar\\\/ef0ef95f9a3e172546801de5cb5e89cea98763ef681c5cb5def86c15f97ac89c?s=96&d=mm&r=g\",\"caption\":\"Jacqueline O'Neill Huerta\"},\"url\":\"https:\\\/\\\/www.theyouthharbour.org\\\/fr\\\/author\\\/jacqueline\\\/\"}]}<\/script>\n<!-- \/ Yoast SEO plugin. -->","yoast_head_json":{"title":"Rooted & Rising: Connecting Youth Climate Leaders with an Intergenerational Network of Climate Educators - The Youth Harbour","robots":{"index":"index","follow":"follow","max-snippet":"max-snippet:-1","max-image-preview":"max-image-preview:large","max-video-preview":"max-video-preview:-1"},"canonical":"https:\/\/www.theyouthharbour.org\/fr\/impact-story\/connecting-youth-climate-leaders-with-an-intergenerational-network-of-climate-educators\/","og_locale":"fr_CA","og_type":"article","og_title":"Rooted & Rising: Connecting Youth Climate Leaders with an Intergenerational Network of Climate Educators - The Youth Harbour","og_url":"https:\/\/www.theyouthharbour.org\/fr\/impact-story\/connecting-youth-climate-leaders-with-an-intergenerational-network-of-climate-educators\/","og_site_name":"The Youth Harbour","article_published_time":"2024-06-20T15:36:47+00:00","article_modified_time":"2025-02-25T21:17:07+00:00","og_image":[{"width":600,"height":400,"url":"https:\/\/i0.wp.com\/www.theyouthharbour.org\/wp-content\/uploads\/2024\/06\/Rooted-and-Rising.png?fit=600%2C400&ssl=1","type":"image\/png"}],"author":"Jacqueline O'Neill Huerta","twitter_card":"summary_large_image","twitter_misc":{"\u00c9crit par":"Jacqueline O'Neill Huerta","Estimation du temps de lecture":"4 minutes"},"schema":{"@context":"https:\/\/schema.org","@graph":[{"@type":"Article","@id":"https:\/\/www.theyouthharbour.org\/impact-story\/connecting-youth-climate-leaders-with-an-intergenerational-network-of-climate-educators\/#article","isPartOf":{"@id":"https:\/\/www.theyouthharbour.org\/impact-story\/connecting-youth-climate-leaders-with-an-intergenerational-network-of-climate-educators\/"},"author":{"name":"Jacqueline O'Neill Huerta","@id":"https:\/\/www.theyouthharbour.org\/#\/schema\/person\/8a0e608eac853577cab561fafb055a0a"},"headline":"Rooted &#038; Rising: Connecting Youth Climate Leaders with an Intergenerational Network of Climate Educators","datePublished":"2024-06-20T15:36:47+00:00","dateModified":"2025-02-25T21:17:07+00:00","mainEntityOfPage":{"@id":"https:\/\/www.theyouthharbour.org\/impact-story\/connecting-youth-climate-leaders-with-an-intergenerational-network-of-climate-educators\/"},"wordCount":893,"commentCount":0,"image":{"@id":"https:\/\/www.theyouthharbour.org\/impact-story\/connecting-youth-climate-leaders-with-an-intergenerational-network-of-climate-educators\/#primaryimage"},"thumbnailUrl":"https:\/\/i0.wp.com\/www.theyouthharbour.org\/wp-content\/uploads\/2024\/06\/Rooted-and-Rising.png?fit=600%2C400&ssl=1","articleSection":["Impact Story"],"inLanguage":"fr-CA","potentialAction":[{"@type":"CommentAction","name":"Comment","target":["https:\/\/www.theyouthharbour.org\/impact-story\/connecting-youth-climate-leaders-with-an-intergenerational-network-of-climate-educators\/#respond"]}]},{"@type":"WebPage","@id":"https:\/\/www.theyouthharbour.org\/impact-story\/connecting-youth-climate-leaders-with-an-intergenerational-network-of-climate-educators\/","url":"https:\/\/www.theyouthharbour.org\/impact-story\/connecting-youth-climate-leaders-with-an-intergenerational-network-of-climate-educators\/","name":"Rooted & Rising: Connecting Youth Climate Leaders with an Intergenerational Network of Climate Educators - The Youth Harbour","isPartOf":{"@id":"https:\/\/www.theyouthharbour.org\/#website"},"primaryImageOfPage":{"@id":"https:\/\/www.theyouthharbour.org\/impact-story\/connecting-youth-climate-leaders-with-an-intergenerational-network-of-climate-educators\/#primaryimage"},"image":{"@id":"https:\/\/www.theyouthharbour.org\/impact-story\/connecting-youth-climate-leaders-with-an-intergenerational-network-of-climate-educators\/#primaryimage"},"thumbnailUrl":"https:\/\/i0.wp.com\/www.theyouthharbour.org\/wp-content\/uploads\/2024\/06\/Rooted-and-Rising.png?fit=600%2C400&ssl=1","datePublished":"2024-06-20T15:36:47+00:00","dateModified":"2025-02-25T21:17:07+00:00","author":{"@id":"https:\/\/www.theyouthharbour.org\/#\/schema\/person\/8a0e608eac853577cab561fafb055a0a"},"breadcrumb":{"@id":"https:\/\/www.theyouthharbour.org\/impact-story\/connecting-youth-climate-leaders-with-an-intergenerational-network-of-climate-educators\/#breadcrumb"},"inLanguage":"fr-CA","potentialAction":[{"@type":"ReadAction","target":["https:\/\/www.theyouthharbour.org\/impact-story\/connecting-youth-climate-leaders-with-an-intergenerational-network-of-climate-educators\/"]}]},{"@type":"ImageObject","inLanguage":"fr-CA","@id":"https:\/\/www.theyouthharbour.org\/impact-story\/connecting-youth-climate-leaders-with-an-intergenerational-network-of-climate-educators\/#primaryimage","url":"https:\/\/i0.wp.com\/www.theyouthharbour.org\/wp-content\/uploads\/2024\/06\/Rooted-and-Rising.png?fit=600%2C400&ssl=1","contentUrl":"https:\/\/i0.wp.com\/www.theyouthharbour.org\/wp-content\/uploads\/2024\/06\/Rooted-and-Rising.png?fit=600%2C400&ssl=1","width":600,"height":400},{"@type":"BreadcrumbList","@id":"https:\/\/www.theyouthharbour.org\/impact-story\/connecting-youth-climate-leaders-with-an-intergenerational-network-of-climate-educators\/#breadcrumb","itemListElement":[{"@type":"ListItem","position":1,"name":"Home","item":"https:\/\/www.theyouthharbour.org\/"},{"@type":"ListItem","position":2,"name":"Rooted &#038; Rising: Connecting Youth Climate Leaders with an Intergenerational Network of Climate Educators"}]},{"@type":"WebSite","@id":"https:\/\/www.theyouthharbour.org\/#website","url":"https:\/\/www.theyouthharbour.org\/","name":"Le Havre jeunesse","description":"Youth-for-youth climate support system.","potentialAction":[{"@type":"SearchAction","target":{"@type":"EntryPoint","urlTemplate":"https:\/\/www.theyouthharbour.org\/?s={search_term_string}"},"query-input":{"@type":"PropertyValueSpecification","valueRequired":true,"valueName":"search_term_string"}}],"inLanguage":"fr-CA"},{"@type":"Person","@id":"https:\/\/www.theyouthharbour.org\/#\/schema\/person\/8a0e608eac853577cab561fafb055a0a","name":"Jacqueline O'Neill Huerta","image":{"@type":"ImageObject","inLanguage":"fr-CA","@id":"https:\/\/secure.gravatar.com\/avatar\/ef0ef95f9a3e172546801de5cb5e89cea98763ef681c5cb5def86c15f97ac89c?s=96&d=mm&r=g","url":"https:\/\/secure.gravatar.com\/avatar\/ef0ef95f9a3e172546801de5cb5e89cea98763ef681c5cb5def86c15f97ac89c?s=96&d=mm&r=g","contentUrl":"https:\/\/secure.gravatar.com\/avatar\/ef0ef95f9a3e172546801de5cb5e89cea98763ef681c5cb5def86c15f97ac89c?s=96&d=mm&r=g","caption":"Jacqueline O'Neill Huerta"},"url":"https:\/\/www.theyouthharbour.org\/fr\/author\/jacqueline\/"}]}},"jetpack_sharing_enabled":true,"jetpack_featured_media_url":"https:\/\/i0.wp.com\/www.theyouthharbour.org\/wp-content\/uploads\/2024\/06\/Rooted-and-Rising.png?fit=600%2C400&ssl=1","_links":{"self":[{"href":"https:\/\/www.theyouthharbour.org\/fr\/wp-json\/wp\/v2\/posts\/30089","targetHints":{"allow":["GET"]}}],"collection":[{"href":"https:\/\/www.theyouthharbour.org\/fr\/wp-json\/wp\/v2\/posts"}],"about":[{"href":"https:\/\/www.theyouthharbour.org\/fr\/wp-json\/wp\/v2\/types\/post"}],"author":[{"embeddable":true,"href":"https:\/\/www.theyouthharbour.org\/fr\/wp-json\/wp\/v2\/users\/6"}],"replies":[{"embeddable":true,"href":"https:\/\/www.theyouthharbour.org\/fr\/wp-json\/wp\/v2\/comments?post=30089"}],"version-history":[{"count":4,"href":"https:\/\/www.theyouthharbour.org\/fr\/wp-json\/wp\/v2\/posts\/30089\/revisions"}],"predecessor-version":[{"id":30360,"href":"https:\/\/www.theyouthharbour.org\/fr\/wp-json\/wp\/v2\/posts\/30089\/revisions\/30360"}],"wp:featuredmedia":[{"embeddable":true,"href":"https:\/\/www.theyouthharbour.org\/fr\/wp-json\/wp\/v2\/media\/30048"}],"wp:attachment":[{"href":"https:\/\/www.theyouthharbour.org\/fr\/wp-json\/wp\/v2\/media?parent=30089"}],"wp:term":[{"taxonomy":"category","embeddable":true,"href":"https:\/\/www.theyouthharbour.org\/fr\/wp-json\/wp\/v2\/categories?post=30089"},{"taxonomy":"post_tag","embeddable":true,"href":"https:\/\/www.theyouthharbour.org\/fr\/wp-json\/wp\/v2\/tags?post=30089"}],"curies":[{"name":"wp","href":"https:\/\/api.w.org\/{rel}","templated":true}]}}