{"id":30133,"date":"2024-07-10T18:29:05","date_gmt":"2024-07-10T18:29:05","guid":{"rendered":"https:\/\/www.theyouthharbour.org\/?p=30133"},"modified":"2025-02-25T21:16:24","modified_gmt":"2025-02-25T21:16:24","slug":"the-green-career-centre-the-green-career-centres-journey-to-equity-in-the-green-economy","status":"publish","type":"post","link":"https:\/\/www.theyouthharbour.org\/fr\/impact-story\/the-green-career-centre-the-green-career-centres-journey-to-equity-in-the-green-economy\/","title":{"rendered":"Le parcours du Green Career Centre vers l'\u00e9quit\u00e9 dans l'\u00e9conomie verte"},"content":{"rendered":"\n<div class=\"et_d4_element et_pb_section et_pb_section_0 et_pb_with_background  et_pb_css_mix_blend_mode et_section_regular et_block_section\" >\n\t\t\t\t\n\t\t\t\t\n\t\t\t\t\n\t\t\t\t\n\t\t\t\t\n\t\t\t\t\n\t\t\t\t<div class=\"et_d4_element et_pb_row et_pb_row_0  et_pb_css_mix_blend_mode et_block_row\">\n\t\t\t\t<div class=\"et_d4_element et_pb_column_4_4 et_pb_column et_pb_column_0  et_pb_css_mix_blend_mode et-last-child et_block_column\">\n\t\t\t\t\n\t\t\t\t\n\t\t\t\t\n\t\t\t\t\n\t\t\t\t<div class=\"et_pb_module et_d4_element et_pb_text et_pb_text_0  et_pb_text_align_left et_pb_bg_layout_light\">\n\t\t\t\t\n\t\t\t\t\n\t\t\t\t\n\t\t\t\t\n\t\t\t\t<div class=\"et_pb_text_inner\"><p><span style=\"text-decoration: underline;\"><span style=\"font-weight: 400;\"><\/span><\/span><\/p>\n<p><span style=\"text-decoration: underline; color: #dc0b00;\"><a href=\"https:\/\/socialinnovation.org\/news\/2024\/07\/10\/the-green-career-centres-journey-to-equity-in-the-green-economy\/\" style=\"color: #dc0b00; text-decoration: underline;\">Thank you to CSI for sharing this story on your platform, click here to read it there along with more of their impactful stories.<\/a><\/span><\/p><\/div>\n\t\t\t<\/div><div class=\"et_pb_module et_d4_element et_pb_text et_pb_text_1  et_pb_text_align_left et_pb_bg_layout_light\">\n\t\t\t\t\n\t\t\t\t\n\t\t\t\t\n\t\t\t\t\n\t\t\t\t<div class=\"et_pb_text_inner\"><p><span style=\"text-decoration: underline;\"><span style=\"font-weight: 400;\"><\/span><\/span><\/p>\n<p><span style=\"text-decoration: underline;\"><a href=\"https:\/\/www.linkedin.com\/in\/laurencastelino\/\"><span style=\"font-weight: 400;\">Lauren Castelino<\/span><\/a><\/span><span style=\"font-weight: 400;\">, an environmentalist, entrepreneur, researcher, and activist, shares her journey founding the Green Career Centre* in 2018.\u00a0<\/span><\/p>\n<p><span style=\"font-weight: 400;\">\u201cI started the Green Career Centre six years ago after I graduated from high school. I wanted to combine my interests of the environment, entrepreneurship, and youth empowerment to create something that others could get involved in tackling the issues that I was passionate about solving. We were quite different back then; we had a different name and focus, but we quickly evolved over time.\u201d Lauren explained.\u00a0<\/span><\/p>\n<p><span style=\"font-weight: 400;\">Funded by her university's research and experiential education offices, Lauren conducted <\/span><span style=\"text-decoration: underline;\"><a href=\"https:\/\/youtu.be\/2Hl1Cu9c5FI\"><span style=\"font-weight: 400;\">webinars<\/span><\/a><\/span><span style=\"font-weight: 400;\">, focus groups, and interviews to gather insights. Her efforts culminated in a <\/span><a href=\"https:\/\/www.greencareer.ca\/research\"><span style=\"font-weight: 400;\"><span style=\"text-decoration: underline;\">policy brief<\/span><\/span><\/a><span style=\"font-weight: 400;\"> presented to policymakers at Natural Resources Canada, advocating for the inclusion of underrepresented youth in employment programs.<\/span><\/p>\n<p><span style=\"font-weight: 400;\">\u201cI was so happy to see that my recommendation on lifting the cap on the number of hours that international students were restricted to working was eventually temporarily lifted for two years. I felt like my advocacy efforts paid off, and due to overwhelming demand for more equity-seeking youth wanting to land a green job, the Green Career Centre was born.\u201d Lauren shared.<\/span><\/p>\n<p><span style=\"font-weight: 400;\">The Green Career Centre stands out for several reasons, including its emphasis on consultation with the communities it serves. Through focus groups and consultations, particularly with BIPOC, women, and newcomers, the organization ensures its initiatives are responsive and representative. Their team composition reflects this commitment, with 89% BIPOC and 78% women representation.<\/span><\/p>\n<p><span style=\"font-weight: 400;\">\u201cEverything that we do and develop is done in direct consultation with the communities that we represent and serve. Whenever there\u2019s an issue that we want to tackle, we always start by hosting focus groups and consultations with impacted communities, specifically equity seeking communities\u2014young Black, Indigenous and People of Colour, women and newcomers.\u201d\u00a0<\/span><\/p>\n<p><span style=\"font-weight: 400;\">Action-oriented and centralized in its approach, the Green Career Centre prioritizes events and resources that are accessible and impactful. Their <\/span><span style=\"text-decoration: underline;\"><a href=\"https:\/\/www.greencareer.ca\/youth-green-jobs-network\"><span style=\"font-weight: 400;\">Youth Green Jobs Network job board<\/span><\/a><\/span><span style=\"font-weight: 400;\">, research publications, and workshops have garnered significant engagement, with over 1500 attendees at events and workshops.<\/span><\/p><\/div>\n\t\t\t<\/div><div class=\"et_pb_module et_d4_element et_pb_image et_pb_image_0\">\n\t\t\t\t\n\t\t\t\t\n\t\t\t\t\n\t\t\t\t\n\t\t\t\t<span class=\"et_pb_image_wrap \"><img data-recalc-dims=\"1\" loading=\"lazy\" decoding=\"async\" width=\"1080\" height=\"720\" src=\"https:\/\/i0.wp.com\/www.theyouthharbour.org\/wp-content\/uploads\/2024\/07\/GCC-147-1-scaled.webp?resize=1080%2C720&#038;ssl=1\" alt=\"\" title=\"GCC-147 (1)\" srcset=\"https:\/\/i0.wp.com\/www.theyouthharbour.org\/wp-content\/uploads\/2024\/07\/GCC-147-1-scaled.webp?w=2560&ssl=1 2560w, https:\/\/i0.wp.com\/www.theyouthharbour.org\/wp-content\/uploads\/2024\/07\/GCC-147-1-scaled.webp?resize=300%2C200&ssl=1 300w, https:\/\/i0.wp.com\/www.theyouthharbour.org\/wp-content\/uploads\/2024\/07\/GCC-147-1-scaled.webp?resize=1024%2C683&ssl=1 1024w, https:\/\/i0.wp.com\/www.theyouthharbour.org\/wp-content\/uploads\/2024\/07\/GCC-147-1-scaled.webp?resize=768%2C512&ssl=1 768w, https:\/\/i0.wp.com\/www.theyouthharbour.org\/wp-content\/uploads\/2024\/07\/GCC-147-1-scaled.webp?resize=1536%2C1024&ssl=1 1536w, https:\/\/i0.wp.com\/www.theyouthharbour.org\/wp-content\/uploads\/2024\/07\/GCC-147-1-scaled.webp?resize=2048%2C1365&ssl=1 2048w, https:\/\/i0.wp.com\/www.theyouthharbour.org\/wp-content\/uploads\/2024\/07\/GCC-147-1-scaled.webp?resize=18%2C12&ssl=1 18w, https:\/\/i0.wp.com\/www.theyouthharbour.org\/wp-content\/uploads\/2024\/07\/GCC-147-1-scaled.webp?resize=1080%2C720&ssl=1 1080w, https:\/\/i0.wp.com\/www.theyouthharbour.org\/wp-content\/uploads\/2024\/07\/GCC-147-1-scaled.webp?resize=1280%2C854&ssl=1 1280w, https:\/\/i0.wp.com\/www.theyouthharbour.org\/wp-content\/uploads\/2024\/07\/GCC-147-1-scaled.webp?resize=980%2C653&ssl=1 980w, https:\/\/i0.wp.com\/www.theyouthharbour.org\/wp-content\/uploads\/2024\/07\/GCC-147-1-scaled.webp?resize=480%2C320&ssl=1 480w, https:\/\/i0.wp.com\/www.theyouthharbour.org\/wp-content\/uploads\/2024\/07\/GCC-147-1-scaled.webp?w=2160&ssl=1 2160w\" sizes=\"(max-width: 1080px) 100vw, 1080px\" class=\"wp-image-30134\" \/><\/span>\n\t\t\t<\/div><div class=\"et_pb_module et_d4_element et_pb_text et_pb_text_2  et_pb_text_align_left et_pb_bg_layout_light\">\n\t\t\t\t\n\t\t\t\t\n\t\t\t\t\n\t\t\t\t\n\t\t\t\t<div class=\"et_pb_text_inner\"><p><span style=\"font-weight: 400;\">An annual<\/span><span style=\"text-decoration: underline;\"><a href=\"https:\/\/www.greencareer.ca\/blog\/green-opportunities-abound-highlights-from-the-green-career-fair\"><span style=\"font-weight: 400;\"> Green Career Fair<\/span><\/a><\/span><span style=\"font-weight: 400;\">, supported by <\/span><a href=\"https:\/\/www.theyouthharbour.org\/action-grants\/\"><span style=\"font-weight: 400;\"><span style=\"text-decoration: underline;\">The Youth Harbour Action Grant<\/span><\/span><\/a><span style=\"font-weight: 400;\">, has been a major achievement, attracting over 550 participants. The organization's resources, such as the <\/span><span style=\"text-decoration: underline;\"><a href=\"https:\/\/www.greencareer.ca\/wage-subsidy-matching-tool#\/\"><span style=\"font-weight: 400;\">Wage Subsidy Matching Tool<\/span><\/a><\/span><span style=\"font-weight: 400;\"> and <\/span><span style=\"text-decoration: underline;\"><a href=\"https:\/\/www.greencareer.ca\/green-equity-guide-for-employers\"><span style=\"font-weight: 400;\">Green Equity Guide for Employers<\/span><\/a><\/span><span style=\"font-weight: 400;\">, aim to promote inclusivity and equity in the sustainability sector.<\/span><\/p>\n<p><span style=\"font-weight: 400;\">\u201cThanks to [The Youth Harbour\u2019s] flexibility and accessibility as a youth-led organization, they supported our development of various green job resources as well as several research projects, including one that focuses on the federal government\u2019s Sustainable Jobs Plan.<\/span><\/p>\n<p><span style=\"font-weight: 400;\">They are also active members part of the Youth Harbour\u2019s <\/span><span style=\"text-decoration: underline;\"><a href=\"https:\/\/www.theyouthharbour.org\/climate-sharespace\/\"><span style=\"font-weight: 400;\">Climate ShareSpace<\/span><\/a><\/span><span style=\"font-weight: 400;\"> program at the Centre for Social Innovation (CSI):\u00a0<\/span><\/p>\n<p><span style=\"font-weight: 400;\">\u201cWe are very grateful to Climate ShareSpace for allowing our team to have the opportunity to convene in-person to actively work on our mission of preparing underrepresented youth for green careers. CSI's space has allowed our team to access vital services that our members cannot access at home such as high-speed internet; the environment is very social with a variety of community events such as the salad club that we've happily participated in.\u201d<\/span><\/p>\n<p><span style=\"font-weight: 400;\">Through its innovative approach and community-centered ethos, the Green Career Centre continues to empower marginalized youth and advance equity in the green economy.<\/span><\/p>\n<p><span style=\"font-weight: 400;\"><\/span><\/p>\n<p><em><span style=\"font-weight: 400;\">*The Green Career Centre is based in Tkaronto which is covered under Treaty 13, and they acknowledge that this is the traditional territory of many nations including the Mississaugas of the Credit, the Anishnabeg, the Chippewa and the Haudenosaunee and Wendat peoples.\u00a0<\/span><\/em><\/p><\/div>\n\t\t\t<\/div>\n\t\t\t<\/div>\n\t\t\t\t\n\t\t\t\t\n\t\t\t\t\n\t\t\t\t\n\t\t\t<\/div><div class=\"et_d4_element et_pb_row et_pb_row_1  et_pb_css_mix_blend_mode et_block_row\">\n\t\t\t\t<div class=\"et_d4_element et_pb_column_4_4 et_pb_column et_pb_column_1  et_pb_css_mix_blend_mode et-last-child et_block_column\">\n\t\t\t\t\n\t\t\t\t\n\t\t\t\t\n\t\t\t\t\n\t\t\t\t<div class=\"et_pb_module et_d4_element et_pb_image et_pb_image_1\">\n\t\t\t\t\n\t\t\t\t\n\t\t\t\t\n\t\t\t\t\n\t\t\t\t<span class=\"et_pb_image_wrap \"><img data-recalc-dims=\"1\" loading=\"lazy\" decoding=\"async\" width=\"1080\" height=\"690\" src=\"https:\/\/i0.wp.com\/www.theyouthharbour.org\/wp-content\/uploads\/2024\/07\/Group-Photo.png?resize=1080%2C690&#038;ssl=1\" alt=\"\" title=\"Group Photo\" srcset=\"https:\/\/i0.wp.com\/www.theyouthharbour.org\/wp-content\/uploads\/2024\/07\/Group-Photo.png?w=5639&ssl=1 5639w, https:\/\/i0.wp.com\/www.theyouthharbour.org\/wp-content\/uploads\/2024\/07\/Group-Photo.png?resize=300%2C192&ssl=1 300w, https:\/\/i0.wp.com\/www.theyouthharbour.org\/wp-content\/uploads\/2024\/07\/Group-Photo.png?resize=1024%2C654&ssl=1 1024w, https:\/\/i0.wp.com\/www.theyouthharbour.org\/wp-content\/uploads\/2024\/07\/Group-Photo.png?resize=768%2C491&ssl=1 768w, https:\/\/i0.wp.com\/www.theyouthharbour.org\/wp-content\/uploads\/2024\/07\/Group-Photo.png?resize=1536%2C982&ssl=1 1536w, https:\/\/i0.wp.com\/www.theyouthharbour.org\/wp-content\/uploads\/2024\/07\/Group-Photo.png?resize=2048%2C1309&ssl=1 2048w, https:\/\/i0.wp.com\/www.theyouthharbour.org\/wp-content\/uploads\/2024\/07\/Group-Photo.png?resize=18%2C12&ssl=1 18w, https:\/\/i0.wp.com\/www.theyouthharbour.org\/wp-content\/uploads\/2024\/07\/Group-Photo.png?resize=1080%2C690&ssl=1 1080w, https:\/\/i0.wp.com\/www.theyouthharbour.org\/wp-content\/uploads\/2024\/07\/Group-Photo.png?resize=1280%2C818&ssl=1 1280w, https:\/\/i0.wp.com\/www.theyouthharbour.org\/wp-content\/uploads\/2024\/07\/Group-Photo.png?resize=980%2C626&ssl=1 980w, https:\/\/i0.wp.com\/www.theyouthharbour.org\/wp-content\/uploads\/2024\/07\/Group-Photo.png?resize=480%2C307&ssl=1 480w, https:\/\/i0.wp.com\/www.theyouthharbour.org\/wp-content\/uploads\/2024\/07\/Group-Photo.png?w=2160&ssl=1 2160w, https:\/\/i0.wp.com\/www.theyouthharbour.org\/wp-content\/uploads\/2024\/07\/Group-Photo.png?w=3240&ssl=1 3240w\" sizes=\"(max-width: 1080px) 100vw, 1080px\" class=\"wp-image-30135\" \/><\/span>\n\t\t\t<\/div>\n\t\t\t<\/div>\n\t\t\t\t\n\t\t\t\t\n\t\t\t\t\n\t\t\t\t\n\t\t\t<\/div>\n\t\t\t\t\n\t\t\t\t\n\t\t\t<\/div>\n","protected":false},"excerpt":{"rendered":"","protected":false},"author":6,"featured_media":30137,"comment_status":"open","ping_status":"open","sticky":false,"template":"our-updates","format":"standard","meta":{"_acf_changed":false,"nf_dc_page":"","_et_pb_use_builder":"on","_et_pb_old_content":"<!-- wp:paragraph -->\n<p class=\"\">In September, FES was at New York Climate Week. The first of three blog posts sharing Kat\u2019s (Executive Director) and Jess\u2019 (Program Director) experience and reflections at the People\u2019s March, and what it was like being with over 75,000 people on the ground, advocating for climate action.<\/p>\n<!-- \/wp:paragraph -->\n\n<!-- wp:paragraph -->\n<p class=\"\"><\/p>\n<!-- \/wp:paragraph -->\n\n<!-- wp:paragraph -->\n<p class=\"\"><\/p>\n<!-- \/wp:paragraph -->","_et_gb_content_width":"","_jetpack_newsletter_access":"","_jetpack_dont_email_post_to_subs":false,"_jetpack_newsletter_tier_id":0,"_jetpack_memberships_contains_paywalled_content":false,"_jetpack_feature_clip_id":0,"_jetpack_memberships_contains_paid_content":false,"footnotes":"","jetpack_post_was_ever_published":false},"categories":[104],"tags":[],"class_list":["post-30133","post","type-post","status-publish","format-standard","has-post-thumbnail","hentry","category-impact-story"],"acf":[],"yoast_head":"<!-- This site is optimized with the Yoast SEO plugin v28.4 - https:\/\/yoast.com\/product\/yoast-seo-wordpress\/ -->\n<title>The Green Career Centre&#039;s Journey to Equity in the Green Economy - The Youth Harbour<\/title>\n<meta name=\"robots\" content=\"index, follow, max-snippet:-1, max-image-preview:large, max-video-preview:-1\" \/>\n<link rel=\"canonical\" href=\"https:\/\/www.theyouthharbour.org\/fr\/impact-story\/the-green-career-centre-the-green-career-centres-journey-to-equity-in-the-green-economy\/\" \/>\n<meta property=\"og:locale\" content=\"fr_CA\" \/>\n<meta property=\"og:type\" content=\"article\" \/>\n<meta property=\"og:title\" content=\"The Green Career Centre&#039;s Journey to Equity in the Green Economy - The Youth Harbour\" \/>\n<meta property=\"og:url\" content=\"https:\/\/www.theyouthharbour.org\/fr\/impact-story\/the-green-career-centre-the-green-career-centres-journey-to-equity-in-the-green-economy\/\" \/>\n<meta property=\"og:site_name\" content=\"The Youth Harbour\" \/>\n<meta property=\"article:published_time\" content=\"2024-07-10T18:29:05+00:00\" \/>\n<meta property=\"article:modified_time\" content=\"2025-02-25T21:16:24+00:00\" \/>\n<meta property=\"og:image\" content=\"https:\/\/i0.wp.com\/www.theyouthharbour.org\/wp-content\/uploads\/2024\/07\/Green-Career-Center.png?fit=600%2C400&ssl=1\" \/>\n\t<meta property=\"og:image:width\" content=\"600\" \/>\n\t<meta property=\"og:image:height\" content=\"400\" \/>\n\t<meta property=\"og:image:type\" content=\"image\/png\" \/>\n<meta name=\"author\" content=\"Jacqueline O&#039;Neill Huerta\" \/>\n<meta name=\"twitter:card\" content=\"summary_large_image\" \/>\n<meta name=\"twitter:label1\" content=\"\u00c9crit par\" \/>\n\t<meta name=\"twitter:data1\" content=\"Jacqueline O&#039;Neill Huerta\" \/>\n\t<meta name=\"twitter:label2\" content=\"Estimation du temps de lecture\" \/>\n\t<meta name=\"twitter:data2\" content=\"4 minutes\" \/>\n<script type=\"application\/ld+json\" class=\"yoast-schema-graph\">{\"@context\":\"https:\\\/\\\/schema.org\",\"@graph\":[{\"@type\":\"Article\",\"@id\":\"https:\\\/\\\/www.theyouthharbour.org\\\/impact-story\\\/the-green-career-centre-the-green-career-centres-journey-to-equity-in-the-green-economy\\\/#article\",\"isPartOf\":{\"@id\":\"https:\\\/\\\/www.theyouthharbour.org\\\/impact-story\\\/the-green-career-centre-the-green-career-centres-journey-to-equity-in-the-green-economy\\\/\"},\"author\":{\"name\":\"Jacqueline O'Neill Huerta\",\"@id\":\"https:\\\/\\\/www.theyouthharbour.org\\\/#\\\/schema\\\/person\\\/8a0e608eac853577cab561fafb055a0a\"},\"headline\":\"The Green Career Centre&#8217;s Journey to Equity in the Green Economy\",\"datePublished\":\"2024-07-10T18:29:05+00:00\",\"dateModified\":\"2025-02-25T21:16:24+00:00\",\"mainEntityOfPage\":{\"@id\":\"https:\\\/\\\/www.theyouthharbour.org\\\/impact-story\\\/the-green-career-centre-the-green-career-centres-journey-to-equity-in-the-green-economy\\\/\"},\"wordCount\":934,\"commentCount\":0,\"image\":{\"@id\":\"https:\\\/\\\/www.theyouthharbour.org\\\/impact-story\\\/the-green-career-centre-the-green-career-centres-journey-to-equity-in-the-green-economy\\\/#primaryimage\"},\"thumbnailUrl\":\"https:\\\/\\\/i0.wp.com\\\/www.theyouthharbour.org\\\/wp-content\\\/uploads\\\/2024\\\/07\\\/Green-Career-Center.png?fit=600%2C400&ssl=1\",\"articleSection\":[\"Impact Story\"],\"inLanguage\":\"fr-CA\",\"potentialAction\":[{\"@type\":\"CommentAction\",\"name\":\"Comment\",\"target\":[\"https:\\\/\\\/www.theyouthharbour.org\\\/impact-story\\\/the-green-career-centre-the-green-career-centres-journey-to-equity-in-the-green-economy\\\/#respond\"]}]},{\"@type\":\"WebPage\",\"@id\":\"https:\\\/\\\/www.theyouthharbour.org\\\/impact-story\\\/the-green-career-centre-the-green-career-centres-journey-to-equity-in-the-green-economy\\\/\",\"url\":\"https:\\\/\\\/www.theyouthharbour.org\\\/impact-story\\\/the-green-career-centre-the-green-career-centres-journey-to-equity-in-the-green-economy\\\/\",\"name\":\"The Green Career Centre's Journey to Equity in the Green Economy - The Youth Harbour\",\"isPartOf\":{\"@id\":\"https:\\\/\\\/www.theyouthharbour.org\\\/#website\"},\"primaryImageOfPage\":{\"@id\":\"https:\\\/\\\/www.theyouthharbour.org\\\/impact-story\\\/the-green-career-centre-the-green-career-centres-journey-to-equity-in-the-green-economy\\\/#primaryimage\"},\"image\":{\"@id\":\"https:\\\/\\\/www.theyouthharbour.org\\\/impact-story\\\/the-green-career-centre-the-green-career-centres-journey-to-equity-in-the-green-economy\\\/#primaryimage\"},\"thumbnailUrl\":\"https:\\\/\\\/i0.wp.com\\\/www.theyouthharbour.org\\\/wp-content\\\/uploads\\\/2024\\\/07\\\/Green-Career-Center.png?fit=600%2C400&ssl=1\",\"datePublished\":\"2024-07-10T18:29:05+00:00\",\"dateModified\":\"2025-02-25T21:16:24+00:00\",\"author\":{\"@id\":\"https:\\\/\\\/www.theyouthharbour.org\\\/#\\\/schema\\\/person\\\/8a0e608eac853577cab561fafb055a0a\"},\"breadcrumb\":{\"@id\":\"https:\\\/\\\/www.theyouthharbour.org\\\/impact-story\\\/the-green-career-centre-the-green-career-centres-journey-to-equity-in-the-green-economy\\\/#breadcrumb\"},\"inLanguage\":\"fr-CA\",\"potentialAction\":[{\"@type\":\"ReadAction\",\"target\":[\"https:\\\/\\\/www.theyouthharbour.org\\\/impact-story\\\/the-green-career-centre-the-green-career-centres-journey-to-equity-in-the-green-economy\\\/\"]}]},{\"@type\":\"ImageObject\",\"inLanguage\":\"fr-CA\",\"@id\":\"https:\\\/\\\/www.theyouthharbour.org\\\/impact-story\\\/the-green-career-centre-the-green-career-centres-journey-to-equity-in-the-green-economy\\\/#primaryimage\",\"url\":\"https:\\\/\\\/i0.wp.com\\\/www.theyouthharbour.org\\\/wp-content\\\/uploads\\\/2024\\\/07\\\/Green-Career-Center.png?fit=600%2C400&ssl=1\",\"contentUrl\":\"https:\\\/\\\/i0.wp.com\\\/www.theyouthharbour.org\\\/wp-content\\\/uploads\\\/2024\\\/07\\\/Green-Career-Center.png?fit=600%2C400&ssl=1\",\"width\":600,\"height\":400},{\"@type\":\"BreadcrumbList\",\"@id\":\"https:\\\/\\\/www.theyouthharbour.org\\\/impact-story\\\/the-green-career-centre-the-green-career-centres-journey-to-equity-in-the-green-economy\\\/#breadcrumb\",\"itemListElement\":[{\"@type\":\"ListItem\",\"position\":1,\"name\":\"Home\",\"item\":\"https:\\\/\\\/www.theyouthharbour.org\\\/\"},{\"@type\":\"ListItem\",\"position\":2,\"name\":\"The Green Career Centre&#8217;s Journey to Equity in the Green Economy\"}]},{\"@type\":\"WebSite\",\"@id\":\"https:\\\/\\\/www.theyouthharbour.org\\\/#website\",\"url\":\"https:\\\/\\\/www.theyouthharbour.org\\\/\",\"name\":\"The Youth Harbour\",\"description\":\"Youth-for-youth climate support system.\",\"potentialAction\":[{\"@type\":\"SearchAction\",\"target\":{\"@type\":\"EntryPoint\",\"urlTemplate\":\"https:\\\/\\\/www.theyouthharbour.org\\\/?s={search_term_string}\"},\"query-input\":{\"@type\":\"PropertyValueSpecification\",\"valueRequired\":true,\"valueName\":\"search_term_string\"}}],\"inLanguage\":\"fr-CA\"},{\"@type\":\"Person\",\"@id\":\"https:\\\/\\\/www.theyouthharbour.org\\\/#\\\/schema\\\/person\\\/8a0e608eac853577cab561fafb055a0a\",\"name\":\"Jacqueline O'Neill Huerta\",\"image\":{\"@type\":\"ImageObject\",\"inLanguage\":\"fr-CA\",\"@id\":\"https:\\\/\\\/secure.gravatar.com\\\/avatar\\\/ef0ef95f9a3e172546801de5cb5e89cea98763ef681c5cb5def86c15f97ac89c?s=96&d=mm&r=g\",\"url\":\"https:\\\/\\\/secure.gravatar.com\\\/avatar\\\/ef0ef95f9a3e172546801de5cb5e89cea98763ef681c5cb5def86c15f97ac89c?s=96&d=mm&r=g\",\"contentUrl\":\"https:\\\/\\\/secure.gravatar.com\\\/avatar\\\/ef0ef95f9a3e172546801de5cb5e89cea98763ef681c5cb5def86c15f97ac89c?s=96&d=mm&r=g\",\"caption\":\"Jacqueline O'Neill Huerta\"},\"url\":\"https:\\\/\\\/www.theyouthharbour.org\\\/fr\\\/author\\\/jacqueline\\\/\"}]}<\/script>\n<!-- \/ Yoast SEO plugin. -->","yoast_head_json":{"title":"The Green Career Centre's Journey to Equity in the Green Economy - The Youth Harbour","robots":{"index":"index","follow":"follow","max-snippet":"max-snippet:-1","max-image-preview":"max-image-preview:large","max-video-preview":"max-video-preview:-1"},"canonical":"https:\/\/www.theyouthharbour.org\/fr\/impact-story\/the-green-career-centre-the-green-career-centres-journey-to-equity-in-the-green-economy\/","og_locale":"fr_CA","og_type":"article","og_title":"The Green Career Centre's Journey to Equity in the Green Economy - The Youth Harbour","og_url":"https:\/\/www.theyouthharbour.org\/fr\/impact-story\/the-green-career-centre-the-green-career-centres-journey-to-equity-in-the-green-economy\/","og_site_name":"The Youth Harbour","article_published_time":"2024-07-10T18:29:05+00:00","article_modified_time":"2025-02-25T21:16:24+00:00","og_image":[{"width":600,"height":400,"url":"https:\/\/i0.wp.com\/www.theyouthharbour.org\/wp-content\/uploads\/2024\/07\/Green-Career-Center.png?fit=600%2C400&ssl=1","type":"image\/png"}],"author":"Jacqueline O'Neill Huerta","twitter_card":"summary_large_image","twitter_misc":{"\u00c9crit par":"Jacqueline O'Neill Huerta","Estimation du temps de lecture":"4 minutes"},"schema":{"@context":"https:\/\/schema.org","@graph":[{"@type":"Article","@id":"https:\/\/www.theyouthharbour.org\/impact-story\/the-green-career-centre-the-green-career-centres-journey-to-equity-in-the-green-economy\/#article","isPartOf":{"@id":"https:\/\/www.theyouthharbour.org\/impact-story\/the-green-career-centre-the-green-career-centres-journey-to-equity-in-the-green-economy\/"},"author":{"name":"Jacqueline O'Neill Huerta","@id":"https:\/\/www.theyouthharbour.org\/#\/schema\/person\/8a0e608eac853577cab561fafb055a0a"},"headline":"The Green Career Centre&#8217;s Journey to Equity in the Green Economy","datePublished":"2024-07-10T18:29:05+00:00","dateModified":"2025-02-25T21:16:24+00:00","mainEntityOfPage":{"@id":"https:\/\/www.theyouthharbour.org\/impact-story\/the-green-career-centre-the-green-career-centres-journey-to-equity-in-the-green-economy\/"},"wordCount":934,"commentCount":0,"image":{"@id":"https:\/\/www.theyouthharbour.org\/impact-story\/the-green-career-centre-the-green-career-centres-journey-to-equity-in-the-green-economy\/#primaryimage"},"thumbnailUrl":"https:\/\/i0.wp.com\/www.theyouthharbour.org\/wp-content\/uploads\/2024\/07\/Green-Career-Center.png?fit=600%2C400&ssl=1","articleSection":["Impact Story"],"inLanguage":"fr-CA","potentialAction":[{"@type":"CommentAction","name":"Comment","target":["https:\/\/www.theyouthharbour.org\/impact-story\/the-green-career-centre-the-green-career-centres-journey-to-equity-in-the-green-economy\/#respond"]}]},{"@type":"WebPage","@id":"https:\/\/www.theyouthharbour.org\/impact-story\/the-green-career-centre-the-green-career-centres-journey-to-equity-in-the-green-economy\/","url":"https:\/\/www.theyouthharbour.org\/impact-story\/the-green-career-centre-the-green-career-centres-journey-to-equity-in-the-green-economy\/","name":"The Green Career Centre's Journey to Equity in the Green Economy - The Youth Harbour","isPartOf":{"@id":"https:\/\/www.theyouthharbour.org\/#website"},"primaryImageOfPage":{"@id":"https:\/\/www.theyouthharbour.org\/impact-story\/the-green-career-centre-the-green-career-centres-journey-to-equity-in-the-green-economy\/#primaryimage"},"image":{"@id":"https:\/\/www.theyouthharbour.org\/impact-story\/the-green-career-centre-the-green-career-centres-journey-to-equity-in-the-green-economy\/#primaryimage"},"thumbnailUrl":"https:\/\/i0.wp.com\/www.theyouthharbour.org\/wp-content\/uploads\/2024\/07\/Green-Career-Center.png?fit=600%2C400&ssl=1","datePublished":"2024-07-10T18:29:05+00:00","dateModified":"2025-02-25T21:16:24+00:00","author":{"@id":"https:\/\/www.theyouthharbour.org\/#\/schema\/person\/8a0e608eac853577cab561fafb055a0a"},"breadcrumb":{"@id":"https:\/\/www.theyouthharbour.org\/impact-story\/the-green-career-centre-the-green-career-centres-journey-to-equity-in-the-green-economy\/#breadcrumb"},"inLanguage":"fr-CA","potentialAction":[{"@type":"ReadAction","target":["https:\/\/www.theyouthharbour.org\/impact-story\/the-green-career-centre-the-green-career-centres-journey-to-equity-in-the-green-economy\/"]}]},{"@type":"ImageObject","inLanguage":"fr-CA","@id":"https:\/\/www.theyouthharbour.org\/impact-story\/the-green-career-centre-the-green-career-centres-journey-to-equity-in-the-green-economy\/#primaryimage","url":"https:\/\/i0.wp.com\/www.theyouthharbour.org\/wp-content\/uploads\/2024\/07\/Green-Career-Center.png?fit=600%2C400&ssl=1","contentUrl":"https:\/\/i0.wp.com\/www.theyouthharbour.org\/wp-content\/uploads\/2024\/07\/Green-Career-Center.png?fit=600%2C400&ssl=1","width":600,"height":400},{"@type":"BreadcrumbList","@id":"https:\/\/www.theyouthharbour.org\/impact-story\/the-green-career-centre-the-green-career-centres-journey-to-equity-in-the-green-economy\/#breadcrumb","itemListElement":[{"@type":"ListItem","position":1,"name":"Home","item":"https:\/\/www.theyouthharbour.org\/"},{"@type":"ListItem","position":2,"name":"The Green Career Centre&#8217;s Journey to Equity in the Green Economy"}]},{"@type":"WebSite","@id":"https:\/\/www.theyouthharbour.org\/#website","url":"https:\/\/www.theyouthharbour.org\/","name":"Le Havre jeunesse","description":"Youth-for-youth climate support system.","potentialAction":[{"@type":"SearchAction","target":{"@type":"EntryPoint","urlTemplate":"https:\/\/www.theyouthharbour.org\/?s={search_term_string}"},"query-input":{"@type":"PropertyValueSpecification","valueRequired":true,"valueName":"search_term_string"}}],"inLanguage":"fr-CA"},{"@type":"Person","@id":"https:\/\/www.theyouthharbour.org\/#\/schema\/person\/8a0e608eac853577cab561fafb055a0a","name":"Jacqueline O'Neill Huerta","image":{"@type":"ImageObject","inLanguage":"fr-CA","@id":"https:\/\/secure.gravatar.com\/avatar\/ef0ef95f9a3e172546801de5cb5e89cea98763ef681c5cb5def86c15f97ac89c?s=96&d=mm&r=g","url":"https:\/\/secure.gravatar.com\/avatar\/ef0ef95f9a3e172546801de5cb5e89cea98763ef681c5cb5def86c15f97ac89c?s=96&d=mm&r=g","contentUrl":"https:\/\/secure.gravatar.com\/avatar\/ef0ef95f9a3e172546801de5cb5e89cea98763ef681c5cb5def86c15f97ac89c?s=96&d=mm&r=g","caption":"Jacqueline O'Neill Huerta"},"url":"https:\/\/www.theyouthharbour.org\/fr\/author\/jacqueline\/"}]}},"jetpack_sharing_enabled":true,"jetpack_featured_media_url":"https:\/\/i0.wp.com\/www.theyouthharbour.org\/wp-content\/uploads\/2024\/07\/Green-Career-Center.png?fit=600%2C400&ssl=1","_links":{"self":[{"href":"https:\/\/www.theyouthharbour.org\/fr\/wp-json\/wp\/v2\/posts\/30133","targetHints":{"allow":["GET"]}}],"collection":[{"href":"https:\/\/www.theyouthharbour.org\/fr\/wp-json\/wp\/v2\/posts"}],"about":[{"href":"https:\/\/www.theyouthharbour.org\/fr\/wp-json\/wp\/v2\/types\/post"}],"author":[{"embeddable":true,"href":"https:\/\/www.theyouthharbour.org\/fr\/wp-json\/wp\/v2\/users\/6"}],"replies":[{"embeddable":true,"href":"https:\/\/www.theyouthharbour.org\/fr\/wp-json\/wp\/v2\/comments?post=30133"}],"version-history":[{"count":5,"href":"https:\/\/www.theyouthharbour.org\/fr\/wp-json\/wp\/v2\/posts\/30133\/revisions"}],"predecessor-version":[{"id":30358,"href":"https:\/\/www.theyouthharbour.org\/fr\/wp-json\/wp\/v2\/posts\/30133\/revisions\/30358"}],"wp:featuredmedia":[{"embeddable":true,"href":"https:\/\/www.theyouthharbour.org\/fr\/wp-json\/wp\/v2\/media\/30137"}],"wp:attachment":[{"href":"https:\/\/www.theyouthharbour.org\/fr\/wp-json\/wp\/v2\/media?parent=30133"}],"wp:term":[{"taxonomy":"category","embeddable":true,"href":"https:\/\/www.theyouthharbour.org\/fr\/wp-json\/wp\/v2\/categories?post=30133"},{"taxonomy":"post_tag","embeddable":true,"href":"https:\/\/www.theyouthharbour.org\/fr\/wp-json\/wp\/v2\/tags?post=30133"}],"curies":[{"name":"wp","href":"https:\/\/api.w.org\/{rel}","templated":true}]}}