{"id":30141,"date":"2024-07-12T15:36:46","date_gmt":"2024-07-12T15:36:46","guid":{"rendered":"https:\/\/www.theyouthharbour.org\/?p=30141"},"modified":"2025-02-25T21:16:15","modified_gmt":"2025-02-25T21:16:15","slug":"fostering-safe-spaces-for-marginalized-communities","status":"publish","type":"post","link":"https:\/\/www.theyouthharbour.org\/fr\/impact-story\/fostering-safe-spaces-for-marginalized-communities\/","title":{"rendered":"Rising from our Roots: Favoriser des espaces s\u00fbrs pour les communaut\u00e9s marginalis\u00e9es"},"content":{"rendered":"<div class=\"et_d4_element et_pb_section et_pb_section_0 et_pb_with_background  et_pb_css_mix_blend_mode et_section_regular et_block_section\" >\n\t\t\t\t\n\t\t\t\t\n\t\t\t\t\n\t\t\t\t\n\t\t\t\t\n\t\t\t\t\n\t\t\t\t<div class=\"et_d4_element et_pb_row et_pb_row_0  et_pb_css_mix_blend_mode et_block_row\">\n\t\t\t\t<div class=\"et_d4_element et_pb_column_4_4 et_pb_column et_pb_column_0  et_pb_css_mix_blend_mode et-last-child et_block_column\">\n\t\t\t\t\n\t\t\t\t\n\t\t\t\t\n\t\t\t\t\n\t\t\t\t<div class=\"et_pb_module et_d4_element et_pb_text et_pb_text_0  et_pb_text_align_left et_pb_bg_layout_light\">\n\t\t\t\t\n\t\t\t\t\n\t\t\t\t\n\t\t\t\t\n\t\t\t\t<div class=\"et_pb_text_inner\"><p><span style=\"font-weight: 400; color: #dc0b00;\"><a href=\"https:\/\/socialinnovation.org\/news\/2024\/07\/16\/rising-from-our-roots-fostering-safe-spaces-for-marginalized-communities\/\" style=\"color: #dc0b00;\">Thank you to The Centre for Social Innovation for sharing this story on your platform, click here to read it there along with more of their impactful stories.<\/a><\/span><span style=\"font-weight: 400;\"><\/span><\/p>\n<p><span style=\"font-weight: 400;\">Atreyu Lewis, the founder of Rising from our Roots, shares insights into their grassroots organization's mission. Operating in Toronto* and Montreal<\/span><span style=\"font-weight: 400;\">*<\/span><span style=\"font-weight: 400;\">ce groupe enti\u00e8rement g\u00e9r\u00e9 par des b\u00e9n\u00e9voles vise \u00e0 soutenir les jeunes marginalis\u00e9s, en particulier ceux qui sont BIPOC, 2SLGBTQ+ et\/ou handicap\u00e9s.<\/span><\/p>\n<p><span style=\"font-weight: 400;\">Leur \u00e9v\u00e9nement, The Climate Roots Fair, fait le lien entre l'art, la justice climatique et la solidarit\u00e9 communautaire. Atreyu explique que Rising from our Roots se concentre sur la fourniture de ressources et d'espaces s\u00fbrs pour les jeunes marginalis\u00e9s. Ils organisent des formations sur la r\u00e9duction des risques et l'anti-oppression et accueillent des \u00e9v\u00e9nements de solidarit\u00e9 communautaire dans les deux villes.<\/span><\/p>\n<p><span style=\"font-weight: 400;\">Atreyu explique que ce qui a inspir\u00e9 l'id\u00e9e de la Climate Roots Fair, c'est d'avoir assist\u00e9 \u00e0 d'autres \u00e9v\u00e9nements et de s'\u00eatre dit : \"<\/span><i><span style=\"font-weight: 400;\">Ce serait cool de fusionner l'art et la justice sociale, et d'inviter les jeunes \u00e0 faire la f\u00eate ensemble, \u00e0 \u00e9couter de la musique et \u00e0 trouver de nouveaux d\u00e9bouch\u00e9s pour consommer des produits plus durables.\"<\/span><\/i><\/p>\n<p><span style=\"font-weight: 400;\">La Climate Roots Fair vise \u00e0 combler les lacunes en mati\u00e8re de repr\u00e9sentation et d'accessibilit\u00e9 pour les artistes et les vendeurs sous-repr\u00e9sent\u00e9s. Atreyu a \u00e9t\u00e9 inspir\u00e9 par des conversations avec des amis victimes de discrimination dans les march\u00e9s traditionnels. Ils ont imagin\u00e9 un \u00e9v\u00e9nement inclusif fusionnant l'art, la justice sociale et l'action climatique.<\/span><\/p>\n<p><span style=\"font-weight: 400;\">Atreyu a pens\u00e9 qu'il serait formidable qu'il y ait un \"<\/span><i><span style=\"font-weight: 400;\">\u00e9v\u00e9nement qui croise les jeunes artistes sous-repr\u00e9sent\u00e9s et les petites entreprises dans un espace accueillant pour eux\",<\/span><\/i><span style=\"font-weight: 400;\">tout en fusionnant la discussion et l'intersectionnalit\u00e9 avec l'action climatique.\u00a0<\/span><\/p>\n<p><span style=\"font-weight: 400;\">Occurring on March 9, 2024, at Toronto's Centre for Social Innovation, the fair included panel discussions with climate activists and a market featuring local artists and sustainable businesses. The aim was twofold: to engage youth in climate discussions and promote underrepresented artists and vendors.<\/span><\/p>\n<p><span style=\"font-weight: 400;\">La foire pr\u00e9sente des artistes BIPOC, Queer, Trans et des vendeurs proposant des alternatives de mode durable. Atreyu esp\u00e9rait une participation de 50 \u00e0 100 personnes, en mettant l'accent sur l'accessibilit\u00e9 et l'inclusivit\u00e9 pour tous les participants. Les vendeurs re\u00e7oivent des honoraires pour assurer une participation \u00e9quitable.<\/span><\/p>\n<p><span style=\"font-weight: 400;\">Atreyu a indiqu\u00e9 que <\/span><i><span style=\"font-weight: 400;\">\"l'objectif final est que les gens se r\u00e9approprient et s'enracinent dans leurs identit\u00e9s\".<\/span><\/i><span style=\"font-weight: 400;\">\u201d<\/span><\/p><\/div>\n\t\t\t<\/div><div class=\"et_pb_module et_d4_element et_pb_image et_pb_image_0\">\n\t\t\t\t\n\t\t\t\t\n\t\t\t\t\n\t\t\t\t\n\t\t\t\t<span class=\"et_pb_image_wrap\"><img data-recalc-dims=\"1\" loading=\"lazy\" decoding=\"async\" width=\"1080\" height=\"1350\" src=\"https:\/\/i0.wp.com\/www.theyouthharbour.org\/wp-content\/uploads\/2024\/07\/Rising-from-our-roots--jpg.webp?resize=1080%2C1350&#038;ssl=1\" alt=\"\" title=\"Rising from our roots\" srcset=\"https:\/\/i0.wp.com\/www.theyouthharbour.org\/wp-content\/uploads\/2024\/07\/Rising-from-our-roots--jpg.webp?w=1080&ssl=1 1080w, https:\/\/i0.wp.com\/www.theyouthharbour.org\/wp-content\/uploads\/2024\/07\/Rising-from-our-roots--jpg.webp?resize=240%2C300&ssl=1 240w, https:\/\/i0.wp.com\/www.theyouthharbour.org\/wp-content\/uploads\/2024\/07\/Rising-from-our-roots--jpg.webp?resize=819%2C1024&ssl=1 819w, https:\/\/i0.wp.com\/www.theyouthharbour.org\/wp-content\/uploads\/2024\/07\/Rising-from-our-roots--jpg.webp?resize=768%2C960&ssl=1 768w, https:\/\/i0.wp.com\/www.theyouthharbour.org\/wp-content\/uploads\/2024\/07\/Rising-from-our-roots--jpg.webp?resize=10%2C12&ssl=1 10w, https:\/\/i0.wp.com\/www.theyouthharbour.org\/wp-content\/uploads\/2024\/07\/Rising-from-our-roots--jpg.webp?resize=980%2C1225&ssl=1 980w, https:\/\/i0.wp.com\/www.theyouthharbour.org\/wp-content\/uploads\/2024\/07\/Rising-from-our-roots--jpg.webp?resize=480%2C600&ssl=1 480w\" sizes=\"(max-width: 1080px) 100vw, 1080px\" class=\"wp-image-30143\" \/><\/span>\n\t\t\t<\/div><div class=\"et_pb_module et_d4_element et_pb_text et_pb_text_1  et_pb_text_align_left et_pb_bg_layout_light\">\n\t\t\t\t\n\t\t\t\t\n\t\t\t\t\n\t\t\t\t\n\t\t\t\t<div class=\"et_pb_text_inner\"><p><span style=\"font-weight: 400;\">Les participants se sont entretenus avec des \u00e9ducateurs sur des sujets tels que la mode lente, l'art populaire et les strat\u00e9gies de r\u00e9silience climatique. Des artistes ind\u00e9pendants ont cr\u00e9\u00e9 et partag\u00e9 des \u0153uvres d'art, favorisant ainsi l'engagement et la discussion au sein de la communaut\u00e9.<\/span><\/p>\n<p><span style=\"font-weight: 400;\">Lors de l'organisation de l'\u00e9v\u00e9nement, Rising from our Roots a d\u00fb faire face \u00e0 des d\u00e9fis en mati\u00e8re de marketing et de sensibilisation. Ses ressources limit\u00e9es l'obligent \u00e0 choisir des lieux strat\u00e9giques et \u00e0 s'appuyer sur les r\u00e9seaux sociaux et les r\u00e9seaux locaux pour assurer sa promotion. L'obtention de subventions, comme celles du <\/span><span style=\"text-decoration: underline;\"><a href=\"https:\/\/www.theyouthharbour.org\/fr\/\"><span style=\"font-weight: 400;\">Le Havre jeunesse<\/span><\/a><\/span><span style=\"font-weight: 400;\"><span style=\"text-decoration: underline;\">,<\/span> permet de couvrir les co\u00fbts de l'\u00e9v\u00e9nement et d'en \u00e9largir la port\u00e9e.<\/span><\/p>\n<p><span style=\"font-weight: 400;\"><\/span><\/p>\n<p><span style=\"font-weight: 400;\">Ils sont \u00e9galement des membres actifs du programme <span style=\"text-decoration: underline;\"><a href=\"https:\/\/www.theyouthharbour.org\/fr\/climate-sharespace\/\">Espace Climat <\/a><\/span><\/span><a href=\"https:\/\/www.theyouthharbour.org\/fr\/climate-sharespace\/\"><span style=\"text-decoration: underline;\"><span style=\"font-weight: 400;\">du Havre Jeunesse<\/span><\/span><span style=\"font-weight: 400;\">e<\/span><\/a><span style=\"font-weight: 400;\"> au Centre pour l'innovation sociale (CSI) :\u00a0<\/span><\/p>\n<p><span style=\"font-weight: 400;\">\"Being a member at the CSI workplace is a great opportunity to be able to co-work with other like-minded youth and meet other members who live in the city and are doing work on social justice advocacy, climate justice and public policy. It's an accessible environment where I can both do grassroots work and run events for youth who are looking for a safe third space in the city,\" Atreyu shared.<\/span><\/p>\n<p><span style=\"font-weight: 400;\">L'objectif principal de la foire, et de tous les \u00e9v\u00e9nements Rising from our Roots, est de cr\u00e9er des espaces inclusifs o\u00f9 les membres des communaut\u00e9s marginalis\u00e9es, en particulier les jeunes, se sentent entendus et responsabilis\u00e9s. Atreyu souligne l'importance de la r\u00e9cup\u00e9ration des identit\u00e9s et de la promotion des soins communautaires par le biais de connaissances non hi\u00e9rarchiques et anti-oppressives.<\/span><\/p>\n<p><span style=\"font-weight: 400;\">Pour l'avenir, Rising from our Roots cherche \u00e0 \u00e9largir sa base de b\u00e9n\u00e9voles et \u00e0 accro\u00eetre la port\u00e9e de ses initiatives futures. Les personnes int\u00e9ress\u00e9es par la participation ou le b\u00e9n\u00e9volat peuvent se connecter via leur page Instagram ou leur formulaire de recrutement.<\/span><\/p>\n<p><span style=\"font-weight: 400;\">The Climate Roots Fair stands as a testament to Rising from our Roots' commitment to intersectionality, community engagement, and climate justice. Through events like these, they strive to amplify marginalized voices and enact meaningful change at the local level.<\/span><\/p>\n<p>&nbsp;<\/p>\n<p><em><span style=\"font-weight: 400;\">* Les terres sur lesquelles Rising from our Roots op\u00e8re sont le territoire traditionnel de nombreux peuples autochtones. \u00c0 Toronto, il s'agit du territoire traditionnel de nombreuses nations, dont les Mississaugas du Cr\u00e9dit, les Anishnabeg, les Chippewa, les Haudenosaunee et les Wendat. Montr\u00e9al est situ\u00e9e sur le territoire traditionnel de la nation Kanien'keh\u00e0:ka <\/span><span style=\"font-weight: 400;\">(Mohawk),<\/span><span style=\"font-weight: 400;\">y compris les Kanien'keh\u00e1:ka de la Conf\u00e9d\u00e9ration Haudenosaunee, les Hurons\/Wendat, les Ab\u00e9naquis et les Anishinaabeg.\u00a0<\/span><\/em><\/p><\/div>\n\t\t\t<\/div><div class=\"et_pb_module et_d4_element et_pb_image et_pb_image_1\">\n\t\t\t\t\n\t\t\t\t\n\t\t\t\t\n\t\t\t\t\n\t\t\t\t<span class=\"et_pb_image_wrap\"><img data-recalc-dims=\"1\" loading=\"lazy\" decoding=\"async\" width=\"1080\" height=\"1350\" src=\"https:\/\/i0.wp.com\/www.theyouthharbour.org\/wp-content\/uploads\/2024\/07\/Rising-from-our-roots-2-jpg.webp?resize=1080%2C1350&#038;ssl=1\" alt=\"\" title=\"Rising from our roots 2\" srcset=\"https:\/\/i0.wp.com\/www.theyouthharbour.org\/wp-content\/uploads\/2024\/07\/Rising-from-our-roots-2-jpg.webp?w=1080&ssl=1 1080w, https:\/\/i0.wp.com\/www.theyouthharbour.org\/wp-content\/uploads\/2024\/07\/Rising-from-our-roots-2-jpg.webp?resize=240%2C300&ssl=1 240w, https:\/\/i0.wp.com\/www.theyouthharbour.org\/wp-content\/uploads\/2024\/07\/Rising-from-our-roots-2-jpg.webp?resize=819%2C1024&ssl=1 819w, https:\/\/i0.wp.com\/www.theyouthharbour.org\/wp-content\/uploads\/2024\/07\/Rising-from-our-roots-2-jpg.webp?resize=768%2C960&ssl=1 768w, https:\/\/i0.wp.com\/www.theyouthharbour.org\/wp-content\/uploads\/2024\/07\/Rising-from-our-roots-2-jpg.webp?resize=10%2C12&ssl=1 10w, https:\/\/i0.wp.com\/www.theyouthharbour.org\/wp-content\/uploads\/2024\/07\/Rising-from-our-roots-2-jpg.webp?resize=980%2C1225&ssl=1 980w, https:\/\/i0.wp.com\/www.theyouthharbour.org\/wp-content\/uploads\/2024\/07\/Rising-from-our-roots-2-jpg.webp?resize=480%2C600&ssl=1 480w\" sizes=\"(max-width: 1080px) 100vw, 1080px\" class=\"wp-image-30144\" \/><\/span>\n\t\t\t<\/div>\n\t\t\t<\/div>\n\t\t\t\t\n\t\t\t\t\n\t\t\t\t\n\t\t\t\t\n\t\t\t<\/div>\n\t\t\t\t\n\t\t\t\t\n\t\t\t<\/div>","protected":false},"excerpt":{"rendered":"","protected":false},"author":6,"featured_media":30145,"comment_status":"open","ping_status":"open","sticky":false,"template":"our-updates","format":"standard","meta":{"_acf_changed":false,"nf_dc_page":"","_et_pb_use_builder":"on","_et_pb_old_content":"<!-- wp:paragraph -->\n<p class=\"\">In September, FES was at New York Climate Week. The first of three blog posts sharing Kat\u2019s (Executive Director) and Jess\u2019 (Program Director) experience and reflections at the People\u2019s March, and what it was like being with over 75,000 people on the ground, advocating for climate action.<\/p>\n<!-- \/wp:paragraph -->\n\n<!-- wp:paragraph -->\n<p class=\"\"><\/p>\n<!-- \/wp:paragraph -->\n\n<!-- wp:paragraph -->\n<p class=\"\"><\/p>\n<!-- \/wp:paragraph -->","_et_gb_content_width":"","_jetpack_newsletter_access":"","_jetpack_dont_email_post_to_subs":false,"_jetpack_newsletter_tier_id":0,"_jetpack_memberships_contains_paywalled_content":false,"_jetpack_feature_clip_id":0,"_jetpack_memberships_contains_paid_content":false,"footnotes":"","jetpack_post_was_ever_published":false},"categories":[104],"tags":[],"class_list":["post-30141","post","type-post","status-publish","format-standard","has-post-thumbnail","hentry","category-impact-story"],"acf":[],"yoast_head":"<!-- This site is optimized with the Yoast SEO plugin v28.4 - https:\/\/yoast.com\/product\/yoast-seo-wordpress\/ -->\n<title>Rising from our Roots: Fostering Safe Spaces for Marginalized Communities - The Youth Harbour<\/title>\n<meta name=\"robots\" content=\"index, follow, max-snippet:-1, max-image-preview:large, max-video-preview:-1\" \/>\n<link rel=\"canonical\" href=\"https:\/\/www.theyouthharbour.org\/fr\/impact-story\/fostering-safe-spaces-for-marginalized-communities\/\" \/>\n<meta property=\"og:locale\" content=\"fr_CA\" \/>\n<meta property=\"og:type\" content=\"article\" \/>\n<meta property=\"og:title\" content=\"Rising from our Roots: Fostering Safe Spaces for Marginalized Communities - The Youth Harbour\" \/>\n<meta property=\"og:url\" content=\"https:\/\/www.theyouthharbour.org\/fr\/impact-story\/fostering-safe-spaces-for-marginalized-communities\/\" \/>\n<meta property=\"og:site_name\" content=\"The Youth Harbour\" \/>\n<meta property=\"article:published_time\" content=\"2024-07-12T15:36:46+00:00\" \/>\n<meta property=\"article:modified_time\" content=\"2025-02-25T21:16:15+00:00\" \/>\n<meta property=\"og:image\" content=\"https:\/\/i0.wp.com\/www.theyouthharbour.org\/wp-content\/uploads\/2024\/07\/Rising-from-our-Roots.png?fit=600%2C400&ssl=1\" \/>\n\t<meta property=\"og:image:width\" content=\"600\" \/>\n\t<meta property=\"og:image:height\" content=\"400\" \/>\n\t<meta property=\"og:image:type\" content=\"image\/png\" \/>\n<meta name=\"author\" content=\"Jacqueline O&#039;Neill Huerta\" \/>\n<meta name=\"twitter:card\" content=\"summary_large_image\" \/>\n<meta name=\"twitter:label1\" content=\"\u00c9crit par\" \/>\n\t<meta name=\"twitter:data1\" content=\"Jacqueline O&#039;Neill Huerta\" \/>\n\t<meta name=\"twitter:label2\" content=\"Estimation du temps de lecture\" \/>\n\t<meta name=\"twitter:data2\" content=\"4 minutes\" \/>\n<script type=\"application\/ld+json\" class=\"yoast-schema-graph\">{\"@context\":\"https:\\\/\\\/schema.org\",\"@graph\":[{\"@type\":\"Article\",\"@id\":\"https:\\\/\\\/www.theyouthharbour.org\\\/fr\\\/impact-story\\\/fostering-safe-spaces-for-marginalized-communities\\\/#article\",\"isPartOf\":{\"@id\":\"https:\\\/\\\/www.theyouthharbour.org\\\/fr\\\/impact-story\\\/fostering-safe-spaces-for-marginalized-communities\\\/\"},\"author\":{\"name\":\"Jacqueline O'Neill Huerta\",\"@id\":\"https:\\\/\\\/www.theyouthharbour.org\\\/#\\\/schema\\\/person\\\/8a0e608eac853577cab561fafb055a0a\"},\"headline\":\"Rising from our Roots: Fostering Safe Spaces for Marginalized Communities\",\"datePublished\":\"2024-07-12T15:36:46+00:00\",\"dateModified\":\"2025-02-25T21:16:15+00:00\",\"mainEntityOfPage\":{\"@id\":\"https:\\\/\\\/www.theyouthharbour.org\\\/fr\\\/impact-story\\\/fostering-safe-spaces-for-marginalized-communities\\\/\"},\"wordCount\":917,\"commentCount\":0,\"image\":{\"@id\":\"https:\\\/\\\/www.theyouthharbour.org\\\/fr\\\/impact-story\\\/fostering-safe-spaces-for-marginalized-communities\\\/#primaryimage\"},\"thumbnailUrl\":\"https:\\\/\\\/i0.wp.com\\\/www.theyouthharbour.org\\\/wp-content\\\/uploads\\\/2024\\\/07\\\/Rising-from-our-Roots.png?fit=600%2C400&ssl=1\",\"articleSection\":[\"Impact Story\"],\"inLanguage\":\"fr-CA\",\"potentialAction\":[{\"@type\":\"CommentAction\",\"name\":\"Comment\",\"target\":[\"https:\\\/\\\/www.theyouthharbour.org\\\/fr\\\/impact-story\\\/fostering-safe-spaces-for-marginalized-communities\\\/#respond\"]}]},{\"@type\":\"WebPage\",\"@id\":\"https:\\\/\\\/www.theyouthharbour.org\\\/fr\\\/impact-story\\\/fostering-safe-spaces-for-marginalized-communities\\\/\",\"url\":\"https:\\\/\\\/www.theyouthharbour.org\\\/fr\\\/impact-story\\\/fostering-safe-spaces-for-marginalized-communities\\\/\",\"name\":\"Rising from our Roots: Fostering Safe Spaces for Marginalized Communities - The Youth Harbour\",\"isPartOf\":{\"@id\":\"https:\\\/\\\/www.theyouthharbour.org\\\/#website\"},\"primaryImageOfPage\":{\"@id\":\"https:\\\/\\\/www.theyouthharbour.org\\\/fr\\\/impact-story\\\/fostering-safe-spaces-for-marginalized-communities\\\/#primaryimage\"},\"image\":{\"@id\":\"https:\\\/\\\/www.theyouthharbour.org\\\/fr\\\/impact-story\\\/fostering-safe-spaces-for-marginalized-communities\\\/#primaryimage\"},\"thumbnailUrl\":\"https:\\\/\\\/i0.wp.com\\\/www.theyouthharbour.org\\\/wp-content\\\/uploads\\\/2024\\\/07\\\/Rising-from-our-Roots.png?fit=600%2C400&ssl=1\",\"datePublished\":\"2024-07-12T15:36:46+00:00\",\"dateModified\":\"2025-02-25T21:16:15+00:00\",\"author\":{\"@id\":\"https:\\\/\\\/www.theyouthharbour.org\\\/#\\\/schema\\\/person\\\/8a0e608eac853577cab561fafb055a0a\"},\"breadcrumb\":{\"@id\":\"https:\\\/\\\/www.theyouthharbour.org\\\/fr\\\/impact-story\\\/fostering-safe-spaces-for-marginalized-communities\\\/#breadcrumb\"},\"inLanguage\":\"fr-CA\",\"potentialAction\":[{\"@type\":\"ReadAction\",\"target\":[\"https:\\\/\\\/www.theyouthharbour.org\\\/fr\\\/impact-story\\\/fostering-safe-spaces-for-marginalized-communities\\\/\"]}]},{\"@type\":\"ImageObject\",\"inLanguage\":\"fr-CA\",\"@id\":\"https:\\\/\\\/www.theyouthharbour.org\\\/fr\\\/impact-story\\\/fostering-safe-spaces-for-marginalized-communities\\\/#primaryimage\",\"url\":\"https:\\\/\\\/i0.wp.com\\\/www.theyouthharbour.org\\\/wp-content\\\/uploads\\\/2024\\\/07\\\/Rising-from-our-Roots.png?fit=600%2C400&ssl=1\",\"contentUrl\":\"https:\\\/\\\/i0.wp.com\\\/www.theyouthharbour.org\\\/wp-content\\\/uploads\\\/2024\\\/07\\\/Rising-from-our-Roots.png?fit=600%2C400&ssl=1\",\"width\":600,\"height\":400},{\"@type\":\"BreadcrumbList\",\"@id\":\"https:\\\/\\\/www.theyouthharbour.org\\\/fr\\\/impact-story\\\/fostering-safe-spaces-for-marginalized-communities\\\/#breadcrumb\",\"itemListElement\":[{\"@type\":\"ListItem\",\"position\":1,\"name\":\"Home\",\"item\":\"https:\\\/\\\/www.theyouthharbour.org\\\/\"},{\"@type\":\"ListItem\",\"position\":2,\"name\":\"Rising from our Roots: Fostering Safe Spaces for Marginalized Communities\"}]},{\"@type\":\"WebSite\",\"@id\":\"https:\\\/\\\/www.theyouthharbour.org\\\/#website\",\"url\":\"https:\\\/\\\/www.theyouthharbour.org\\\/\",\"name\":\"The Youth Harbour\",\"description\":\"Youth-for-youth climate support system.\",\"potentialAction\":[{\"@type\":\"SearchAction\",\"target\":{\"@type\":\"EntryPoint\",\"urlTemplate\":\"https:\\\/\\\/www.theyouthharbour.org\\\/?s={search_term_string}\"},\"query-input\":{\"@type\":\"PropertyValueSpecification\",\"valueRequired\":true,\"valueName\":\"search_term_string\"}}],\"inLanguage\":\"fr-CA\"},{\"@type\":\"Person\",\"@id\":\"https:\\\/\\\/www.theyouthharbour.org\\\/#\\\/schema\\\/person\\\/8a0e608eac853577cab561fafb055a0a\",\"name\":\"Jacqueline O'Neill Huerta\",\"image\":{\"@type\":\"ImageObject\",\"inLanguage\":\"fr-CA\",\"@id\":\"https:\\\/\\\/secure.gravatar.com\\\/avatar\\\/ef0ef95f9a3e172546801de5cb5e89cea98763ef681c5cb5def86c15f97ac89c?s=96&d=mm&r=g\",\"url\":\"https:\\\/\\\/secure.gravatar.com\\\/avatar\\\/ef0ef95f9a3e172546801de5cb5e89cea98763ef681c5cb5def86c15f97ac89c?s=96&d=mm&r=g\",\"contentUrl\":\"https:\\\/\\\/secure.gravatar.com\\\/avatar\\\/ef0ef95f9a3e172546801de5cb5e89cea98763ef681c5cb5def86c15f97ac89c?s=96&d=mm&r=g\",\"caption\":\"Jacqueline O'Neill Huerta\"},\"url\":\"https:\\\/\\\/www.theyouthharbour.org\\\/fr\\\/author\\\/jacqueline\\\/\"}]}<\/script>\n<!-- \/ Yoast SEO plugin. -->","yoast_head_json":{"title":"Rising from our Roots: Fostering Safe Spaces for Marginalized Communities - The Youth Harbour","robots":{"index":"index","follow":"follow","max-snippet":"max-snippet:-1","max-image-preview":"max-image-preview:large","max-video-preview":"max-video-preview:-1"},"canonical":"https:\/\/www.theyouthharbour.org\/fr\/impact-story\/fostering-safe-spaces-for-marginalized-communities\/","og_locale":"fr_CA","og_type":"article","og_title":"Rising from our Roots: Fostering Safe Spaces for Marginalized Communities - The Youth Harbour","og_url":"https:\/\/www.theyouthharbour.org\/fr\/impact-story\/fostering-safe-spaces-for-marginalized-communities\/","og_site_name":"The Youth Harbour","article_published_time":"2024-07-12T15:36:46+00:00","article_modified_time":"2025-02-25T21:16:15+00:00","og_image":[{"width":600,"height":400,"url":"https:\/\/i0.wp.com\/www.theyouthharbour.org\/wp-content\/uploads\/2024\/07\/Rising-from-our-Roots.png?fit=600%2C400&ssl=1","type":"image\/png"}],"author":"Jacqueline O'Neill Huerta","twitter_card":"summary_large_image","twitter_misc":{"\u00c9crit par":"Jacqueline O'Neill Huerta","Estimation du temps de lecture":"4 minutes"},"schema":{"@context":"https:\/\/schema.org","@graph":[{"@type":"Article","@id":"https:\/\/www.theyouthharbour.org\/fr\/impact-story\/fostering-safe-spaces-for-marginalized-communities\/#article","isPartOf":{"@id":"https:\/\/www.theyouthharbour.org\/fr\/impact-story\/fostering-safe-spaces-for-marginalized-communities\/"},"author":{"name":"Jacqueline O'Neill Huerta","@id":"https:\/\/www.theyouthharbour.org\/#\/schema\/person\/8a0e608eac853577cab561fafb055a0a"},"headline":"Rising from our Roots: Fostering Safe Spaces for Marginalized Communities","datePublished":"2024-07-12T15:36:46+00:00","dateModified":"2025-02-25T21:16:15+00:00","mainEntityOfPage":{"@id":"https:\/\/www.theyouthharbour.org\/fr\/impact-story\/fostering-safe-spaces-for-marginalized-communities\/"},"wordCount":917,"commentCount":0,"image":{"@id":"https:\/\/www.theyouthharbour.org\/fr\/impact-story\/fostering-safe-spaces-for-marginalized-communities\/#primaryimage"},"thumbnailUrl":"https:\/\/i0.wp.com\/www.theyouthharbour.org\/wp-content\/uploads\/2024\/07\/Rising-from-our-Roots.png?fit=600%2C400&ssl=1","articleSection":["Impact Story"],"inLanguage":"fr-CA","potentialAction":[{"@type":"CommentAction","name":"Comment","target":["https:\/\/www.theyouthharbour.org\/fr\/impact-story\/fostering-safe-spaces-for-marginalized-communities\/#respond"]}]},{"@type":"WebPage","@id":"https:\/\/www.theyouthharbour.org\/fr\/impact-story\/fostering-safe-spaces-for-marginalized-communities\/","url":"https:\/\/www.theyouthharbour.org\/fr\/impact-story\/fostering-safe-spaces-for-marginalized-communities\/","name":"Rising from our Roots: Fostering Safe Spaces for Marginalized Communities - The Youth Harbour","isPartOf":{"@id":"https:\/\/www.theyouthharbour.org\/#website"},"primaryImageOfPage":{"@id":"https:\/\/www.theyouthharbour.org\/fr\/impact-story\/fostering-safe-spaces-for-marginalized-communities\/#primaryimage"},"image":{"@id":"https:\/\/www.theyouthharbour.org\/fr\/impact-story\/fostering-safe-spaces-for-marginalized-communities\/#primaryimage"},"thumbnailUrl":"https:\/\/i0.wp.com\/www.theyouthharbour.org\/wp-content\/uploads\/2024\/07\/Rising-from-our-Roots.png?fit=600%2C400&ssl=1","datePublished":"2024-07-12T15:36:46+00:00","dateModified":"2025-02-25T21:16:15+00:00","author":{"@id":"https:\/\/www.theyouthharbour.org\/#\/schema\/person\/8a0e608eac853577cab561fafb055a0a"},"breadcrumb":{"@id":"https:\/\/www.theyouthharbour.org\/fr\/impact-story\/fostering-safe-spaces-for-marginalized-communities\/#breadcrumb"},"inLanguage":"fr-CA","potentialAction":[{"@type":"ReadAction","target":["https:\/\/www.theyouthharbour.org\/fr\/impact-story\/fostering-safe-spaces-for-marginalized-communities\/"]}]},{"@type":"ImageObject","inLanguage":"fr-CA","@id":"https:\/\/www.theyouthharbour.org\/fr\/impact-story\/fostering-safe-spaces-for-marginalized-communities\/#primaryimage","url":"https:\/\/i0.wp.com\/www.theyouthharbour.org\/wp-content\/uploads\/2024\/07\/Rising-from-our-Roots.png?fit=600%2C400&ssl=1","contentUrl":"https:\/\/i0.wp.com\/www.theyouthharbour.org\/wp-content\/uploads\/2024\/07\/Rising-from-our-Roots.png?fit=600%2C400&ssl=1","width":600,"height":400},{"@type":"BreadcrumbList","@id":"https:\/\/www.theyouthharbour.org\/fr\/impact-story\/fostering-safe-spaces-for-marginalized-communities\/#breadcrumb","itemListElement":[{"@type":"ListItem","position":1,"name":"Home","item":"https:\/\/www.theyouthharbour.org\/"},{"@type":"ListItem","position":2,"name":"Rising from our Roots: Fostering Safe Spaces for Marginalized Communities"}]},{"@type":"WebSite","@id":"https:\/\/www.theyouthharbour.org\/#website","url":"https:\/\/www.theyouthharbour.org\/","name":"Le Havre jeunesse","description":"Youth-for-youth climate support system.","potentialAction":[{"@type":"SearchAction","target":{"@type":"EntryPoint","urlTemplate":"https:\/\/www.theyouthharbour.org\/?s={search_term_string}"},"query-input":{"@type":"PropertyValueSpecification","valueRequired":true,"valueName":"search_term_string"}}],"inLanguage":"fr-CA"},{"@type":"Person","@id":"https:\/\/www.theyouthharbour.org\/#\/schema\/person\/8a0e608eac853577cab561fafb055a0a","name":"Jacqueline O'Neill Huerta","image":{"@type":"ImageObject","inLanguage":"fr-CA","@id":"https:\/\/secure.gravatar.com\/avatar\/ef0ef95f9a3e172546801de5cb5e89cea98763ef681c5cb5def86c15f97ac89c?s=96&d=mm&r=g","url":"https:\/\/secure.gravatar.com\/avatar\/ef0ef95f9a3e172546801de5cb5e89cea98763ef681c5cb5def86c15f97ac89c?s=96&d=mm&r=g","contentUrl":"https:\/\/secure.gravatar.com\/avatar\/ef0ef95f9a3e172546801de5cb5e89cea98763ef681c5cb5def86c15f97ac89c?s=96&d=mm&r=g","caption":"Jacqueline O'Neill Huerta"},"url":"https:\/\/www.theyouthharbour.org\/fr\/author\/jacqueline\/"}]}},"jetpack_sharing_enabled":true,"jetpack_featured_media_url":"https:\/\/i0.wp.com\/www.theyouthharbour.org\/wp-content\/uploads\/2024\/07\/Rising-from-our-Roots.png?fit=600%2C400&ssl=1","_links":{"self":[{"href":"https:\/\/www.theyouthharbour.org\/fr\/wp-json\/wp\/v2\/posts\/30141","targetHints":{"allow":["GET"]}}],"collection":[{"href":"https:\/\/www.theyouthharbour.org\/fr\/wp-json\/wp\/v2\/posts"}],"about":[{"href":"https:\/\/www.theyouthharbour.org\/fr\/wp-json\/wp\/v2\/types\/post"}],"author":[{"embeddable":true,"href":"https:\/\/www.theyouthharbour.org\/fr\/wp-json\/wp\/v2\/users\/6"}],"replies":[{"embeddable":true,"href":"https:\/\/www.theyouthharbour.org\/fr\/wp-json\/wp\/v2\/comments?post=30141"}],"version-history":[{"count":5,"href":"https:\/\/www.theyouthharbour.org\/fr\/wp-json\/wp\/v2\/posts\/30141\/revisions"}],"predecessor-version":[{"id":30357,"href":"https:\/\/www.theyouthharbour.org\/fr\/wp-json\/wp\/v2\/posts\/30141\/revisions\/30357"}],"wp:featuredmedia":[{"embeddable":true,"href":"https:\/\/www.theyouthharbour.org\/fr\/wp-json\/wp\/v2\/media\/30145"}],"wp:attachment":[{"href":"https:\/\/www.theyouthharbour.org\/fr\/wp-json\/wp\/v2\/media?parent=30141"}],"wp:term":[{"taxonomy":"category","embeddable":true,"href":"https:\/\/www.theyouthharbour.org\/fr\/wp-json\/wp\/v2\/categories?post=30141"},{"taxonomy":"post_tag","embeddable":true,"href":"https:\/\/www.theyouthharbour.org\/fr\/wp-json\/wp\/v2\/tags?post=30141"}],"curies":[{"name":"wp","href":"https:\/\/api.w.org\/{rel}","templated":true}]}}