{"id":30173,"date":"2024-07-17T18:04:41","date_gmt":"2024-07-17T18:04:41","guid":{"rendered":"https:\/\/www.theyouthharbour.org\/?p=30173"},"modified":"2025-02-25T21:15:07","modified_gmt":"2025-02-25T21:15:07","slug":"hope-and-action-in-thunder-bay-with-the-northwestern-climate-gathering","status":"publish","type":"post","link":"https:\/\/www.theyouthharbour.org\/fr\/impact-story\/hope-and-action-in-thunder-bay-with-the-northwestern-climate-gathering\/","title":{"rendered":"Espoir et action \u00e0 Thunder Bay avec le Rassemblement du Nord-Ouest"},"content":{"rendered":"<div class=\"et_d4_element et_pb_section et_pb_section_0 et_pb_with_background  et_pb_css_mix_blend_mode et_section_regular et_block_section\" >\n\t\t\t\t\n\t\t\t\t\n\t\t\t\t\n\t\t\t\t\n\t\t\t\t\n\t\t\t\t\n\t\t\t\t<div class=\"et_d4_element et_pb_row et_pb_row_0  et_pb_css_mix_blend_mode et_block_row\">\n\t\t\t\t<div class=\"et_d4_element et_pb_column_4_4 et_pb_column et_pb_column_0  et_pb_css_mix_blend_mode et-last-child et_block_column\">\n\t\t\t\t\n\t\t\t\t\n\t\t\t\t\n\t\t\t\t\n\t\t\t\t<div class=\"et_pb_module et_d4_element et_pb_text et_pb_text_0  et_pb_text_align_left et_pb_bg_layout_light\">\n\t\t\t\t\n\t\t\t\t\n\t\t\t\t\n\t\t\t\t\n\t\t\t\t<div class=\"et_pb_text_inner\"><p><span style=\"color: #dc0b00;\"><a href=\"https:\/\/thestarfish.ca\/journal\/2024\/07\/espoir-et-action-a-thunder-bay-avec-le-rassemblement-du-nord-ouest-en-collaboration-avec-le-havre-jeunesse\" style=\"color: #dc0b00;\">Merci \u00e0 The Starfish d'avoir partag\u00e9 cette histoire sur leur plateforme, cliquez ici pour la lire ainsi que d'autres histoires marquantes.<\/a><\/span><\/p><\/div>\n\t\t\t<\/div><div class=\"et_pb_module et_d4_element et_pb_text et_pb_text_1  et_pb_text_align_left et_pb_bg_layout_light\">\n\t\t\t\t\n\t\t\t\t\n\t\t\t\t\n\t\t\t\t\n\t\t\t\t<div class=\"et_pb_text_inner\"><h3><b>Le changement climatique \u00e0 Thunder Bay<\/b><\/h3><\/div>\n\t\t\t<\/div><div class=\"et_pb_module et_d4_element et_pb_text et_pb_text_2  et_pb_text_align_left et_pb_bg_layout_light\">\n\t\t\t\t\n\t\t\t\t\n\t\t\t\t\n\t\t\t\t\n\t\t\t\t<div class=\"et_pb_text_inner\"><p><span style=\"font-weight: 400;\">Ce que nous appelons aujourd'hui le Canada se r\u00e9chauffe deux fois plus vite que le reste du monde, mais en tant que pays si vaste et si diversifi\u00e9 g\u00e9ographiquement, les impacts ne sont pas r\u00e9partis de mani\u00e8re \u00e9gale. Chaque r\u00e9gion a un contexte g\u00e9ographique, social, politique et \u00e9conomique unique, ce qui signifie qu'il n'existe pas d'approche globale unique en mati\u00e8re d'adaptation au changement climatique et d'att\u00e9nuation de ses effets. Cela est particuli\u00e8rement vrai pour les communaut\u00e9s rurales, et encore plus pour le Nord du Canada.<\/span><\/p>\n<p><span style=\"font-size: 14px;\">Thunder Bay* est confront\u00e9e \u00e0 plusieurs d\u00e9fis lorsqu'il s'agit de faire face au changement climatique. Avec une population de 110 000 habitants, c'est un centre urbain - mais comme il se trouve \u00e9galement \u00e0 500 kilom\u00e8tres de la ville la plus proche, Thunder Bay est le centre r\u00e9gional d'une zone tr\u00e8s rurale. Elle fait \u00e9galement partie du <\/span><span style=\"text-decoration: underline;\"><a href=\"https:\/\/www150.statcan.gc.ca\/n1\/daily-quotidien\/190704\/mc-a001-eng.htm\" style=\"font-size: 14px;\">Nord canadien<\/a><\/span><span style=\"font-size: 14px;\">mais est suffisamment m\u00e9ridionale pour pr\u00e9senter des diff\u00e9rences climatiques et g\u00e9ographiques significatives par rapport aux Territoires. Le contexte de Thunder Bay fait qu'il est difficile de suivre les strat\u00e9gies d'adaptation et d'att\u00e9nuation employ\u00e9es par d'autres villes ; de m\u00eame, l'activisme climatique \u00e0 Thunder Bay ne peut pas n\u00e9cessairement utiliser les m\u00eames strat\u00e9gies que le mouvement dans d'autres r\u00e9gions.<\/span><\/p>\n<p><span style=\"font-size: 14px;\">Aussi, lorsque les d\u00e9fenseurs du climat ont d\u00e9cid\u00e9 qu'il \u00e9tait temps de d\u00e9ployer un effort de collaboration et de coh\u00e9sion pour lutter contre la crise climatique, le Rassemblement du Nord-Ouest s'est pr\u00e9sent\u00e9 sous un jour un peu diff\u00e9rent de celui des \u00e9v\u00e9nements similaires organis\u00e9s dans le sud du pays.<\/span><\/p><\/div>\n\t\t\t<\/div><div class=\"et_pb_module et_d4_element et_pb_image et_pb_image_0\">\n\t\t\t\t\n\t\t\t\t\n\t\t\t\t\n\t\t\t\t\n\t\t\t\t<span class=\"et_pb_image_wrap\"><img data-recalc-dims=\"1\" loading=\"lazy\" decoding=\"async\" width=\"1080\" height=\"810\" src=\"https:\/\/i0.wp.com\/www.theyouthharbour.org\/wp-content\/uploads\/2024\/07\/IMG_8380-jpeg.webp?resize=1080%2C810&#038;ssl=1\" alt=\"\" title=\"IMG_8380\" srcset=\"https:\/\/i0.wp.com\/www.theyouthharbour.org\/wp-content\/uploads\/2024\/07\/IMG_8380-jpeg.webp?w=1600&ssl=1 1600w, https:\/\/i0.wp.com\/www.theyouthharbour.org\/wp-content\/uploads\/2024\/07\/IMG_8380-jpeg.webp?resize=300%2C225&ssl=1 300w, https:\/\/i0.wp.com\/www.theyouthharbour.org\/wp-content\/uploads\/2024\/07\/IMG_8380-jpeg.webp?resize=1024%2C768&ssl=1 1024w, https:\/\/i0.wp.com\/www.theyouthharbour.org\/wp-content\/uploads\/2024\/07\/IMG_8380-jpeg.webp?resize=768%2C576&ssl=1 768w, https:\/\/i0.wp.com\/www.theyouthharbour.org\/wp-content\/uploads\/2024\/07\/IMG_8380-jpeg.webp?resize=1536%2C1152&ssl=1 1536w, https:\/\/i0.wp.com\/www.theyouthharbour.org\/wp-content\/uploads\/2024\/07\/IMG_8380-jpeg.webp?resize=16%2C12&ssl=1 16w, https:\/\/i0.wp.com\/www.theyouthharbour.org\/wp-content\/uploads\/2024\/07\/IMG_8380-jpeg.webp?resize=510%2C382&ssl=1 510w, https:\/\/i0.wp.com\/www.theyouthharbour.org\/wp-content\/uploads\/2024\/07\/IMG_8380-jpeg.webp?resize=1080%2C810&ssl=1 1080w, https:\/\/i0.wp.com\/www.theyouthharbour.org\/wp-content\/uploads\/2024\/07\/IMG_8380-jpeg.webp?resize=1280%2C960&ssl=1 1280w, https:\/\/i0.wp.com\/www.theyouthharbour.org\/wp-content\/uploads\/2024\/07\/IMG_8380-jpeg.webp?resize=980%2C735&ssl=1 980w, https:\/\/i0.wp.com\/www.theyouthharbour.org\/wp-content\/uploads\/2024\/07\/IMG_8380-jpeg.webp?resize=480%2C360&ssl=1 480w\" sizes=\"(max-width: 1080px) 100vw, 1080px\" class=\"wp-image-30169\" \/><\/span>\n\t\t\t<\/div><div class=\"et_pb_module et_d4_element et_pb_text et_pb_text_3  et_pb_text_align_left et_pb_bg_layout_light\">\n\t\t\t\t\n\t\t\t\t\n\t\t\t\t\n\t\t\t\t\n\t\t\t\t<div class=\"et_pb_text_inner\"><h3><b>Qu'est-ce que le Rassemblement climatique du Nord-Ouest ?<\/b><\/h3><\/div>\n\t\t\t<\/div><div class=\"et_pb_module et_d4_element et_pb_text et_pb_text_4  et_pb_text_align_left et_pb_bg_layout_light\">\n\t\t\t\t\n\t\t\t\t\n\t\t\t\t\n\t\t\t\t\n\t\t\t\t<div class=\"et_pb_text_inner\"><p><span style=\"font-weight: 400;\">La premi\u00e8re diff\u00e9rence se trouve dans le nom m\u00eame de la conf\u00e9rence : <\/span><i><span style=\"font-weight: 400;\">\" Rassemblement\".<\/span><\/i><span style=\"font-weight: 400;\">Il nous indique d'embl\u00e9e qu'il ne s'agira pas d'une conf\u00e9rence privil\u00e9giant les cours magistraux ou l'acquisition de comp\u00e9tences individuelles - le terme \"Rassemblement\" est d\u00e9lib\u00e9r\u00e9ment employ\u00e9 pour cr\u00e9er une communaut\u00e9. En novembre 2023, 170 citoyens se sont r\u00e9unis sous le th\u00e8me de <\/span><i><span style=\"font-weight: 400;\">l'espoir et de l'action<\/span><\/i><span style=\"font-weight: 400;\"> pour cr\u00e9er des liens, partager leur travail et discuter de la mani\u00e8re d'aborder l'action climatique dans la r\u00e9gion. Soutenu par la <\/span><span style=\"text-decoration: underline;\"><a href=\"https:\/\/www.theyouthharbour.org\/fr\/assembly-grants\/\"><span style=\"font-weight: 400;\">Havre jeunesse par la Bourse d\u2019Assembl\u00e9e<\/span><\/a><\/span><span style=\"font-weight: 400;\">le Rassemblement a cr\u00e9\u00e9 un lieu o\u00f9 la sagesse de chacun est valoris\u00e9e et partag\u00e9e lat\u00e9ralement. Des experts locaux, des a\u00een\u00e9s autochtones, des artistes et des activistes de tous niveaux d'exp\u00e9rience ont particip\u00e9 aux discussions et aux s\u00e9ances en petits groupes tout au long du week-end.\u00a0<\/span><\/p>\n<p><span style=\"font-weight: 400;\">Le rassemblement a \u00e9galement \u00e9t\u00e9 l'occasion pour les participants d'exprimer leurs \u00e9motions et leur d\u00e9sarroi face \u00e0 l'\u00e9volution du climat. Les effets du changement climatique sont souvent plus prononc\u00e9s dans le nord du Canada que dans le sud, et le fait d'\u00eatre t\u00e9moin de ces changements en si peu de temps peut susciter des sentiments de d\u00e9tresse, d'anxi\u00e9t\u00e9 et de solastalgie. Le rassemblement a reconnu tout ce qui rend la r\u00e9gion de Thunder Bay unique et a encourag\u00e9 les gens \u00e0 se connecter par le biais de ces exp\u00e9riences et \u00e9motions communes.\u00a0<\/span><\/p><\/div>\n\t\t\t<\/div><div class=\"et_pb_module et_d4_element et_pb_text et_pb_text_5  et_pb_text_align_left et_pb_bg_layout_light\">\n\t\t\t\t\n\t\t\t\t\n\t\t\t\t\n\t\t\t\t\n\t\t\t\t<div class=\"et_pb_text_inner\"><h3><b>Bilan du rassemblement<\/b><\/h3><\/div>\n\t\t\t<\/div><div class=\"et_pb_module et_d4_element et_pb_text et_pb_text_6  et_pb_text_align_left et_pb_bg_layout_light\">\n\t\t\t\t\n\t\t\t\t\n\t\t\t\t\n\t\t\t\t\n\t\t\t\t<div class=\"et_pb_text_inner\"><p><span style=\"font-weight: 400;\">Le succ\u00e8s du rassemblement tient en grande partie au fait qu'il a permis de cr\u00e9er des liens entre les personnes, en particulier des relations interg\u00e9n\u00e9rationnelles. Les personnes de tous \u00e2ges et de toutes exp\u00e9riences d\u00e9tiennent la sagesse, et c'est en partageant cette sagesse que la communaut\u00e9 peut cr\u00e9er une compr\u00e9hension globale de ce \u00e0 quoi l'action climatique peut ressembler dans la r\u00e9gion. Des adolescents, des retrait\u00e9s et tous ceux qui se trouvent entre les deux ont parl\u00e9 de leurs exp\u00e9riences et pr\u00e9sent\u00e9 leurs espoirs pour un Thunder Bay plus fort.<\/span><\/p>\n<p><span style=\"font-size: 14px;\">Un avenir qui valorise toutes les exp\u00e9riences n'est pas forc\u00e9ment tr\u00e8s \u00e9loign\u00e9, comme le prouve le rassemblement. Ce fut un lieu o\u00f9 les artistes ont pu partager leur art, les a\u00een\u00e9s transmettre leur savoir traditionnel et les universitaires discuter des recherches en cours et \u00e0 venir. Il a donn\u00e9 aux personnes qui ont travaill\u00e9 dur sur les strat\u00e9gies de lutte contre le changement climatique l'occasion de nouer des contacts et de cr\u00e9er un mouvement plus fort et plus uni. Elle a soulign\u00e9 que l'action climatique ne se r\u00e9sume pas \u00e0 des piquets de gr\u00e8ve et \u00e0 des marches, et que tout le monde est le bienvenu et appr\u00e9ci\u00e9.<\/span><\/p>\n<p><span style=\"font-weight: 400;\">Il n'est pas \u00e9tonnant que les participants aient quitt\u00e9 le rassemblement avec un sentiment d'inspiration. L'\u00e9v\u00e9nement a dynamis\u00e9 le mouvement local et a d\u00e9j\u00e0 facilit\u00e9 la collaboration entre les personnes qui travaillent sur le climat dans la r\u00e9gion. La Thunder Bay Art Gallery pr\u00e9sente actuellement une exposition d'\u0153uvres d'art cr\u00e9\u00e9es et inspir\u00e9es par le rassemblement 2023, qui se poursuit jusqu'au 21 avril. Le comit\u00e9 directeur, qui a doubl\u00e9 de taille, se tourne d\u00e9j\u00e0 vers l'avenir en pr\u00e9parant le Rassemblement du Nord-Ouest de 2024.<\/span><\/p>\n<p><span style=\"font-weight: 400;\">Le Rassemblement du Nord-Ouest est un v\u00e9ritable t\u00e9moignage de l'incroyable travail sur le changement climatique r\u00e9alis\u00e9 dans la r\u00e9gion de Thunder Bay. Plus encore, c'est un t\u00e9moignage de la communaut\u00e9 qui se soucie si profond\u00e9ment non seulement de la terre sur laquelle elle vit, mais aussi des personnes avec lesquelles elle la partage. Dans une r\u00e9gion o\u00f9 l'urbain c\u00f4toie le rural et o\u00f9 le Nord c\u00f4toie le Sud, les gens ont cr\u00e9\u00e9 une vision commune de leur avenir - et des actions qu'ils entreprennent pour le r\u00e9aliser.<\/span><\/p>\n<p><span style=\"font-weight: 400;\"><\/span><\/p>\n<p><em><span style=\"font-weight: 400;\">* Thunder Bay est situ\u00e9 sur le territoire traditionnel des Anishnaabeg et de la Premi\u00e8re nation de Fort William.<\/span><\/em><\/p>\n<p>&nbsp;<\/p><\/div>\n\t\t\t<\/div><div class=\"et_pb_module et_d4_element et_pb_image et_pb_image_1\">\n\t\t\t\t\n\t\t\t\t\n\t\t\t\t\n\t\t\t\t\n\t\t\t\t<span class=\"et_pb_image_wrap\"><img data-recalc-dims=\"1\" loading=\"lazy\" decoding=\"async\" width=\"1080\" height=\"1440\" src=\"https:\/\/i0.wp.com\/www.theyouthharbour.org\/wp-content\/uploads\/2024\/07\/IMG_7784-scaled.webp?resize=1080%2C1440&#038;ssl=1\" alt=\"\" title=\"IMG_7784\" srcset=\"https:\/\/i0.wp.com\/www.theyouthharbour.org\/wp-content\/uploads\/2024\/07\/IMG_7784-scaled.webp?w=1920&ssl=1 1920w, https:\/\/i0.wp.com\/www.theyouthharbour.org\/wp-content\/uploads\/2024\/07\/IMG_7784-scaled.webp?resize=225%2C300&ssl=1 225w, https:\/\/i0.wp.com\/www.theyouthharbour.org\/wp-content\/uploads\/2024\/07\/IMG_7784-scaled.webp?resize=768%2C1024&ssl=1 768w, https:\/\/i0.wp.com\/www.theyouthharbour.org\/wp-content\/uploads\/2024\/07\/IMG_7784-scaled.webp?resize=1152%2C1536&ssl=1 1152w, https:\/\/i0.wp.com\/www.theyouthharbour.org\/wp-content\/uploads\/2024\/07\/IMG_7784-scaled.webp?resize=1536%2C2048&ssl=1 1536w, https:\/\/i0.wp.com\/www.theyouthharbour.org\/wp-content\/uploads\/2024\/07\/IMG_7784-scaled.webp?resize=9%2C12&ssl=1 9w, https:\/\/i0.wp.com\/www.theyouthharbour.org\/wp-content\/uploads\/2024\/07\/IMG_7784-scaled.webp?resize=1080%2C1440&ssl=1 1080w, https:\/\/i0.wp.com\/www.theyouthharbour.org\/wp-content\/uploads\/2024\/07\/IMG_7784-scaled.webp?resize=1280%2C1707&ssl=1 1280w, https:\/\/i0.wp.com\/www.theyouthharbour.org\/wp-content\/uploads\/2024\/07\/IMG_7784-scaled.webp?resize=980%2C1307&ssl=1 980w, https:\/\/i0.wp.com\/www.theyouthharbour.org\/wp-content\/uploads\/2024\/07\/IMG_7784-scaled.webp?resize=480%2C640&ssl=1 480w\" sizes=\"(max-width: 1080px) 100vw, 1080px\" class=\"wp-image-30170\" \/><\/span>\n\t\t\t<\/div>\n\t\t\t<\/div>\n\t\t\t\t\n\t\t\t\t\n\t\t\t\t\n\t\t\t\t\n\t\t\t<\/div>\n\t\t\t\t\n\t\t\t\t\n\t\t\t<\/div>","protected":false},"excerpt":{"rendered":"","protected":false},"author":5,"featured_media":30166,"comment_status":"open","ping_status":"open","sticky":false,"template":"our-updates","format":"standard","meta":{"_acf_changed":false,"nf_dc_page":"","_et_pb_use_builder":"on","_et_pb_old_content":"<!-- wp:paragraph -->\n<p class=\"\">In September, FES was at New York Climate Week. The first of three blog posts sharing Kat\u2019s (Executive Director) and Jess\u2019 (Program Director) experience and reflections at the People\u2019s March, and what it was like being with over 75,000 people on the ground, advocating for climate action.<\/p>\n<!-- \/wp:paragraph -->\n\n<!-- wp:paragraph -->\n<p class=\"\"><\/p>\n<!-- \/wp:paragraph -->\n\n<!-- wp:paragraph -->\n<p class=\"\"><\/p>\n<!-- \/wp:paragraph -->","_et_gb_content_width":"","_jetpack_newsletter_access":"","_jetpack_dont_email_post_to_subs":false,"_jetpack_newsletter_tier_id":0,"_jetpack_memberships_contains_paywalled_content":false,"_jetpack_feature_clip_id":0,"_jetpack_memberships_contains_paid_content":false,"footnotes":"","jetpack_post_was_ever_published":false},"categories":[104],"tags":[],"class_list":["post-30173","post","type-post","status-publish","format-standard","has-post-thumbnail","hentry","category-impact-story"],"acf":[],"yoast_head":"<!-- This site is optimized with the Yoast SEO plugin v28.4 - https:\/\/yoast.com\/product\/yoast-seo-wordpress\/ -->\n<title>Hope and Action in Thunder Bay with the Northwestern Climate Gathering - The Youth Harbour<\/title>\n<meta name=\"robots\" content=\"index, follow, max-snippet:-1, max-image-preview:large, max-video-preview:-1\" \/>\n<link rel=\"canonical\" href=\"https:\/\/www.theyouthharbour.org\/fr\/impact-story\/hope-and-action-in-thunder-bay-with-the-northwestern-climate-gathering\/\" \/>\n<meta property=\"og:locale\" content=\"fr_CA\" \/>\n<meta property=\"og:type\" content=\"article\" \/>\n<meta property=\"og:title\" content=\"Hope and Action in Thunder Bay with the Northwestern Climate Gathering - The Youth Harbour\" \/>\n<meta property=\"og:url\" content=\"https:\/\/www.theyouthharbour.org\/fr\/impact-story\/hope-and-action-in-thunder-bay-with-the-northwestern-climate-gathering\/\" \/>\n<meta property=\"og:site_name\" content=\"The Youth Harbour\" \/>\n<meta property=\"article:published_time\" content=\"2024-07-17T18:04:41+00:00\" \/>\n<meta property=\"article:modified_time\" content=\"2025-02-25T21:15:07+00:00\" \/>\n<meta property=\"og:image\" content=\"https:\/\/i0.wp.com\/www.theyouthharbour.org\/wp-content\/uploads\/2024\/07\/Northwestern-Climate-Gathering-.png?fit=600%2C400&ssl=1\" \/>\n\t<meta property=\"og:image:width\" content=\"600\" \/>\n\t<meta property=\"og:image:height\" content=\"400\" \/>\n\t<meta property=\"og:image:type\" content=\"image\/png\" \/>\n<meta name=\"author\" content=\"Molly Boley\" \/>\n<meta name=\"twitter:card\" content=\"summary_large_image\" \/>\n<meta name=\"twitter:label1\" content=\"\u00c9crit par\" \/>\n\t<meta name=\"twitter:data1\" content=\"Molly Boley\" \/>\n\t<meta name=\"twitter:label2\" content=\"Estimation du temps de lecture\" \/>\n\t<meta name=\"twitter:data2\" content=\"4 minutes\" \/>\n<script type=\"application\/ld+json\" class=\"yoast-schema-graph\">{\"@context\":\"https:\\\/\\\/schema.org\",\"@graph\":[{\"@type\":\"Article\",\"@id\":\"https:\\\/\\\/www.theyouthharbour.org\\\/impact-story\\\/hope-and-action-in-thunder-bay-with-the-northwestern-climate-gathering\\\/#article\",\"isPartOf\":{\"@id\":\"https:\\\/\\\/www.theyouthharbour.org\\\/impact-story\\\/hope-and-action-in-thunder-bay-with-the-northwestern-climate-gathering\\\/\"},\"author\":{\"name\":\"Molly Boley\",\"@id\":\"https:\\\/\\\/www.theyouthharbour.org\\\/#\\\/schema\\\/person\\\/39edf5642df85c63e5f1bf4f0a8e7aa8\"},\"headline\":\"Hope and Action in Thunder Bay with the Northwestern Climate Gathering\",\"datePublished\":\"2024-07-17T18:04:41+00:00\",\"dateModified\":\"2025-02-25T21:15:07+00:00\",\"mainEntityOfPage\":{\"@id\":\"https:\\\/\\\/www.theyouthharbour.org\\\/impact-story\\\/hope-and-action-in-thunder-bay-with-the-northwestern-climate-gathering\\\/\"},\"wordCount\":1205,\"commentCount\":0,\"image\":{\"@id\":\"https:\\\/\\\/www.theyouthharbour.org\\\/impact-story\\\/hope-and-action-in-thunder-bay-with-the-northwestern-climate-gathering\\\/#primaryimage\"},\"thumbnailUrl\":\"https:\\\/\\\/i0.wp.com\\\/www.theyouthharbour.org\\\/wp-content\\\/uploads\\\/2024\\\/07\\\/Northwestern-Climate-Gathering-.png?fit=600%2C400&ssl=1\",\"articleSection\":[\"Impact Story\"],\"inLanguage\":\"fr-CA\",\"potentialAction\":[{\"@type\":\"CommentAction\",\"name\":\"Comment\",\"target\":[\"https:\\\/\\\/www.theyouthharbour.org\\\/impact-story\\\/hope-and-action-in-thunder-bay-with-the-northwestern-climate-gathering\\\/#respond\"]}]},{\"@type\":\"WebPage\",\"@id\":\"https:\\\/\\\/www.theyouthharbour.org\\\/impact-story\\\/hope-and-action-in-thunder-bay-with-the-northwestern-climate-gathering\\\/\",\"url\":\"https:\\\/\\\/www.theyouthharbour.org\\\/impact-story\\\/hope-and-action-in-thunder-bay-with-the-northwestern-climate-gathering\\\/\",\"name\":\"Hope and Action in Thunder Bay with the Northwestern Climate Gathering - The Youth Harbour\",\"isPartOf\":{\"@id\":\"https:\\\/\\\/www.theyouthharbour.org\\\/#website\"},\"primaryImageOfPage\":{\"@id\":\"https:\\\/\\\/www.theyouthharbour.org\\\/impact-story\\\/hope-and-action-in-thunder-bay-with-the-northwestern-climate-gathering\\\/#primaryimage\"},\"image\":{\"@id\":\"https:\\\/\\\/www.theyouthharbour.org\\\/impact-story\\\/hope-and-action-in-thunder-bay-with-the-northwestern-climate-gathering\\\/#primaryimage\"},\"thumbnailUrl\":\"https:\\\/\\\/i0.wp.com\\\/www.theyouthharbour.org\\\/wp-content\\\/uploads\\\/2024\\\/07\\\/Northwestern-Climate-Gathering-.png?fit=600%2C400&ssl=1\",\"datePublished\":\"2024-07-17T18:04:41+00:00\",\"dateModified\":\"2025-02-25T21:15:07+00:00\",\"author\":{\"@id\":\"https:\\\/\\\/www.theyouthharbour.org\\\/#\\\/schema\\\/person\\\/39edf5642df85c63e5f1bf4f0a8e7aa8\"},\"breadcrumb\":{\"@id\":\"https:\\\/\\\/www.theyouthharbour.org\\\/impact-story\\\/hope-and-action-in-thunder-bay-with-the-northwestern-climate-gathering\\\/#breadcrumb\"},\"inLanguage\":\"fr-CA\",\"potentialAction\":[{\"@type\":\"ReadAction\",\"target\":[\"https:\\\/\\\/www.theyouthharbour.org\\\/impact-story\\\/hope-and-action-in-thunder-bay-with-the-northwestern-climate-gathering\\\/\"]}]},{\"@type\":\"ImageObject\",\"inLanguage\":\"fr-CA\",\"@id\":\"https:\\\/\\\/www.theyouthharbour.org\\\/impact-story\\\/hope-and-action-in-thunder-bay-with-the-northwestern-climate-gathering\\\/#primaryimage\",\"url\":\"https:\\\/\\\/i0.wp.com\\\/www.theyouthharbour.org\\\/wp-content\\\/uploads\\\/2024\\\/07\\\/Northwestern-Climate-Gathering-.png?fit=600%2C400&ssl=1\",\"contentUrl\":\"https:\\\/\\\/i0.wp.com\\\/www.theyouthharbour.org\\\/wp-content\\\/uploads\\\/2024\\\/07\\\/Northwestern-Climate-Gathering-.png?fit=600%2C400&ssl=1\",\"width\":600,\"height\":400},{\"@type\":\"BreadcrumbList\",\"@id\":\"https:\\\/\\\/www.theyouthharbour.org\\\/impact-story\\\/hope-and-action-in-thunder-bay-with-the-northwestern-climate-gathering\\\/#breadcrumb\",\"itemListElement\":[{\"@type\":\"ListItem\",\"position\":1,\"name\":\"Home\",\"item\":\"https:\\\/\\\/www.theyouthharbour.org\\\/\"},{\"@type\":\"ListItem\",\"position\":2,\"name\":\"Hope and Action in Thunder Bay with the Northwestern Climate Gathering\"}]},{\"@type\":\"WebSite\",\"@id\":\"https:\\\/\\\/www.theyouthharbour.org\\\/#website\",\"url\":\"https:\\\/\\\/www.theyouthharbour.org\\\/\",\"name\":\"The Youth Harbour\",\"description\":\"Youth-for-youth climate support system.\",\"potentialAction\":[{\"@type\":\"SearchAction\",\"target\":{\"@type\":\"EntryPoint\",\"urlTemplate\":\"https:\\\/\\\/www.theyouthharbour.org\\\/?s={search_term_string}\"},\"query-input\":{\"@type\":\"PropertyValueSpecification\",\"valueRequired\":true,\"valueName\":\"search_term_string\"}}],\"inLanguage\":\"fr-CA\"},{\"@type\":\"Person\",\"@id\":\"https:\\\/\\\/www.theyouthharbour.org\\\/#\\\/schema\\\/person\\\/39edf5642df85c63e5f1bf4f0a8e7aa8\",\"name\":\"Molly Boley\",\"image\":{\"@type\":\"ImageObject\",\"inLanguage\":\"fr-CA\",\"@id\":\"https:\\\/\\\/secure.gravatar.com\\\/avatar\\\/51ef2b7fd759e1eda319a0b899fc49b46a4f7095f3f0a7904b38a4e0dc1aab46?s=96&d=mm&r=g\",\"url\":\"https:\\\/\\\/secure.gravatar.com\\\/avatar\\\/51ef2b7fd759e1eda319a0b899fc49b46a4f7095f3f0a7904b38a4e0dc1aab46?s=96&d=mm&r=g\",\"contentUrl\":\"https:\\\/\\\/secure.gravatar.com\\\/avatar\\\/51ef2b7fd759e1eda319a0b899fc49b46a4f7095f3f0a7904b38a4e0dc1aab46?s=96&d=mm&r=g\",\"caption\":\"Molly Boley\"},\"url\":\"https:\\\/\\\/www.theyouthharbour.org\\\/fr\\\/author\\\/mollyboley\\\/\"}]}<\/script>\n<!-- \/ Yoast SEO plugin. -->","yoast_head_json":{"title":"Hope and Action in Thunder Bay with the Northwestern Climate Gathering - The Youth Harbour","robots":{"index":"index","follow":"follow","max-snippet":"max-snippet:-1","max-image-preview":"max-image-preview:large","max-video-preview":"max-video-preview:-1"},"canonical":"https:\/\/www.theyouthharbour.org\/fr\/impact-story\/hope-and-action-in-thunder-bay-with-the-northwestern-climate-gathering\/","og_locale":"fr_CA","og_type":"article","og_title":"Hope and Action in Thunder Bay with the Northwestern Climate Gathering - The Youth Harbour","og_url":"https:\/\/www.theyouthharbour.org\/fr\/impact-story\/hope-and-action-in-thunder-bay-with-the-northwestern-climate-gathering\/","og_site_name":"The Youth Harbour","article_published_time":"2024-07-17T18:04:41+00:00","article_modified_time":"2025-02-25T21:15:07+00:00","og_image":[{"width":600,"height":400,"url":"https:\/\/i0.wp.com\/www.theyouthharbour.org\/wp-content\/uploads\/2024\/07\/Northwestern-Climate-Gathering-.png?fit=600%2C400&ssl=1","type":"image\/png"}],"author":"Molly Boley","twitter_card":"summary_large_image","twitter_misc":{"\u00c9crit par":"Molly Boley","Estimation du temps de lecture":"4 minutes"},"schema":{"@context":"https:\/\/schema.org","@graph":[{"@type":"Article","@id":"https:\/\/www.theyouthharbour.org\/impact-story\/hope-and-action-in-thunder-bay-with-the-northwestern-climate-gathering\/#article","isPartOf":{"@id":"https:\/\/www.theyouthharbour.org\/impact-story\/hope-and-action-in-thunder-bay-with-the-northwestern-climate-gathering\/"},"author":{"name":"Molly Boley","@id":"https:\/\/www.theyouthharbour.org\/#\/schema\/person\/39edf5642df85c63e5f1bf4f0a8e7aa8"},"headline":"Hope and Action in Thunder Bay with the Northwestern Climate Gathering","datePublished":"2024-07-17T18:04:41+00:00","dateModified":"2025-02-25T21:15:07+00:00","mainEntityOfPage":{"@id":"https:\/\/www.theyouthharbour.org\/impact-story\/hope-and-action-in-thunder-bay-with-the-northwestern-climate-gathering\/"},"wordCount":1205,"commentCount":0,"image":{"@id":"https:\/\/www.theyouthharbour.org\/impact-story\/hope-and-action-in-thunder-bay-with-the-northwestern-climate-gathering\/#primaryimage"},"thumbnailUrl":"https:\/\/i0.wp.com\/www.theyouthharbour.org\/wp-content\/uploads\/2024\/07\/Northwestern-Climate-Gathering-.png?fit=600%2C400&ssl=1","articleSection":["Impact Story"],"inLanguage":"fr-CA","potentialAction":[{"@type":"CommentAction","name":"Comment","target":["https:\/\/www.theyouthharbour.org\/impact-story\/hope-and-action-in-thunder-bay-with-the-northwestern-climate-gathering\/#respond"]}]},{"@type":"WebPage","@id":"https:\/\/www.theyouthharbour.org\/impact-story\/hope-and-action-in-thunder-bay-with-the-northwestern-climate-gathering\/","url":"https:\/\/www.theyouthharbour.org\/impact-story\/hope-and-action-in-thunder-bay-with-the-northwestern-climate-gathering\/","name":"Hope and Action in Thunder Bay with the Northwestern Climate Gathering - The Youth Harbour","isPartOf":{"@id":"https:\/\/www.theyouthharbour.org\/#website"},"primaryImageOfPage":{"@id":"https:\/\/www.theyouthharbour.org\/impact-story\/hope-and-action-in-thunder-bay-with-the-northwestern-climate-gathering\/#primaryimage"},"image":{"@id":"https:\/\/www.theyouthharbour.org\/impact-story\/hope-and-action-in-thunder-bay-with-the-northwestern-climate-gathering\/#primaryimage"},"thumbnailUrl":"https:\/\/i0.wp.com\/www.theyouthharbour.org\/wp-content\/uploads\/2024\/07\/Northwestern-Climate-Gathering-.png?fit=600%2C400&ssl=1","datePublished":"2024-07-17T18:04:41+00:00","dateModified":"2025-02-25T21:15:07+00:00","author":{"@id":"https:\/\/www.theyouthharbour.org\/#\/schema\/person\/39edf5642df85c63e5f1bf4f0a8e7aa8"},"breadcrumb":{"@id":"https:\/\/www.theyouthharbour.org\/impact-story\/hope-and-action-in-thunder-bay-with-the-northwestern-climate-gathering\/#breadcrumb"},"inLanguage":"fr-CA","potentialAction":[{"@type":"ReadAction","target":["https:\/\/www.theyouthharbour.org\/impact-story\/hope-and-action-in-thunder-bay-with-the-northwestern-climate-gathering\/"]}]},{"@type":"ImageObject","inLanguage":"fr-CA","@id":"https:\/\/www.theyouthharbour.org\/impact-story\/hope-and-action-in-thunder-bay-with-the-northwestern-climate-gathering\/#primaryimage","url":"https:\/\/i0.wp.com\/www.theyouthharbour.org\/wp-content\/uploads\/2024\/07\/Northwestern-Climate-Gathering-.png?fit=600%2C400&ssl=1","contentUrl":"https:\/\/i0.wp.com\/www.theyouthharbour.org\/wp-content\/uploads\/2024\/07\/Northwestern-Climate-Gathering-.png?fit=600%2C400&ssl=1","width":600,"height":400},{"@type":"BreadcrumbList","@id":"https:\/\/www.theyouthharbour.org\/impact-story\/hope-and-action-in-thunder-bay-with-the-northwestern-climate-gathering\/#breadcrumb","itemListElement":[{"@type":"ListItem","position":1,"name":"Home","item":"https:\/\/www.theyouthharbour.org\/"},{"@type":"ListItem","position":2,"name":"Hope and Action in Thunder Bay with the Northwestern Climate Gathering"}]},{"@type":"WebSite","@id":"https:\/\/www.theyouthharbour.org\/#website","url":"https:\/\/www.theyouthharbour.org\/","name":"Le Havre jeunesse","description":"Youth-for-youth climate support system.","potentialAction":[{"@type":"SearchAction","target":{"@type":"EntryPoint","urlTemplate":"https:\/\/www.theyouthharbour.org\/?s={search_term_string}"},"query-input":{"@type":"PropertyValueSpecification","valueRequired":true,"valueName":"search_term_string"}}],"inLanguage":"fr-CA"},{"@type":"Person","@id":"https:\/\/www.theyouthharbour.org\/#\/schema\/person\/39edf5642df85c63e5f1bf4f0a8e7aa8","name":"Molly Boley","image":{"@type":"ImageObject","inLanguage":"fr-CA","@id":"https:\/\/secure.gravatar.com\/avatar\/51ef2b7fd759e1eda319a0b899fc49b46a4f7095f3f0a7904b38a4e0dc1aab46?s=96&d=mm&r=g","url":"https:\/\/secure.gravatar.com\/avatar\/51ef2b7fd759e1eda319a0b899fc49b46a4f7095f3f0a7904b38a4e0dc1aab46?s=96&d=mm&r=g","contentUrl":"https:\/\/secure.gravatar.com\/avatar\/51ef2b7fd759e1eda319a0b899fc49b46a4f7095f3f0a7904b38a4e0dc1aab46?s=96&d=mm&r=g","caption":"Molly Boley"},"url":"https:\/\/www.theyouthharbour.org\/fr\/author\/mollyboley\/"}]}},"jetpack_sharing_enabled":true,"jetpack_featured_media_url":"https:\/\/i0.wp.com\/www.theyouthharbour.org\/wp-content\/uploads\/2024\/07\/Northwestern-Climate-Gathering-.png?fit=600%2C400&ssl=1","_links":{"self":[{"href":"https:\/\/www.theyouthharbour.org\/fr\/wp-json\/wp\/v2\/posts\/30173","targetHints":{"allow":["GET"]}}],"collection":[{"href":"https:\/\/www.theyouthharbour.org\/fr\/wp-json\/wp\/v2\/posts"}],"about":[{"href":"https:\/\/www.theyouthharbour.org\/fr\/wp-json\/wp\/v2\/types\/post"}],"author":[{"embeddable":true,"href":"https:\/\/www.theyouthharbour.org\/fr\/wp-json\/wp\/v2\/users\/5"}],"replies":[{"embeddable":true,"href":"https:\/\/www.theyouthharbour.org\/fr\/wp-json\/wp\/v2\/comments?post=30173"}],"version-history":[{"count":3,"href":"https:\/\/www.theyouthharbour.org\/fr\/wp-json\/wp\/v2\/posts\/30173\/revisions"}],"predecessor-version":[{"id":30355,"href":"https:\/\/www.theyouthharbour.org\/fr\/wp-json\/wp\/v2\/posts\/30173\/revisions\/30355"}],"wp:featuredmedia":[{"embeddable":true,"href":"https:\/\/www.theyouthharbour.org\/fr\/wp-json\/wp\/v2\/media\/30166"}],"wp:attachment":[{"href":"https:\/\/www.theyouthharbour.org\/fr\/wp-json\/wp\/v2\/media?parent=30173"}],"wp:term":[{"taxonomy":"category","embeddable":true,"href":"https:\/\/www.theyouthharbour.org\/fr\/wp-json\/wp\/v2\/categories?post=30173"},{"taxonomy":"post_tag","embeddable":true,"href":"https:\/\/www.theyouthharbour.org\/fr\/wp-json\/wp\/v2\/tags?post=30173"}],"curies":[{"name":"wp","href":"https:\/\/api.w.org\/{rel}","templated":true}]}}