{"id":30306,"date":"2024-07-30T15:07:41","date_gmt":"2024-07-30T15:07:41","guid":{"rendered":"https:\/\/www.theyouthharbour.org\/?p=30306"},"modified":"2025-02-25T21:14:14","modified_gmt":"2025-02-25T21:14:14","slug":"the-youth-climate-corps-empowering-bcs-youth-to-lead-the-charge-against-the-climate-crisis","status":"publish","type":"post","link":"https:\/\/www.theyouthharbour.org\/fr\/impact-story\/the-youth-climate-corps-empowering-bcs-youth-to-lead-the-charge-against-the-climate-crisis\/","title":{"rendered":"Youth Climate Corps: Donner aux jeunes de la Colombie-Britannique les moyens de mener la charge contre la crise climatique"},"content":{"rendered":"<div class=\"et_d4_element et_pb_section et_pb_section_0 et_pb_with_background  et_pb_css_mix_blend_mode et_section_regular et_block_section\" >\n\t\t\t\t\n\t\t\t\t\n\t\t\t\t\n\t\t\t\t\n\t\t\t\t\n\t\t\t\t\n\t\t\t\t<div class=\"et_d4_element et_pb_row et_pb_row_0  et_pb_css_mix_blend_mode et_block_row\">\n\t\t\t\t<div class=\"et_d4_element et_pb_column_4_4 et_pb_column et_pb_column_0  et_pb_css_mix_blend_mode et-last-child et_block_column\">\n\t\t\t\t\n\t\t\t\t\n\t\t\t\t\n\t\t\t\t\n\t\t\t\t<div class=\"et_pb_module et_d4_element et_pb_text et_pb_text_0  et_pb_text_align_left et_pb_bg_layout_light\">\n\t\t\t\t\n\t\t\t\t\n\t\t\t\t\n\t\t\t\t\n\t\t\t\t<div class=\"et_pb_text_inner\"><p><span style=\"font-weight: 400;\">Une des grandes ironies de notre \u00e9poque est que les jeunes sont ceux qui travaillent le plus pour lutter contre le changement climatique, alors qu'ils sont le groupe qui souffre le plus et qui est le plus priv\u00e9 de ses droits dans le discours sur le changement climatique et la durabilit\u00e9. L'un des facteurs contribuant \u00e0 cette situation est qu'une grande partie du travail sur le changement climatique d\u00e9pend des personnes qui offrent leur temps et leurs comp\u00e9tences, ce qui cr\u00e9e un obstacle pour tous ceux qui ont la motivation de s'informer sur la justice climatique, mais qui n'ont pas les moyens \u00e9conomiques ou le savoir-faire n\u00e9cessaires pour poursuivre ce travail.\u00a0<\/span><\/p>\n<p><span style=\"font-weight: 400;\">Comment rem\u00e9dier \u00e0 cette situation ? L'une des solutions consiste \u00e0 permettre aux jeunes d'acc\u00e9der \u00e0 des emplois et \u00e0 des carri\u00e8res dans le secteur en plein essor des faibles \u00e9missions de carbone, et \u00e0 les aider \u00e0 s'engager dans des activit\u00e9s b\u00e9n\u00e9fiques pour leurs communaut\u00e9s. L'organisation Youth Climate Corps BC (YCCBC), dirig\u00e9e par Ben Simoni, directeur ex\u00e9cutif, est l'une des organisations qui d\u00e9fendent cette cause. Le YCCBC s'est donn\u00e9 pour mission de lutter contre la crise climatique par le biais d'une justice r\u00e9g\u00e9n\u00e9ratrice, en dotant les jeunes des comp\u00e9tences n\u00e9cessaires pour mener \u00e0 bien des projets d'action climatique. Ces programmes, d'une dur\u00e9e de 4 \u00e0 6 mois, offrent aux participants un aper\u00e7u de la science climatique, des projets communautaires et des possibilit\u00e9s de carri\u00e8re dans le domaine de l'action climatique. Plus de 75 % des participants \u00e0 ces programmes continueront \u00e0 travailler dans le domaine de l'action climatique ou poursuivront leurs \u00e9tudes dans ce domaine !<\/span><\/p>\n<p><span style=\"font-weight: 400;\">Simoni underscores the imperative of addressing climate anxiety among youth and fostering a resilient workforce to lead climate initiatives.\"More youth want to work within their values,\" Simoni asserts, highlighting a growing inclination towards careers intersecting with climate action and justice. One example Ben shared that demonstrates the growing opportunities in this sector is a hiring initiative by the American Climate Corps, aiming to emulate job creation efforts in Canada across sectors such as forestry and clean energy. There is the hope of creating the same project and work opportunities for the YCCBC in Canada*.\u00a0<\/span><\/p>\n<p><span style=\"font-weight: 400;\">Le YCCBC s'efforce d'\u00e9liminer les obstacles \u00e0 l'accessibilit\u00e9, notamment les contraintes financi\u00e8res, en offrant un salaire d\u00e9cent aux participants au programme. Cet engagement en faveur de l'inclusion financi\u00e8re distingue le YCCBC, en garantissant que le statut \u00e9conomique n'emp\u00eache pas les jeunes de s'engager dans l'action climatique. En outre, l'organisation s'attaque aux obstacles \u00e9ducatifs en offrant \u00e0 tous les participants une formation compl\u00e8te et des possibilit\u00e9s de d\u00e9veloppement des comp\u00e9tences.<\/span><\/p><\/div>\n\t\t\t<\/div><div class=\"et_pb_module et_d4_element et_pb_image et_pb_image_0\">\n\t\t\t\t\n\t\t\t\t\n\t\t\t\t\n\t\t\t\t\n\t\t\t\t<span class=\"et_pb_image_wrap\"><img data-recalc-dims=\"1\" loading=\"lazy\" decoding=\"async\" width=\"600\" height=\"400\" src=\"https:\/\/i0.wp.com\/www.theyouthharbour.org\/wp-content\/uploads\/2024\/07\/Youth-Climate-Corps.png?resize=600%2C400&#038;ssl=1\" alt=\"\" title=\"Youth Climate Corps\" srcset=\"https:\/\/i0.wp.com\/www.theyouthharbour.org\/wp-content\/uploads\/2024\/07\/Youth-Climate-Corps.png?w=600&ssl=1 600w, https:\/\/i0.wp.com\/www.theyouthharbour.org\/wp-content\/uploads\/2024\/07\/Youth-Climate-Corps.png?resize=300%2C200&ssl=1 300w, https:\/\/i0.wp.com\/www.theyouthharbour.org\/wp-content\/uploads\/2024\/07\/Youth-Climate-Corps.png?resize=18%2C12&ssl=1 18w, https:\/\/i0.wp.com\/www.theyouthharbour.org\/wp-content\/uploads\/2024\/07\/Youth-Climate-Corps.png?resize=480%2C320&ssl=1 480w\" sizes=\"(max-width: 600px) 100vw, 600px\" class=\"wp-image-30307\" \/><\/span>\n\t\t\t<\/div><div class=\"et_pb_module et_d4_element et_pb_text et_pb_text_1  et_pb_text_align_left et_pb_bg_layout_light\">\n\t\t\t\t\n\t\t\t\t\n\t\t\t\t\n\t\t\t\t\n\t\t\t\t<div class=\"et_pb_text_inner\"><p><span style=\"font-weight: 400;\">En tant qu'organisation \u00e0 but non lucratif, elle recherche activement des financements pour soutenir ses projets en Colombie-Britannique et \u00eatre en mesure de verser des salaires d\u00e9cents aux jeunes travailleurs. Souvent, elle trouve des partenaires financiers aupr\u00e8s des gouvernements locaux, mais l'obtention de ces fonds peut prendre beaucoup de temps et n\u00e9cessiter des d\u00e9marches bureaucratiques. C'est pourquoi le financement fourni par la <\/span><span style=\"text-decoration: underline;\"><a href=\"https:\/\/www.theyouthharbour.org\/fr\/action-grants\/\"><span style=\"font-weight: 400;\">La Bourse d'action Jeunesse Havre<\/span><\/a><\/span><span style=\"font-weight: 400;\"> a \u00e9t\u00e9 d'un grand soutien. La flexibilit\u00e9 du financement est particuli\u00e8rement utile, surtout lorsqu'il s'agit de trouver des fonds pour des initiatives dirig\u00e9es par des autochtones et pour lesquelles il n'y a pas de contr\u00f4le direct sur le terrain.\u00a0<\/span><\/p>\n<p><span style=\"font-weight: 400;\">Lorsqu'on lui a demand\u00e9 quel projet il trouvait particuli\u00e8rement int\u00e9ressant, Ben a r\u00e9pondu en riant :<\/span><i><span style=\"font-weight: 400;\">\"Tous sont int\u00e9ressants !<\/span><\/i><span style=\"font-weight: 400;\">\u201d. One recent project is the Kwakwaka'wakw revitalization project, which focused on cultural resurgence, youth empowerment, and support from the elders and matriarchy. This was one project that Ben considered one of the organization's major achievements because they were able to develop a strong relationship with the community. Building strong community relationships remains pivotal for YCCBC, facilitating collaboration on impactful projects. Looking ahead, the organization endeavors to scale its programs across British Columbia, lobbying governments for increased funding and expanding its reach.<\/span><\/p>\n<p><span style=\"font-weight: 400;\">Ben a expliqu\u00e9 que ce qui le motive dans son travail, c'est de<\/span><i><span style=\"font-weight: 400;\">\"voir les jeunes devenir des leaders dans leur communaut\u00e9\".<\/span><\/i><span style=\"font-weight: 400;\">Il a \u00e9galement mentionn\u00e9 qu'il peut \u00eatre difficile de mesurer l'impact des projets parce qu'ils doivent utiliser diff\u00e9rentes m\u00e9thodes en fonction du projet et de la communaut\u00e9. L'une des fa\u00e7ons de mesurer leur impact est de suivre les journ\u00e9es d'action pour le climat - 7 000 d'entre elles ont \u00e9t\u00e9 r\u00e9alis\u00e9es jusqu'\u00e0 pr\u00e9sent depuis leur cr\u00e9ation ! Un autre moyen est le nombre de participants, et depuis le lancement en 2020, plus de 80 jeunes ont particip\u00e9 \u00e0 leurs programmes.\u00a0<\/span><\/p>\n<p><span style=\"font-weight: 400;\">Alors que le YCCBC se lance dans des projets futurs, l'horizon regorge d'opportunit\u00e9s pour les jeunes de catalyser l'action climatique et la justice dans leurs communaut\u00e9s. Gr\u00e2ce \u00e0 un r\u00e9seau de soutien et \u00e0 un engagement en faveur de l'autonomisation, la voie est trac\u00e9e pour que les jeunes deviennent des intendants et des leaders dans la lutte contre le changement climatique.\u00a0<\/span><\/p>\n<p><span style=\"font-weight: 400;\"><\/span><\/p>\n<p><em><span style=\"font-weight: 400;\">*Le si\u00e8ge du YCCBC est reconnaissant d'\u00eatre situ\u00e9 sur les terres traditionnelles et non c\u00e9d\u00e9es des Sinixt, des Syilx et des Ktunaxa.\u00a0<\/span><\/em><\/p><\/div>\n\t\t\t<\/div>\n\t\t\t<\/div>\n\t\t\t\t\n\t\t\t\t\n\t\t\t\t\n\t\t\t\t\n\t\t\t<\/div>\n\t\t\t\t\n\t\t\t\t\n\t\t\t<\/div>","protected":false},"excerpt":{"rendered":"","protected":false},"author":6,"featured_media":30307,"comment_status":"open","ping_status":"open","sticky":false,"template":"our-updates","format":"standard","meta":{"_acf_changed":false,"nf_dc_page":"","_et_pb_use_builder":"on","_et_pb_old_content":"<!-- wp:paragraph -->\n<p class=\"\">In September, FES was at New York Climate Week. The first of three blog posts sharing Kat\u2019s (Executive Director) and Jess\u2019 (Program Director) experience and reflections at the People\u2019s March, and what it was like being with over 75,000 people on the ground, advocating for climate action.<\/p>\n<!-- \/wp:paragraph -->\n\n<!-- wp:paragraph -->\n<p class=\"\"><\/p>\n<!-- \/wp:paragraph -->\n\n<!-- wp:paragraph -->\n<p class=\"\"><\/p>\n<!-- \/wp:paragraph -->","_et_gb_content_width":"","_jetpack_newsletter_access":"","_jetpack_dont_email_post_to_subs":false,"_jetpack_newsletter_tier_id":0,"_jetpack_memberships_contains_paywalled_content":false,"_jetpack_feature_clip_id":0,"_jetpack_memberships_contains_paid_content":false,"footnotes":"","jetpack_post_was_ever_published":false},"categories":[104],"tags":[],"class_list":["post-30306","post","type-post","status-publish","format-standard","has-post-thumbnail","hentry","category-impact-story"],"acf":[],"yoast_head":"<!-- This site is optimized with the Yoast SEO plugin v28.4 - https:\/\/yoast.com\/product\/yoast-seo-wordpress\/ -->\n<title>Youth Climate Corps: Empowering BC&#039;s Youth to Lead the Charge Against the Climate Crisis - The Youth Harbour<\/title>\n<meta name=\"robots\" content=\"index, follow, max-snippet:-1, max-image-preview:large, max-video-preview:-1\" \/>\n<link rel=\"canonical\" href=\"https:\/\/www.theyouthharbour.org\/fr\/impact-story\/the-youth-climate-corps-empowering-bcs-youth-to-lead-the-charge-against-the-climate-crisis\/\" \/>\n<meta property=\"og:locale\" content=\"fr_CA\" \/>\n<meta property=\"og:type\" content=\"article\" \/>\n<meta property=\"og:title\" content=\"Youth Climate Corps: Empowering BC&#039;s Youth to Lead the Charge Against the Climate Crisis - The Youth Harbour\" \/>\n<meta property=\"og:url\" content=\"https:\/\/www.theyouthharbour.org\/fr\/impact-story\/the-youth-climate-corps-empowering-bcs-youth-to-lead-the-charge-against-the-climate-crisis\/\" \/>\n<meta property=\"og:site_name\" content=\"The Youth Harbour\" \/>\n<meta property=\"article:published_time\" content=\"2024-07-30T15:07:41+00:00\" \/>\n<meta property=\"article:modified_time\" content=\"2025-02-25T21:14:14+00:00\" \/>\n<meta property=\"og:image\" content=\"https:\/\/i0.wp.com\/www.theyouthharbour.org\/wp-content\/uploads\/2024\/07\/Youth-Climate-Corps.png?fit=600%2C400&ssl=1\" \/>\n\t<meta property=\"og:image:width\" content=\"600\" \/>\n\t<meta property=\"og:image:height\" content=\"400\" \/>\n\t<meta property=\"og:image:type\" content=\"image\/png\" \/>\n<meta name=\"author\" content=\"Jacqueline O&#039;Neill Huerta\" \/>\n<meta name=\"twitter:card\" content=\"summary_large_image\" \/>\n<meta name=\"twitter:label1\" content=\"\u00c9crit par\" \/>\n\t<meta name=\"twitter:data1\" content=\"Jacqueline O&#039;Neill Huerta\" \/>\n\t<meta name=\"twitter:label2\" content=\"Estimation du temps de lecture\" \/>\n\t<meta name=\"twitter:data2\" content=\"4 minutes\" \/>\n<script type=\"application\/ld+json\" class=\"yoast-schema-graph\">{\"@context\":\"https:\\\/\\\/schema.org\",\"@graph\":[{\"@type\":\"Article\",\"@id\":\"https:\\\/\\\/www.theyouthharbour.org\\\/impact-story\\\/the-youth-climate-corps-empowering-bcs-youth-to-lead-the-charge-against-the-climate-crisis\\\/#article\",\"isPartOf\":{\"@id\":\"https:\\\/\\\/www.theyouthharbour.org\\\/impact-story\\\/the-youth-climate-corps-empowering-bcs-youth-to-lead-the-charge-against-the-climate-crisis\\\/\"},\"author\":{\"name\":\"Jacqueline O'Neill Huerta\",\"@id\":\"https:\\\/\\\/www.theyouthharbour.org\\\/#\\\/schema\\\/person\\\/8a0e608eac853577cab561fafb055a0a\"},\"headline\":\"Youth Climate Corps: Empowering BC&#8217;s Youth to Lead the Charge Against the Climate Crisis\",\"datePublished\":\"2024-07-30T15:07:41+00:00\",\"dateModified\":\"2025-02-25T21:14:14+00:00\",\"mainEntityOfPage\":{\"@id\":\"https:\\\/\\\/www.theyouthharbour.org\\\/impact-story\\\/the-youth-climate-corps-empowering-bcs-youth-to-lead-the-charge-against-the-climate-crisis\\\/\"},\"wordCount\":915,\"commentCount\":0,\"image\":{\"@id\":\"https:\\\/\\\/www.theyouthharbour.org\\\/impact-story\\\/the-youth-climate-corps-empowering-bcs-youth-to-lead-the-charge-against-the-climate-crisis\\\/#primaryimage\"},\"thumbnailUrl\":\"https:\\\/\\\/i0.wp.com\\\/www.theyouthharbour.org\\\/wp-content\\\/uploads\\\/2024\\\/07\\\/Youth-Climate-Corps.png?fit=600%2C400&ssl=1\",\"articleSection\":[\"Impact Story\"],\"inLanguage\":\"fr-CA\",\"potentialAction\":[{\"@type\":\"CommentAction\",\"name\":\"Comment\",\"target\":[\"https:\\\/\\\/www.theyouthharbour.org\\\/impact-story\\\/the-youth-climate-corps-empowering-bcs-youth-to-lead-the-charge-against-the-climate-crisis\\\/#respond\"]}]},{\"@type\":\"WebPage\",\"@id\":\"https:\\\/\\\/www.theyouthharbour.org\\\/impact-story\\\/the-youth-climate-corps-empowering-bcs-youth-to-lead-the-charge-against-the-climate-crisis\\\/\",\"url\":\"https:\\\/\\\/www.theyouthharbour.org\\\/impact-story\\\/the-youth-climate-corps-empowering-bcs-youth-to-lead-the-charge-against-the-climate-crisis\\\/\",\"name\":\"Youth Climate Corps: Empowering BC's Youth to Lead the Charge Against the Climate Crisis - The Youth Harbour\",\"isPartOf\":{\"@id\":\"https:\\\/\\\/www.theyouthharbour.org\\\/#website\"},\"primaryImageOfPage\":{\"@id\":\"https:\\\/\\\/www.theyouthharbour.org\\\/impact-story\\\/the-youth-climate-corps-empowering-bcs-youth-to-lead-the-charge-against-the-climate-crisis\\\/#primaryimage\"},\"image\":{\"@id\":\"https:\\\/\\\/www.theyouthharbour.org\\\/impact-story\\\/the-youth-climate-corps-empowering-bcs-youth-to-lead-the-charge-against-the-climate-crisis\\\/#primaryimage\"},\"thumbnailUrl\":\"https:\\\/\\\/i0.wp.com\\\/www.theyouthharbour.org\\\/wp-content\\\/uploads\\\/2024\\\/07\\\/Youth-Climate-Corps.png?fit=600%2C400&ssl=1\",\"datePublished\":\"2024-07-30T15:07:41+00:00\",\"dateModified\":\"2025-02-25T21:14:14+00:00\",\"author\":{\"@id\":\"https:\\\/\\\/www.theyouthharbour.org\\\/#\\\/schema\\\/person\\\/8a0e608eac853577cab561fafb055a0a\"},\"breadcrumb\":{\"@id\":\"https:\\\/\\\/www.theyouthharbour.org\\\/impact-story\\\/the-youth-climate-corps-empowering-bcs-youth-to-lead-the-charge-against-the-climate-crisis\\\/#breadcrumb\"},\"inLanguage\":\"fr-CA\",\"potentialAction\":[{\"@type\":\"ReadAction\",\"target\":[\"https:\\\/\\\/www.theyouthharbour.org\\\/impact-story\\\/the-youth-climate-corps-empowering-bcs-youth-to-lead-the-charge-against-the-climate-crisis\\\/\"]}]},{\"@type\":\"ImageObject\",\"inLanguage\":\"fr-CA\",\"@id\":\"https:\\\/\\\/www.theyouthharbour.org\\\/impact-story\\\/the-youth-climate-corps-empowering-bcs-youth-to-lead-the-charge-against-the-climate-crisis\\\/#primaryimage\",\"url\":\"https:\\\/\\\/i0.wp.com\\\/www.theyouthharbour.org\\\/wp-content\\\/uploads\\\/2024\\\/07\\\/Youth-Climate-Corps.png?fit=600%2C400&ssl=1\",\"contentUrl\":\"https:\\\/\\\/i0.wp.com\\\/www.theyouthharbour.org\\\/wp-content\\\/uploads\\\/2024\\\/07\\\/Youth-Climate-Corps.png?fit=600%2C400&ssl=1\",\"width\":600,\"height\":400},{\"@type\":\"BreadcrumbList\",\"@id\":\"https:\\\/\\\/www.theyouthharbour.org\\\/impact-story\\\/the-youth-climate-corps-empowering-bcs-youth-to-lead-the-charge-against-the-climate-crisis\\\/#breadcrumb\",\"itemListElement\":[{\"@type\":\"ListItem\",\"position\":1,\"name\":\"Home\",\"item\":\"https:\\\/\\\/www.theyouthharbour.org\\\/\"},{\"@type\":\"ListItem\",\"position\":2,\"name\":\"Youth Climate Corps: Empowering BC&#8217;s Youth to Lead the Charge Against the Climate Crisis\"}]},{\"@type\":\"WebSite\",\"@id\":\"https:\\\/\\\/www.theyouthharbour.org\\\/#website\",\"url\":\"https:\\\/\\\/www.theyouthharbour.org\\\/\",\"name\":\"The Youth Harbour\",\"description\":\"Youth-for-youth climate support system.\",\"potentialAction\":[{\"@type\":\"SearchAction\",\"target\":{\"@type\":\"EntryPoint\",\"urlTemplate\":\"https:\\\/\\\/www.theyouthharbour.org\\\/?s={search_term_string}\"},\"query-input\":{\"@type\":\"PropertyValueSpecification\",\"valueRequired\":true,\"valueName\":\"search_term_string\"}}],\"inLanguage\":\"fr-CA\"},{\"@type\":\"Person\",\"@id\":\"https:\\\/\\\/www.theyouthharbour.org\\\/#\\\/schema\\\/person\\\/8a0e608eac853577cab561fafb055a0a\",\"name\":\"Jacqueline O'Neill Huerta\",\"image\":{\"@type\":\"ImageObject\",\"inLanguage\":\"fr-CA\",\"@id\":\"https:\\\/\\\/secure.gravatar.com\\\/avatar\\\/ef0ef95f9a3e172546801de5cb5e89cea98763ef681c5cb5def86c15f97ac89c?s=96&d=mm&r=g\",\"url\":\"https:\\\/\\\/secure.gravatar.com\\\/avatar\\\/ef0ef95f9a3e172546801de5cb5e89cea98763ef681c5cb5def86c15f97ac89c?s=96&d=mm&r=g\",\"contentUrl\":\"https:\\\/\\\/secure.gravatar.com\\\/avatar\\\/ef0ef95f9a3e172546801de5cb5e89cea98763ef681c5cb5def86c15f97ac89c?s=96&d=mm&r=g\",\"caption\":\"Jacqueline O'Neill Huerta\"},\"url\":\"https:\\\/\\\/www.theyouthharbour.org\\\/fr\\\/author\\\/jacqueline\\\/\"}]}<\/script>\n<!-- \/ Yoast SEO plugin. -->","yoast_head_json":{"title":"Youth Climate Corps: Empowering BC's Youth to Lead the Charge Against the Climate Crisis - The Youth Harbour","robots":{"index":"index","follow":"follow","max-snippet":"max-snippet:-1","max-image-preview":"max-image-preview:large","max-video-preview":"max-video-preview:-1"},"canonical":"https:\/\/www.theyouthharbour.org\/fr\/impact-story\/the-youth-climate-corps-empowering-bcs-youth-to-lead-the-charge-against-the-climate-crisis\/","og_locale":"fr_CA","og_type":"article","og_title":"Youth Climate Corps: Empowering BC's Youth to Lead the Charge Against the Climate Crisis - The Youth Harbour","og_url":"https:\/\/www.theyouthharbour.org\/fr\/impact-story\/the-youth-climate-corps-empowering-bcs-youth-to-lead-the-charge-against-the-climate-crisis\/","og_site_name":"The Youth Harbour","article_published_time":"2024-07-30T15:07:41+00:00","article_modified_time":"2025-02-25T21:14:14+00:00","og_image":[{"width":600,"height":400,"url":"https:\/\/i0.wp.com\/www.theyouthharbour.org\/wp-content\/uploads\/2024\/07\/Youth-Climate-Corps.png?fit=600%2C400&ssl=1","type":"image\/png"}],"author":"Jacqueline O'Neill Huerta","twitter_card":"summary_large_image","twitter_misc":{"\u00c9crit par":"Jacqueline O'Neill Huerta","Estimation du temps de lecture":"4 minutes"},"schema":{"@context":"https:\/\/schema.org","@graph":[{"@type":"Article","@id":"https:\/\/www.theyouthharbour.org\/impact-story\/the-youth-climate-corps-empowering-bcs-youth-to-lead-the-charge-against-the-climate-crisis\/#article","isPartOf":{"@id":"https:\/\/www.theyouthharbour.org\/impact-story\/the-youth-climate-corps-empowering-bcs-youth-to-lead-the-charge-against-the-climate-crisis\/"},"author":{"name":"Jacqueline O'Neill Huerta","@id":"https:\/\/www.theyouthharbour.org\/#\/schema\/person\/8a0e608eac853577cab561fafb055a0a"},"headline":"Youth Climate Corps: Empowering BC&#8217;s Youth to Lead the Charge Against the Climate Crisis","datePublished":"2024-07-30T15:07:41+00:00","dateModified":"2025-02-25T21:14:14+00:00","mainEntityOfPage":{"@id":"https:\/\/www.theyouthharbour.org\/impact-story\/the-youth-climate-corps-empowering-bcs-youth-to-lead-the-charge-against-the-climate-crisis\/"},"wordCount":915,"commentCount":0,"image":{"@id":"https:\/\/www.theyouthharbour.org\/impact-story\/the-youth-climate-corps-empowering-bcs-youth-to-lead-the-charge-against-the-climate-crisis\/#primaryimage"},"thumbnailUrl":"https:\/\/i0.wp.com\/www.theyouthharbour.org\/wp-content\/uploads\/2024\/07\/Youth-Climate-Corps.png?fit=600%2C400&ssl=1","articleSection":["Impact Story"],"inLanguage":"fr-CA","potentialAction":[{"@type":"CommentAction","name":"Comment","target":["https:\/\/www.theyouthharbour.org\/impact-story\/the-youth-climate-corps-empowering-bcs-youth-to-lead-the-charge-against-the-climate-crisis\/#respond"]}]},{"@type":"WebPage","@id":"https:\/\/www.theyouthharbour.org\/impact-story\/the-youth-climate-corps-empowering-bcs-youth-to-lead-the-charge-against-the-climate-crisis\/","url":"https:\/\/www.theyouthharbour.org\/impact-story\/the-youth-climate-corps-empowering-bcs-youth-to-lead-the-charge-against-the-climate-crisis\/","name":"Youth Climate Corps: Empowering BC's Youth to Lead the Charge Against the Climate Crisis - The Youth Harbour","isPartOf":{"@id":"https:\/\/www.theyouthharbour.org\/#website"},"primaryImageOfPage":{"@id":"https:\/\/www.theyouthharbour.org\/impact-story\/the-youth-climate-corps-empowering-bcs-youth-to-lead-the-charge-against-the-climate-crisis\/#primaryimage"},"image":{"@id":"https:\/\/www.theyouthharbour.org\/impact-story\/the-youth-climate-corps-empowering-bcs-youth-to-lead-the-charge-against-the-climate-crisis\/#primaryimage"},"thumbnailUrl":"https:\/\/i0.wp.com\/www.theyouthharbour.org\/wp-content\/uploads\/2024\/07\/Youth-Climate-Corps.png?fit=600%2C400&ssl=1","datePublished":"2024-07-30T15:07:41+00:00","dateModified":"2025-02-25T21:14:14+00:00","author":{"@id":"https:\/\/www.theyouthharbour.org\/#\/schema\/person\/8a0e608eac853577cab561fafb055a0a"},"breadcrumb":{"@id":"https:\/\/www.theyouthharbour.org\/impact-story\/the-youth-climate-corps-empowering-bcs-youth-to-lead-the-charge-against-the-climate-crisis\/#breadcrumb"},"inLanguage":"fr-CA","potentialAction":[{"@type":"ReadAction","target":["https:\/\/www.theyouthharbour.org\/impact-story\/the-youth-climate-corps-empowering-bcs-youth-to-lead-the-charge-against-the-climate-crisis\/"]}]},{"@type":"ImageObject","inLanguage":"fr-CA","@id":"https:\/\/www.theyouthharbour.org\/impact-story\/the-youth-climate-corps-empowering-bcs-youth-to-lead-the-charge-against-the-climate-crisis\/#primaryimage","url":"https:\/\/i0.wp.com\/www.theyouthharbour.org\/wp-content\/uploads\/2024\/07\/Youth-Climate-Corps.png?fit=600%2C400&ssl=1","contentUrl":"https:\/\/i0.wp.com\/www.theyouthharbour.org\/wp-content\/uploads\/2024\/07\/Youth-Climate-Corps.png?fit=600%2C400&ssl=1","width":600,"height":400},{"@type":"BreadcrumbList","@id":"https:\/\/www.theyouthharbour.org\/impact-story\/the-youth-climate-corps-empowering-bcs-youth-to-lead-the-charge-against-the-climate-crisis\/#breadcrumb","itemListElement":[{"@type":"ListItem","position":1,"name":"Home","item":"https:\/\/www.theyouthharbour.org\/"},{"@type":"ListItem","position":2,"name":"Youth Climate Corps: Empowering BC&#8217;s Youth to Lead the Charge Against the Climate Crisis"}]},{"@type":"WebSite","@id":"https:\/\/www.theyouthharbour.org\/#website","url":"https:\/\/www.theyouthharbour.org\/","name":"Le Havre jeunesse","description":"Youth-for-youth climate support system.","potentialAction":[{"@type":"SearchAction","target":{"@type":"EntryPoint","urlTemplate":"https:\/\/www.theyouthharbour.org\/?s={search_term_string}"},"query-input":{"@type":"PropertyValueSpecification","valueRequired":true,"valueName":"search_term_string"}}],"inLanguage":"fr-CA"},{"@type":"Person","@id":"https:\/\/www.theyouthharbour.org\/#\/schema\/person\/8a0e608eac853577cab561fafb055a0a","name":"Jacqueline O'Neill Huerta","image":{"@type":"ImageObject","inLanguage":"fr-CA","@id":"https:\/\/secure.gravatar.com\/avatar\/ef0ef95f9a3e172546801de5cb5e89cea98763ef681c5cb5def86c15f97ac89c?s=96&d=mm&r=g","url":"https:\/\/secure.gravatar.com\/avatar\/ef0ef95f9a3e172546801de5cb5e89cea98763ef681c5cb5def86c15f97ac89c?s=96&d=mm&r=g","contentUrl":"https:\/\/secure.gravatar.com\/avatar\/ef0ef95f9a3e172546801de5cb5e89cea98763ef681c5cb5def86c15f97ac89c?s=96&d=mm&r=g","caption":"Jacqueline O'Neill Huerta"},"url":"https:\/\/www.theyouthharbour.org\/fr\/author\/jacqueline\/"}]}},"jetpack_sharing_enabled":true,"jetpack_featured_media_url":"https:\/\/i0.wp.com\/www.theyouthharbour.org\/wp-content\/uploads\/2024\/07\/Youth-Climate-Corps.png?fit=600%2C400&ssl=1","_links":{"self":[{"href":"https:\/\/www.theyouthharbour.org\/fr\/wp-json\/wp\/v2\/posts\/30306","targetHints":{"allow":["GET"]}}],"collection":[{"href":"https:\/\/www.theyouthharbour.org\/fr\/wp-json\/wp\/v2\/posts"}],"about":[{"href":"https:\/\/www.theyouthharbour.org\/fr\/wp-json\/wp\/v2\/types\/post"}],"author":[{"embeddable":true,"href":"https:\/\/www.theyouthharbour.org\/fr\/wp-json\/wp\/v2\/users\/6"}],"replies":[{"embeddable":true,"href":"https:\/\/www.theyouthharbour.org\/fr\/wp-json\/wp\/v2\/comments?post=30306"}],"version-history":[{"count":5,"href":"https:\/\/www.theyouthharbour.org\/fr\/wp-json\/wp\/v2\/posts\/30306\/revisions"}],"predecessor-version":[{"id":30363,"href":"https:\/\/www.theyouthharbour.org\/fr\/wp-json\/wp\/v2\/posts\/30306\/revisions\/30363"}],"wp:featuredmedia":[{"embeddable":true,"href":"https:\/\/www.theyouthharbour.org\/fr\/wp-json\/wp\/v2\/media\/30307"}],"wp:attachment":[{"href":"https:\/\/www.theyouthharbour.org\/fr\/wp-json\/wp\/v2\/media?parent=30306"}],"wp:term":[{"taxonomy":"category","embeddable":true,"href":"https:\/\/www.theyouthharbour.org\/fr\/wp-json\/wp\/v2\/categories?post=30306"},{"taxonomy":"post_tag","embeddable":true,"href":"https:\/\/www.theyouthharbour.org\/fr\/wp-json\/wp\/v2\/tags?post=30306"}],"curies":[{"name":"wp","href":"https:\/\/api.w.org\/{rel}","templated":true}]}}