{"id":30418,"date":"2024-09-27T06:25:00","date_gmt":"2024-09-27T06:25:00","guid":{"rendered":"https:\/\/www.theyouthharbour.org\/?p=30418"},"modified":"2025-02-25T21:12:56","modified_gmt":"2025-02-25T21:12:56","slug":"empowering-communities-fostering-climate-solutions-and-advocating-for-action","status":"publish","type":"post","link":"https:\/\/www.theyouthharbour.org\/fr\/impact-story\/empowering-communities-fostering-climate-solutions-and-advocating-for-action\/","title":{"rendered":"Renforcer les communaut\u00e9s : Encourager les solutions climatiques et plaider en faveur de l'action"},"content":{"rendered":"<div class=\"et_d4_element et_pb_section et_pb_section_0 et_pb_with_background  et_pb_css_mix_blend_mode et_section_regular et_block_section\" >\n\t\t\t\t\n\t\t\t\t\n\t\t\t\t\n\t\t\t\t\n\t\t\t\t\n\t\t\t\t\n\t\t\t\t<div class=\"et_d4_element et_pb_row et_pb_row_0  et_pb_css_mix_blend_mode et_block_row\">\n\t\t\t\t<div class=\"et_d4_element et_pb_column_4_4 et_pb_column et_pb_column_0  et_pb_css_mix_blend_mode et-last-child et_block_column\">\n\t\t\t\t\n\t\t\t\t\n\t\t\t\t\n\t\t\t\t\n\t\t\t\t<div class=\"et_pb_module et_d4_element et_pb_text et_pb_text_0  et_pb_text_align_left et_pb_bg_layout_light\">\n\t\t\t\t\n\t\t\t\t\n\t\t\t\t\n\t\t\t\t\n\t\t\t\t<div class=\"et_pb_text_inner\"><p><span style=\"font-weight: 400;\">L'engagement d'une communaut\u00e9 dans l'action climatique pose des d\u00e9fis uniques. Comment amener une communaut\u00e9 \u00e0 se mobiliser sur les questions de changement climatique qui la concernent ? Que se passe-t-il lorsque tous les \u00e2ges, et en particulier les jeunes, s'impliquent dans l'expression de leurs pr\u00e9occupations concernant les politiques civiques qui affectent leur environnement ? Le <\/span><a href=\"https:\/\/www.communityclimatecouncil.org\/\"><span style=\"font-weight: 400;\"><span style=\"text-decoration: underline;\">Community Climate Council<\/span><\/span><\/a><span style=\"font-weight: 400;\"> (CCC) est devenu une plateforme permettant aux habitants de la r\u00e9gion de Peel, en particulier aux jeunes, d'exiger des politiques climatiques audacieuses tout en encourageant les solutions communautaires.\u00a0<\/span><\/p>\n<p><span style=\"font-weight: 400;\">The organization's genesis traces back to 2019 when Miranda, CCC\u2019s CEO and co-founder, and four other young women participated in the Youth Challenge International. Through consultations with Peel residents and climate experts, they identified three primary concerns:<\/span><\/p>\n<ol>\n<li style=\"font-weight: 400;\" aria-level=\"1\"><span style=\"font-weight: 400;\">Ils souhaitaient que davantage de jeunes participent \u00e0 la vie du conseil. Ils ont remarqu\u00e9 que les jeunes n'\u00e9taient pas repr\u00e9sent\u00e9s dans les discussions du conseil et que leurs voix n'\u00e9taient pas refl\u00e9t\u00e9es dans les points de l'ordre du jour.<\/span><\/li>\n<li style=\"font-weight: 400;\" aria-level=\"1\"><span style=\"font-weight: 400;\">Am\u00e9liorer la culture climatique et politique afin de rendre le \"discours politique\" plus accessible et moins intimidant pour les gens.<\/span><\/li>\n<li style=\"font-weight: 400;\" aria-level=\"1\"><span style=\"font-weight: 400;\">Trouver des moyens de rem\u00e9dier \u00e0 l'augmentation du sentiment de solitude chez les habitants et de la d\u00e9connexion caus\u00e9e par une zone \u00e0 pr\u00e9dominance suburbaine.<\/span><\/li>\n<\/ol>\n<p><span style=\"font-weight: 400;\">Increasing community participation was key to resolve the above. The CCC's inaugural climate strike in 2019 drew over 250 participants, including political leaders from various parties, underscoring the community's unmet needs. Recognizing the post-strike demand for ongoing engagement, the CCC was formally established in 2020, creating a grassroots space for community collaboration.<\/span><\/p>\n<p><span style=\"font-weight: 400;\">Mais qu'en est-il apr\u00e8s la gr\u00e8ve ? Il fallait un espace pour que les gens se rassemblent et continuent \u00e0 partager des solutions sur la crise climatique. C'est pourquoi le CCC a \u00e9t\u00e9 officiellement cr\u00e9\u00e9 en 2020, afin de cr\u00e9er un espace par et pour la communaut\u00e9.\u00a0<\/span><\/p>\n<p><span style=\"font-weight: 400;\">One of CCC's distinguishing features is its youth-led, inclusive structure, funded by community donations. While youth-led climate movements remain scarce in Peel, the CCC pioneers climate justice and political advocacy in the region. Grounded in three pillars\u2014climate literacy, political advocacy, and community engagement\u2014the CCC aims to democratize climate action.<\/span><\/p>\n<p>\u00a0<span style=\"font-weight: 400;\">Leur \u00e9quipe est le reflet de la diversit\u00e9 de leur communaut\u00e9 ; Peel est connue pour avoir une communaut\u00e9 d'immigrants racis\u00e9s, principalement PANDC. Pourtant, le mouvement plus large de lutte contre le changement climatique dans la r\u00e9gion du Grand Toronto et m\u00eame dans tout le Canada est encore principalement dirig\u00e9 par des repr\u00e9sentants blancs privil\u00e9gi\u00e9s. L'un des moyens d'y rem\u00e9dier est d'accro\u00eetre la culture climatique et politique des personnes sous-repr\u00e9sent\u00e9es, en particulier des jeunes, qui sont exclus de la recherche de solutions dans les discussions sur la politique climatique.<\/span><\/p>\n<p><span style=\"font-weight: 400;\">Miranda emphasizes, \"Improving climate literacy means empowering people to engage with political representatives.\" Despite facing challenges during the pandemic, the CCC adapted its programs to hybrid and in-person formats, navigating volunteer retention and burnout issues. Miranda stresses the importance of embracing rest for sustainable activism, a departure from the relentless productivity culture.<\/span><\/p><\/div>\n\t\t\t<\/div><div class=\"et_pb_module et_d4_element et_pb_image et_pb_image_0\">\n\t\t\t\t\n\t\t\t\t\n\t\t\t\t\n\t\t\t\t\n\t\t\t\t<span class=\"et_pb_image_wrap\"><img data-recalc-dims=\"1\" loading=\"lazy\" decoding=\"async\" width=\"1080\" height=\"810\" src=\"https:\/\/i0.wp.com\/www.theyouthharbour.org\/wp-content\/uploads\/2024\/08\/20190927_140146-scaled.webp?resize=1080%2C810&#038;ssl=1\" alt=\"\" title=\"20190927_140146\" srcset=\"https:\/\/i0.wp.com\/www.theyouthharbour.org\/wp-content\/uploads\/2024\/08\/20190927_140146-scaled.webp?w=2560&ssl=1 2560w, https:\/\/i0.wp.com\/www.theyouthharbour.org\/wp-content\/uploads\/2024\/08\/20190927_140146-scaled.webp?resize=300%2C225&ssl=1 300w, https:\/\/i0.wp.com\/www.theyouthharbour.org\/wp-content\/uploads\/2024\/08\/20190927_140146-scaled.webp?resize=1024%2C768&ssl=1 1024w, https:\/\/i0.wp.com\/www.theyouthharbour.org\/wp-content\/uploads\/2024\/08\/20190927_140146-scaled.webp?resize=768%2C576&ssl=1 768w, https:\/\/i0.wp.com\/www.theyouthharbour.org\/wp-content\/uploads\/2024\/08\/20190927_140146-scaled.webp?resize=1536%2C1152&ssl=1 1536w, https:\/\/i0.wp.com\/www.theyouthharbour.org\/wp-content\/uploads\/2024\/08\/20190927_140146-scaled.webp?resize=2048%2C1536&ssl=1 2048w, https:\/\/i0.wp.com\/www.theyouthharbour.org\/wp-content\/uploads\/2024\/08\/20190927_140146-scaled.webp?resize=16%2C12&ssl=1 16w, https:\/\/i0.wp.com\/www.theyouthharbour.org\/wp-content\/uploads\/2024\/08\/20190927_140146-scaled.webp?resize=510%2C382&ssl=1 510w, https:\/\/i0.wp.com\/www.theyouthharbour.org\/wp-content\/uploads\/2024\/08\/20190927_140146-scaled.webp?resize=1080%2C810&ssl=1 1080w, https:\/\/i0.wp.com\/www.theyouthharbour.org\/wp-content\/uploads\/2024\/08\/20190927_140146-scaled.webp?resize=1280%2C960&ssl=1 1280w, https:\/\/i0.wp.com\/www.theyouthharbour.org\/wp-content\/uploads\/2024\/08\/20190927_140146-scaled.webp?resize=980%2C735&ssl=1 980w, https:\/\/i0.wp.com\/www.theyouthharbour.org\/wp-content\/uploads\/2024\/08\/20190927_140146-scaled.webp?resize=480%2C360&ssl=1 480w, https:\/\/i0.wp.com\/www.theyouthharbour.org\/wp-content\/uploads\/2024\/08\/20190927_140146-scaled.webp?w=2160&ssl=1 2160w\" sizes=\"(max-width: 1080px) 100vw, 1080px\" class=\"wp-image-30423\" \/><\/span>\n\t\t\t<\/div><div class=\"et_pb_module et_d4_element et_pb_text et_pb_text_1  et_pb_text_align_left et_pb_bg_layout_light\">\n\t\t\t\t\n\t\t\t\t\n\t\t\t\t\n\t\t\t\t\n\t\t\t\t<div class=\"et_pb_text_inner\"><p><span style=\"text-decoration: underline;\"><a href=\"https:\/\/www.theyouthharbour.org\/fr\/action-grants\/\"><span style=\"font-weight: 400;\">La Bourse d'action Jeunesse Havre<\/span><\/a><\/span><span style=\"font-weight: 400;\"> a apport\u00e9 un soutien crucial, permettant l'achat d'outils essentiels tels qu'un compte QuickBooks, facilitant le transfert de leur domaine Web et de leurs abonnements de courriel et fournissant du mat\u00e9riel pour leur gr\u00e8ve annuelle, y compris des banni\u00e8res verticales pour une visibilit\u00e9 accrue, des cartes de visite et les fournitures n\u00e9cessaires. Le CCC a franchi des \u00e9tapes importantes, y compris la capacit\u00e9 de r\u00e9mun\u00e9rer les b\u00e9n\u00e9voles avec des honoraires pour leurs contributions lors d'\u00e9v\u00e9nements de premier plan, couvrant des d\u00e9penses telles que le transport et le d\u00e9jeuner - un exploit sans pr\u00e9c\u00e9dent pour une organisation dirig\u00e9e par des b\u00e9n\u00e9voles. En outre, elle a r\u00e9ussi \u00e0<\/span><\/p>\n<ul>\n<li style=\"font-weight: 400;\" aria-level=\"1\"><span style=\"font-weight: 400;\">Recruited more volunteers dedicated to sustaining CCC's operations.<\/span><\/li>\n<li style=\"font-weight: 400;\" aria-level=\"1\"><span style=\"font-weight: 400;\">ont \u00e9largi leurs efforts d'engagement communautaire, notamment en organisant une soir\u00e9e cin\u00e9ma gratuite \u00e0 guichets ferm\u00e9s \u00e0 laquelle ont assist\u00e9 100 personnes.<\/span><\/li>\n<li style=\"font-weight: 400;\" aria-level=\"1\"><span style=\"font-weight: 400;\">obtenu une <\/span><span style=\"text-decoration: underline;\"><a href=\"https:\/\/www.communityclimatecouncil.org\/media\"><span style=\"font-weight: 400;\">media coverage<\/span><\/a><\/span><span style=\"font-weight: 400;\">importante, les m\u00e9dias cherchant activement \u00e0 interviewer les repr\u00e9sentants de la CCC.<\/span><\/li>\n<li style=\"font-weight: 400;\" aria-level=\"1\"><span style=\"font-weight: 400;\">Lancement du <\/span><a href=\"https:\/\/www.communityclimatecouncil.org\/climate-hub\"><span style=\"font-weight: 400;\"><span style=\"text-decoration: underline;\">couverture m\u00e9diatique<\/span><\/span><\/a><span style=\"font-weight: 400;\">importante, les m\u00e9dias cherchant activement \u00e0 interviewer les repr\u00e9sentants de la CCC.<\/span><\/li>\n<li style=\"font-weight: 400;\" aria-level=\"1\"><span style=\"font-weight: 400;\">Organized a Greenbelt rally to advocate against construction within the protected area, resulting in a notable victory when the Ford government announced their decision to uphold the Greenbelt's integrity just three days after the rally. This achievement symbolized the collective efforts of Peel residents and underscored the power of community mobilization.<\/span><\/li>\n<\/ul>\n<p><span style=\"font-weight: 400;\">Assessing impact, the CCC tracks attendance, partnerships, and policy outcomes. Miranda recalls instances of changing perceptions during community engagements, underscoring the organization's qualitative impact. Looking ahead, the CCC aims to develop a comprehensive 5-year plan while expanding outreach to BIPOC youth and other municipalities.<\/span><\/p>\n<p><span style=\"font-weight: 400;\">La question qui se pose maintenant \u00e0 l'\u00e9quipe est de savoir jusqu'o\u00f9 elle peut aller. Un grand projet \u00e0 venir est le rassemblement annuel pour le climat. Ils esp\u00e8rent encourager davantage de jeunes PANDC \u00e0 se manifester, comme ils l'ont fait pour la premi\u00e8re fois en 2019. Miranda <\/span><i><span style=\"font-weight: 400;\">\"r\u00eave que les participants au rallye refl\u00e8tent la jeunesse PANDC\", <\/span><\/i><span style=\"font-weight: 400;\">et esp\u00e8re que cela se produira gr\u00e2ce \u00e0 la sensibilisation des \u00e9coles et des groupes de jeunes b\u00e9n\u00e9voles pour encourager leur participation au prochain rallye.\u00a0<\/span><\/p>\n<p><span style=\"font-weight: 400;\">De plus, ils pr\u00e9voient d'\u00e9tendre leur action au-del\u00e0 de Peel et d'avoir des d\u00e9l\u00e9gu\u00e9s dans d'autres municipalit\u00e9s. L'un des d\u00e9fis \u00e0 relever pour y parvenir est de trouver le moyen de d\u00e9velopper l'\u00e9quipe de d\u00e9fense des int\u00e9r\u00eats politiques. L'\u00e9quipe envisage d'organiser un sommet l'ann\u00e9e prochaine pour <\/span><i><span style=\"font-weight: 400;\">\u201cbridge the gap between politicians and residents'' <\/span><\/i><span style=\"font-weight: 400;\">\"combler le foss\u00e9 entre les politiciens et les r\u00e9sidents\" en cr\u00e9ant un espace o\u00f9 les conseillers sont plus accessibles.\u00a0<\/span><\/p>\n<p><span style=\"font-weight: 400;\">Alors que le conseil poursuit ces efforts, il reste d\u00e9termin\u00e9 dans son engagement \u00e0 renforcer les communaut\u00e9s et \u00e0 plaider en faveur d'une action climatique substantielle, incarnant le potentiel de transformation de l'activisme de base dans la construction d'un avenir durable pour tous.<\/span><\/p>\n<p><em><span style=\"font-weight: 400;\">*La r\u00e9gion de Peel est situ\u00e9e sur les terres des Haudenosaunee, des Anishinabek, des Petun, des Attawandaron et des Mississaugas de la Premi\u00e8re nation de Credit.<\/span><\/em><\/p><\/div>\n\t\t\t<\/div><div class=\"et_pb_module et_d4_element et_pb_image et_pb_image_1\">\n\t\t\t\t\n\t\t\t\t\n\t\t\t\t\n\t\t\t\t\n\t\t\t\t<span class=\"et_pb_image_wrap\"><img data-recalc-dims=\"1\" loading=\"lazy\" decoding=\"async\" width=\"1080\" height=\"1440\" src=\"https:\/\/i0.wp.com\/www.theyouthharbour.org\/wp-content\/uploads\/2024\/08\/IMG_3671-scaled.webp?resize=1080%2C1440&#038;ssl=1\" alt=\"\" title=\"IMG_3671\" srcset=\"https:\/\/i0.wp.com\/www.theyouthharbour.org\/wp-content\/uploads\/2024\/08\/IMG_3671-scaled.webp?w=1920&ssl=1 1920w, https:\/\/i0.wp.com\/www.theyouthharbour.org\/wp-content\/uploads\/2024\/08\/IMG_3671-scaled.webp?resize=225%2C300&ssl=1 225w, https:\/\/i0.wp.com\/www.theyouthharbour.org\/wp-content\/uploads\/2024\/08\/IMG_3671-scaled.webp?resize=768%2C1024&ssl=1 768w, https:\/\/i0.wp.com\/www.theyouthharbour.org\/wp-content\/uploads\/2024\/08\/IMG_3671-scaled.webp?resize=1152%2C1536&ssl=1 1152w, https:\/\/i0.wp.com\/www.theyouthharbour.org\/wp-content\/uploads\/2024\/08\/IMG_3671-scaled.webp?resize=1536%2C2048&ssl=1 1536w, https:\/\/i0.wp.com\/www.theyouthharbour.org\/wp-content\/uploads\/2024\/08\/IMG_3671-scaled.webp?resize=9%2C12&ssl=1 9w, https:\/\/i0.wp.com\/www.theyouthharbour.org\/wp-content\/uploads\/2024\/08\/IMG_3671-scaled.webp?resize=1080%2C1440&ssl=1 1080w, https:\/\/i0.wp.com\/www.theyouthharbour.org\/wp-content\/uploads\/2024\/08\/IMG_3671-scaled.webp?resize=1280%2C1707&ssl=1 1280w, https:\/\/i0.wp.com\/www.theyouthharbour.org\/wp-content\/uploads\/2024\/08\/IMG_3671-scaled.webp?resize=980%2C1307&ssl=1 980w, https:\/\/i0.wp.com\/www.theyouthharbour.org\/wp-content\/uploads\/2024\/08\/IMG_3671-scaled.webp?resize=480%2C640&ssl=1 480w\" sizes=\"(max-width: 1080px) 100vw, 1080px\" class=\"wp-image-30424\" \/><\/span>\n\t\t\t<\/div>\n\t\t\t<\/div>\n\t\t\t\t\n\t\t\t\t\n\t\t\t\t\n\t\t\t\t\n\t\t\t<\/div>\n\t\t\t\t\n\t\t\t\t\n\t\t\t<\/div>","protected":false},"excerpt":{"rendered":"","protected":false},"author":6,"featured_media":30420,"comment_status":"open","ping_status":"open","sticky":false,"template":"our-updates","format":"standard","meta":{"_acf_changed":false,"nf_dc_page":"","_et_pb_use_builder":"on","_et_pb_old_content":"<!-- wp:paragraph -->\n<p class=\"\">In September, FES was at New York Climate Week. The first of three blog posts sharing Kat\u2019s (Executive Director) and Jess\u2019 (Program Director) experience and reflections at the People\u2019s March, and what it was like being with over 75,000 people on the ground, advocating for climate action.<\/p>\n<!-- \/wp:paragraph -->\n\n<!-- wp:paragraph -->\n<p class=\"\"><\/p>\n<!-- \/wp:paragraph -->\n\n<!-- wp:paragraph -->\n<p class=\"\"><\/p>\n<!-- \/wp:paragraph -->","_et_gb_content_width":"","_jetpack_newsletter_access":"","_jetpack_dont_email_post_to_subs":false,"_jetpack_newsletter_tier_id":0,"_jetpack_memberships_contains_paywalled_content":false,"_jetpack_feature_clip_id":0,"_jetpack_memberships_contains_paid_content":false,"footnotes":"","jetpack_post_was_ever_published":false},"categories":[104],"tags":[],"class_list":["post-30418","post","type-post","status-publish","format-standard","has-post-thumbnail","hentry","category-impact-story"],"acf":[],"yoast_head":"<!-- This site is optimized with the Yoast SEO plugin v28.4 - https:\/\/yoast.com\/product\/yoast-seo-wordpress\/ -->\n<title>Empowering Communities: Fostering Climate Solutions and Advocating for Action - The Youth Harbour<\/title>\n<meta name=\"robots\" content=\"index, follow, max-snippet:-1, max-image-preview:large, max-video-preview:-1\" \/>\n<link rel=\"canonical\" href=\"https:\/\/www.theyouthharbour.org\/fr\/impact-story\/empowering-communities-fostering-climate-solutions-and-advocating-for-action\/\" \/>\n<meta property=\"og:locale\" content=\"fr_CA\" \/>\n<meta property=\"og:type\" content=\"article\" \/>\n<meta property=\"og:title\" content=\"Empowering Communities: Fostering Climate Solutions and Advocating for Action - The Youth Harbour\" \/>\n<meta property=\"og:url\" content=\"https:\/\/www.theyouthharbour.org\/fr\/impact-story\/empowering-communities-fostering-climate-solutions-and-advocating-for-action\/\" \/>\n<meta property=\"og:site_name\" content=\"The Youth Harbour\" \/>\n<meta property=\"article:published_time\" content=\"2024-09-27T06:25:00+00:00\" \/>\n<meta property=\"article:modified_time\" content=\"2025-02-25T21:12:56+00:00\" \/>\n<meta property=\"og:image\" content=\"https:\/\/i0.wp.com\/www.theyouthharbour.org\/wp-content\/uploads\/2024\/08\/CCC.png?fit=388%2C232&ssl=1\" \/>\n\t<meta property=\"og:image:width\" content=\"388\" \/>\n\t<meta property=\"og:image:height\" content=\"232\" \/>\n\t<meta property=\"og:image:type\" content=\"image\/png\" \/>\n<meta name=\"author\" content=\"Jacqueline O&#039;Neill Huerta\" \/>\n<meta name=\"twitter:card\" content=\"summary_large_image\" \/>\n<meta name=\"twitter:label1\" content=\"\u00c9crit par\" \/>\n\t<meta name=\"twitter:data1\" content=\"Jacqueline O&#039;Neill Huerta\" \/>\n\t<meta name=\"twitter:label2\" content=\"Estimation du temps de lecture\" \/>\n\t<meta name=\"twitter:data2\" content=\"5 minutes\" \/>\n<script type=\"application\/ld+json\" class=\"yoast-schema-graph\">{\"@context\":\"https:\\\/\\\/schema.org\",\"@graph\":[{\"@type\":\"Article\",\"@id\":\"https:\\\/\\\/www.theyouthharbour.org\\\/impact-story\\\/empowering-communities-fostering-climate-solutions-and-advocating-for-action\\\/#article\",\"isPartOf\":{\"@id\":\"https:\\\/\\\/www.theyouthharbour.org\\\/impact-story\\\/empowering-communities-fostering-climate-solutions-and-advocating-for-action\\\/\"},\"author\":{\"name\":\"Jacqueline O'Neill Huerta\",\"@id\":\"https:\\\/\\\/www.theyouthharbour.org\\\/#\\\/schema\\\/person\\\/8a0e608eac853577cab561fafb055a0a\"},\"headline\":\"Empowering Communities: Fostering Climate Solutions and Advocating for Action\",\"datePublished\":\"2024-09-27T06:25:00+00:00\",\"dateModified\":\"2025-02-25T21:12:56+00:00\",\"mainEntityOfPage\":{\"@id\":\"https:\\\/\\\/www.theyouthharbour.org\\\/impact-story\\\/empowering-communities-fostering-climate-solutions-and-advocating-for-action\\\/\"},\"wordCount\":1120,\"commentCount\":0,\"image\":{\"@id\":\"https:\\\/\\\/www.theyouthharbour.org\\\/impact-story\\\/empowering-communities-fostering-climate-solutions-and-advocating-for-action\\\/#primaryimage\"},\"thumbnailUrl\":\"https:\\\/\\\/i0.wp.com\\\/www.theyouthharbour.org\\\/wp-content\\\/uploads\\\/2024\\\/08\\\/CCC.png?fit=388%2C232&ssl=1\",\"articleSection\":[\"Impact Story\"],\"inLanguage\":\"fr-CA\",\"potentialAction\":[{\"@type\":\"CommentAction\",\"name\":\"Comment\",\"target\":[\"https:\\\/\\\/www.theyouthharbour.org\\\/impact-story\\\/empowering-communities-fostering-climate-solutions-and-advocating-for-action\\\/#respond\"]}]},{\"@type\":\"WebPage\",\"@id\":\"https:\\\/\\\/www.theyouthharbour.org\\\/impact-story\\\/empowering-communities-fostering-climate-solutions-and-advocating-for-action\\\/\",\"url\":\"https:\\\/\\\/www.theyouthharbour.org\\\/impact-story\\\/empowering-communities-fostering-climate-solutions-and-advocating-for-action\\\/\",\"name\":\"Empowering Communities: Fostering Climate Solutions and Advocating for Action - The Youth Harbour\",\"isPartOf\":{\"@id\":\"https:\\\/\\\/www.theyouthharbour.org\\\/#website\"},\"primaryImageOfPage\":{\"@id\":\"https:\\\/\\\/www.theyouthharbour.org\\\/impact-story\\\/empowering-communities-fostering-climate-solutions-and-advocating-for-action\\\/#primaryimage\"},\"image\":{\"@id\":\"https:\\\/\\\/www.theyouthharbour.org\\\/impact-story\\\/empowering-communities-fostering-climate-solutions-and-advocating-for-action\\\/#primaryimage\"},\"thumbnailUrl\":\"https:\\\/\\\/i0.wp.com\\\/www.theyouthharbour.org\\\/wp-content\\\/uploads\\\/2024\\\/08\\\/CCC.png?fit=388%2C232&ssl=1\",\"datePublished\":\"2024-09-27T06:25:00+00:00\",\"dateModified\":\"2025-02-25T21:12:56+00:00\",\"author\":{\"@id\":\"https:\\\/\\\/www.theyouthharbour.org\\\/#\\\/schema\\\/person\\\/8a0e608eac853577cab561fafb055a0a\"},\"breadcrumb\":{\"@id\":\"https:\\\/\\\/www.theyouthharbour.org\\\/impact-story\\\/empowering-communities-fostering-climate-solutions-and-advocating-for-action\\\/#breadcrumb\"},\"inLanguage\":\"fr-CA\",\"potentialAction\":[{\"@type\":\"ReadAction\",\"target\":[\"https:\\\/\\\/www.theyouthharbour.org\\\/impact-story\\\/empowering-communities-fostering-climate-solutions-and-advocating-for-action\\\/\"]}]},{\"@type\":\"ImageObject\",\"inLanguage\":\"fr-CA\",\"@id\":\"https:\\\/\\\/www.theyouthharbour.org\\\/impact-story\\\/empowering-communities-fostering-climate-solutions-and-advocating-for-action\\\/#primaryimage\",\"url\":\"https:\\\/\\\/i0.wp.com\\\/www.theyouthharbour.org\\\/wp-content\\\/uploads\\\/2024\\\/08\\\/CCC.png?fit=388%2C232&ssl=1\",\"contentUrl\":\"https:\\\/\\\/i0.wp.com\\\/www.theyouthharbour.org\\\/wp-content\\\/uploads\\\/2024\\\/08\\\/CCC.png?fit=388%2C232&ssl=1\",\"width\":388,\"height\":232},{\"@type\":\"BreadcrumbList\",\"@id\":\"https:\\\/\\\/www.theyouthharbour.org\\\/impact-story\\\/empowering-communities-fostering-climate-solutions-and-advocating-for-action\\\/#breadcrumb\",\"itemListElement\":[{\"@type\":\"ListItem\",\"position\":1,\"name\":\"Home\",\"item\":\"https:\\\/\\\/www.theyouthharbour.org\\\/\"},{\"@type\":\"ListItem\",\"position\":2,\"name\":\"Empowering Communities: Fostering Climate Solutions and Advocating for Action\"}]},{\"@type\":\"WebSite\",\"@id\":\"https:\\\/\\\/www.theyouthharbour.org\\\/#website\",\"url\":\"https:\\\/\\\/www.theyouthharbour.org\\\/\",\"name\":\"The Youth Harbour\",\"description\":\"Youth-for-youth climate support system.\",\"potentialAction\":[{\"@type\":\"SearchAction\",\"target\":{\"@type\":\"EntryPoint\",\"urlTemplate\":\"https:\\\/\\\/www.theyouthharbour.org\\\/?s={search_term_string}\"},\"query-input\":{\"@type\":\"PropertyValueSpecification\",\"valueRequired\":true,\"valueName\":\"search_term_string\"}}],\"inLanguage\":\"fr-CA\"},{\"@type\":\"Person\",\"@id\":\"https:\\\/\\\/www.theyouthharbour.org\\\/#\\\/schema\\\/person\\\/8a0e608eac853577cab561fafb055a0a\",\"name\":\"Jacqueline O'Neill Huerta\",\"image\":{\"@type\":\"ImageObject\",\"inLanguage\":\"fr-CA\",\"@id\":\"https:\\\/\\\/secure.gravatar.com\\\/avatar\\\/ef0ef95f9a3e172546801de5cb5e89cea98763ef681c5cb5def86c15f97ac89c?s=96&d=mm&r=g\",\"url\":\"https:\\\/\\\/secure.gravatar.com\\\/avatar\\\/ef0ef95f9a3e172546801de5cb5e89cea98763ef681c5cb5def86c15f97ac89c?s=96&d=mm&r=g\",\"contentUrl\":\"https:\\\/\\\/secure.gravatar.com\\\/avatar\\\/ef0ef95f9a3e172546801de5cb5e89cea98763ef681c5cb5def86c15f97ac89c?s=96&d=mm&r=g\",\"caption\":\"Jacqueline O'Neill Huerta\"},\"url\":\"https:\\\/\\\/www.theyouthharbour.org\\\/fr\\\/author\\\/jacqueline\\\/\"}]}<\/script>\n<!-- \/ Yoast SEO plugin. -->","yoast_head_json":{"title":"Empowering Communities: Fostering Climate Solutions and Advocating for Action - The Youth Harbour","robots":{"index":"index","follow":"follow","max-snippet":"max-snippet:-1","max-image-preview":"max-image-preview:large","max-video-preview":"max-video-preview:-1"},"canonical":"https:\/\/www.theyouthharbour.org\/fr\/impact-story\/empowering-communities-fostering-climate-solutions-and-advocating-for-action\/","og_locale":"fr_CA","og_type":"article","og_title":"Empowering Communities: Fostering Climate Solutions and Advocating for Action - The Youth Harbour","og_url":"https:\/\/www.theyouthharbour.org\/fr\/impact-story\/empowering-communities-fostering-climate-solutions-and-advocating-for-action\/","og_site_name":"The Youth Harbour","article_published_time":"2024-09-27T06:25:00+00:00","article_modified_time":"2025-02-25T21:12:56+00:00","og_image":[{"width":388,"height":232,"url":"https:\/\/i0.wp.com\/www.theyouthharbour.org\/wp-content\/uploads\/2024\/08\/CCC.png?fit=388%2C232&ssl=1","type":"image\/png"}],"author":"Jacqueline O'Neill Huerta","twitter_card":"summary_large_image","twitter_misc":{"\u00c9crit par":"Jacqueline O'Neill Huerta","Estimation du temps de lecture":"5 minutes"},"schema":{"@context":"https:\/\/schema.org","@graph":[{"@type":"Article","@id":"https:\/\/www.theyouthharbour.org\/impact-story\/empowering-communities-fostering-climate-solutions-and-advocating-for-action\/#article","isPartOf":{"@id":"https:\/\/www.theyouthharbour.org\/impact-story\/empowering-communities-fostering-climate-solutions-and-advocating-for-action\/"},"author":{"name":"Jacqueline O'Neill Huerta","@id":"https:\/\/www.theyouthharbour.org\/#\/schema\/person\/8a0e608eac853577cab561fafb055a0a"},"headline":"Empowering Communities: Fostering Climate Solutions and Advocating for Action","datePublished":"2024-09-27T06:25:00+00:00","dateModified":"2025-02-25T21:12:56+00:00","mainEntityOfPage":{"@id":"https:\/\/www.theyouthharbour.org\/impact-story\/empowering-communities-fostering-climate-solutions-and-advocating-for-action\/"},"wordCount":1120,"commentCount":0,"image":{"@id":"https:\/\/www.theyouthharbour.org\/impact-story\/empowering-communities-fostering-climate-solutions-and-advocating-for-action\/#primaryimage"},"thumbnailUrl":"https:\/\/i0.wp.com\/www.theyouthharbour.org\/wp-content\/uploads\/2024\/08\/CCC.png?fit=388%2C232&ssl=1","articleSection":["Impact Story"],"inLanguage":"fr-CA","potentialAction":[{"@type":"CommentAction","name":"Comment","target":["https:\/\/www.theyouthharbour.org\/impact-story\/empowering-communities-fostering-climate-solutions-and-advocating-for-action\/#respond"]}]},{"@type":"WebPage","@id":"https:\/\/www.theyouthharbour.org\/impact-story\/empowering-communities-fostering-climate-solutions-and-advocating-for-action\/","url":"https:\/\/www.theyouthharbour.org\/impact-story\/empowering-communities-fostering-climate-solutions-and-advocating-for-action\/","name":"Empowering Communities: Fostering Climate Solutions and Advocating for Action - The Youth Harbour","isPartOf":{"@id":"https:\/\/www.theyouthharbour.org\/#website"},"primaryImageOfPage":{"@id":"https:\/\/www.theyouthharbour.org\/impact-story\/empowering-communities-fostering-climate-solutions-and-advocating-for-action\/#primaryimage"},"image":{"@id":"https:\/\/www.theyouthharbour.org\/impact-story\/empowering-communities-fostering-climate-solutions-and-advocating-for-action\/#primaryimage"},"thumbnailUrl":"https:\/\/i0.wp.com\/www.theyouthharbour.org\/wp-content\/uploads\/2024\/08\/CCC.png?fit=388%2C232&ssl=1","datePublished":"2024-09-27T06:25:00+00:00","dateModified":"2025-02-25T21:12:56+00:00","author":{"@id":"https:\/\/www.theyouthharbour.org\/#\/schema\/person\/8a0e608eac853577cab561fafb055a0a"},"breadcrumb":{"@id":"https:\/\/www.theyouthharbour.org\/impact-story\/empowering-communities-fostering-climate-solutions-and-advocating-for-action\/#breadcrumb"},"inLanguage":"fr-CA","potentialAction":[{"@type":"ReadAction","target":["https:\/\/www.theyouthharbour.org\/impact-story\/empowering-communities-fostering-climate-solutions-and-advocating-for-action\/"]}]},{"@type":"ImageObject","inLanguage":"fr-CA","@id":"https:\/\/www.theyouthharbour.org\/impact-story\/empowering-communities-fostering-climate-solutions-and-advocating-for-action\/#primaryimage","url":"https:\/\/i0.wp.com\/www.theyouthharbour.org\/wp-content\/uploads\/2024\/08\/CCC.png?fit=388%2C232&ssl=1","contentUrl":"https:\/\/i0.wp.com\/www.theyouthharbour.org\/wp-content\/uploads\/2024\/08\/CCC.png?fit=388%2C232&ssl=1","width":388,"height":232},{"@type":"BreadcrumbList","@id":"https:\/\/www.theyouthharbour.org\/impact-story\/empowering-communities-fostering-climate-solutions-and-advocating-for-action\/#breadcrumb","itemListElement":[{"@type":"ListItem","position":1,"name":"Home","item":"https:\/\/www.theyouthharbour.org\/"},{"@type":"ListItem","position":2,"name":"Empowering Communities: Fostering Climate Solutions and Advocating for Action"}]},{"@type":"WebSite","@id":"https:\/\/www.theyouthharbour.org\/#website","url":"https:\/\/www.theyouthharbour.org\/","name":"Le Havre jeunesse","description":"Youth-for-youth climate support system.","potentialAction":[{"@type":"SearchAction","target":{"@type":"EntryPoint","urlTemplate":"https:\/\/www.theyouthharbour.org\/?s={search_term_string}"},"query-input":{"@type":"PropertyValueSpecification","valueRequired":true,"valueName":"search_term_string"}}],"inLanguage":"fr-CA"},{"@type":"Person","@id":"https:\/\/www.theyouthharbour.org\/#\/schema\/person\/8a0e608eac853577cab561fafb055a0a","name":"Jacqueline O'Neill Huerta","image":{"@type":"ImageObject","inLanguage":"fr-CA","@id":"https:\/\/secure.gravatar.com\/avatar\/ef0ef95f9a3e172546801de5cb5e89cea98763ef681c5cb5def86c15f97ac89c?s=96&d=mm&r=g","url":"https:\/\/secure.gravatar.com\/avatar\/ef0ef95f9a3e172546801de5cb5e89cea98763ef681c5cb5def86c15f97ac89c?s=96&d=mm&r=g","contentUrl":"https:\/\/secure.gravatar.com\/avatar\/ef0ef95f9a3e172546801de5cb5e89cea98763ef681c5cb5def86c15f97ac89c?s=96&d=mm&r=g","caption":"Jacqueline O'Neill Huerta"},"url":"https:\/\/www.theyouthharbour.org\/fr\/author\/jacqueline\/"}]}},"jetpack_sharing_enabled":true,"jetpack_featured_media_url":"https:\/\/i0.wp.com\/www.theyouthharbour.org\/wp-content\/uploads\/2024\/08\/CCC.png?fit=388%2C232&ssl=1","_links":{"self":[{"href":"https:\/\/www.theyouthharbour.org\/fr\/wp-json\/wp\/v2\/posts\/30418","targetHints":{"allow":["GET"]}}],"collection":[{"href":"https:\/\/www.theyouthharbour.org\/fr\/wp-json\/wp\/v2\/posts"}],"about":[{"href":"https:\/\/www.theyouthharbour.org\/fr\/wp-json\/wp\/v2\/types\/post"}],"author":[{"embeddable":true,"href":"https:\/\/www.theyouthharbour.org\/fr\/wp-json\/wp\/v2\/users\/6"}],"replies":[{"embeddable":true,"href":"https:\/\/www.theyouthharbour.org\/fr\/wp-json\/wp\/v2\/comments?post=30418"}],"version-history":[{"count":6,"href":"https:\/\/www.theyouthharbour.org\/fr\/wp-json\/wp\/v2\/posts\/30418\/revisions"}],"predecessor-version":[{"id":30576,"href":"https:\/\/www.theyouthharbour.org\/fr\/wp-json\/wp\/v2\/posts\/30418\/revisions\/30576"}],"wp:featuredmedia":[{"embeddable":true,"href":"https:\/\/www.theyouthharbour.org\/fr\/wp-json\/wp\/v2\/media\/30420"}],"wp:attachment":[{"href":"https:\/\/www.theyouthharbour.org\/fr\/wp-json\/wp\/v2\/media?parent=30418"}],"wp:term":[{"taxonomy":"category","embeddable":true,"href":"https:\/\/www.theyouthharbour.org\/fr\/wp-json\/wp\/v2\/categories?post=30418"},{"taxonomy":"post_tag","embeddable":true,"href":"https:\/\/www.theyouthharbour.org\/fr\/wp-json\/wp\/v2\/tags?post=30418"}],"curies":[{"name":"wp","href":"https:\/\/api.w.org\/{rel}","templated":true}]}}