{"id":30427,"date":"2024-10-01T06:52:00","date_gmt":"2024-10-01T06:52:00","guid":{"rendered":"https:\/\/www.theyouthharbour.org\/?p=30427"},"modified":"2025-02-25T21:12:33","modified_gmt":"2025-02-25T21:12:33","slug":"building-community-and-growing-resilience-with-the-youth-environmental-action-network","status":"publish","type":"post","link":"https:\/\/www.theyouthharbour.org\/fr\/impact-story\/building-community-and-growing-resilience-with-the-youth-environmental-action-network\/","title":{"rendered":"B\u00e2tir une communaut\u00e9 et d\u00e9velopper la r\u00e9silience avec le r\u00e9seau d'action environnementale de la jeunesse"},"content":{"rendered":"<div class=\"et_d4_element et_pb_section et_pb_section_0 et_pb_with_background  et_pb_css_mix_blend_mode et_section_regular et_block_section\" >\n\t\t\t\t\n\t\t\t\t\n\t\t\t\t\n\t\t\t\t\n\t\t\t\t\n\t\t\t\t\n\t\t\t\t<div class=\"et_d4_element et_pb_row et_pb_row_0  et_pb_css_mix_blend_mode et_block_row\">\n\t\t\t\t<div class=\"et_d4_element et_pb_column_4_4 et_pb_column et_pb_column_0  et_pb_css_mix_blend_mode et-last-child et_block_column\">\n\t\t\t\t\n\t\t\t\t\n\t\t\t\t\n\t\t\t\t\n\t\t\t\t<div class=\"et_pb_module et_d4_element et_pb_text et_pb_text_0  et_pb_text_align_left et_pb_bg_layout_light\">\n\t\t\t\t\n\t\t\t\t\n\t\t\t\t\n\t\t\t\t\n\t\t\t\t<div class=\"et_pb_text_inner\"><p><span style=\"font-weight: 400;\">Au cours des premi\u00e8res ann\u00e9es de la pand\u00e9mie de COVID-19, les jeunes ont perdu de nombreuses occasions de nouer des liens humains. Au plus fort des restrictions li\u00e9es \u00e0 la pand\u00e9mie, les relations sociales \u00e9taient limit\u00e9es aux espaces num\u00e9riques, et ceux qui entamaient de nouvelles \u00e9tapes de leur vie - lyc\u00e9e, \u00e9tudes sup\u00e9rieures ou travail \u00e0 temps plein - ont eu du mal \u00e0 nouer de nouvelles relations avec leurs pairs. En outre, la crise climatique continue d'avoir un impact sur la sant\u00e9 mentale des jeunes, qui doivent faire face \u00e0 des sentiments de peur, de d\u00e9sespoir et de chagrin en \u00e9tant isol\u00e9s des autres.<\/span><\/p>\n<p><span style=\"font-weight: 400;\">Aujourd'hui, plus que jamais, nous avons besoin d'espaces permettant aux jeunes de se connecter les uns aux autres, et nous devons prendre des mesures pour lutter contre le changement climatique. L'intersection de ces besoins signifie que le r\u00e9seau d'action environnementale de la jeunesse r\u00e9appara\u00eet au moment id\u00e9al.<\/span>\u00a0<\/p>\n<p><span style=\"font-weight: 400;\">Le R\u00e9seau action jeunesse pour l'environnement, ou YEAN, est un programme de collaboration g\u00e9r\u00e9 par le R\u00e9seau environnemental du Nouveau-Brunswick (RENB). Le RENB est l'un des r\u00e9seaux environnementaux les plus actifs de ce que l'on appelle actuellement le Canada. Depuis sa cr\u00e9ation en 1991, il s'est engag\u00e9 \u00e0 am\u00e9liorer la communication et la coop\u00e9ration entre plus de 100 organisations environnementales au Nouveau-Brunswick*. Le r\u00e9seau facilite la communication, fournit un soutien administratif et aide les organisations \u00e0 \u00e9tablir des liens avec le gouvernement, les universit\u00e9s et d'autres secteurs en vue de la protection de l'environnement. Le RENB g\u00e8re deux mod\u00e8les de programmes : les caucus et les groupes de collaboration. Les caucus sont form\u00e9s par les membres du RENB autour de questions sp\u00e9cifiques, et comprennent actuellement des sujets tels que les droits environnementaux et les questions relatives aux bassins versants. Le mod\u00e8le de collaboration est ouvert \u00e0 tous les individus qui souhaitent travailler sur un sujet particulier, et inclut le YEAN.\u00a0<\/span><\/p>\n<p><span style=\"font-weight: 400;\">Le RENB a toujours soutenu les jeunes, notamment en leur attribuant des postes au sein de son comit\u00e9 directeur, en mettant en place des programmes cibl\u00e9s et en cr\u00e9ant une premi\u00e8re version du R\u00e9seau d'action environnementale des jeunes. La pand\u00e9mie a touch\u00e9 tout le monde, et bien que le YEAN ait \u00e9t\u00e9 mis en veilleuse pendant un certain temps, le RENB le ram\u00e8ne \u00e0 un moment cl\u00e9 pour les jeunes et le mouvement climatique. Le YEAN offre aux jeunes la possibilit\u00e9 d'acqu\u00e9rir des comp\u00e9tences dans le secteur de l'environnement, mais surtout, il les encourage \u00e0 nouer des relations avec leurs pairs et les professionnels. Avec le soutien de la hi\u00e9rarchie et le soutien de l'int\u00e9rieur, YEAN permet aux jeunes d'apprendre, de travailler en r\u00e9seau et de se d\u00e9velopper.<\/span><\/p>\n<p><span style=\"font-weight: 400;\">YEAN a \u00e9t\u00e9 relanc\u00e9 en 2023 avec des r\u00e9unions mensuelles et un \u00e9v\u00e9nement de mise en r\u00e9seau, mais il a d\u00e9marr\u00e9 l'ann\u00e9e 2024 en fanfare. En f\u00e9vrier, YEAN a organis\u00e9 \" Impacts climatiques et action : Comment les jeunes peuvent d\u00e9fendre leur avenir\". Fi\u00e8rement soutenue par <span style=\"text-decoration: underline;\"><a href=\"https:\/\/www.theyouthharbour.org\/fr\/action-grants\/\">la bourse d'action du Havre Jeunesse<\/a><\/span>, la conf\u00e9rence a rassembl\u00e9 30 jeunes de tout le Nouveau-Brunswick pour se connecter en personne et participer \u00e0 une grande vari\u00e9t\u00e9 d'activit\u00e9s d'apprentissage et d'engagement. Qu'il s'agisse d'entendre des gens du secteur de l'environnement parler d'emplois verts, de discuter de la fa\u00e7on dont le changement climatique affecte le Nouveau-Brunswick ou de commencer leur parcours dans la d\u00e9fense de l'environnement, les participants ont non seulement \u00e9t\u00e9 initi\u00e9s \u00e0 une vision de la fa\u00e7on dont ils peuvent s'impliquer, mais aussi \u00e0 un groupe de personnes inspir\u00e9es et partageant les m\u00eames id\u00e9es. Depuis le d\u00e9but de la pand\u00e9mie, il est rare de pouvoir nouer des relations en personne, mais cela est plus n\u00e9cessaire que jamais - ce que le R\u00e9seau d'action environnementale pour la jeunesse a compris et continue de privil\u00e9gier. <\/span><\/p><\/div>\n\t\t\t<\/div><div class=\"et_pb_module et_d4_element et_pb_image et_pb_image_0\">\n\t\t\t\t\n\t\t\t\t\n\t\t\t\t\n\t\t\t\t\n\t\t\t\t<span class=\"et_pb_image_wrap\"><img data-recalc-dims=\"1\" loading=\"lazy\" decoding=\"async\" width=\"600\" height=\"400\" src=\"https:\/\/i0.wp.com\/www.theyouthharbour.org\/wp-content\/uploads\/2024\/08\/Youth-Environmental-Action-Network.png?resize=600%2C400&#038;ssl=1\" alt=\"\" title=\"Youth Environmental Action Network\" srcset=\"https:\/\/i0.wp.com\/www.theyouthharbour.org\/wp-content\/uploads\/2024\/08\/Youth-Environmental-Action-Network.png?w=600&ssl=1 600w, https:\/\/i0.wp.com\/www.theyouthharbour.org\/wp-content\/uploads\/2024\/08\/Youth-Environmental-Action-Network.png?resize=300%2C200&ssl=1 300w, https:\/\/i0.wp.com\/www.theyouthharbour.org\/wp-content\/uploads\/2024\/08\/Youth-Environmental-Action-Network.png?resize=18%2C12&ssl=1 18w, https:\/\/i0.wp.com\/www.theyouthharbour.org\/wp-content\/uploads\/2024\/08\/Youth-Environmental-Action-Network.png?resize=480%2C320&ssl=1 480w\" sizes=\"(max-width: 600px) 100vw, 600px\" class=\"wp-image-30428\" \/><\/span>\n\t\t\t<\/div><div class=\"et_pb_module et_d4_element et_pb_text et_pb_text_1  et_pb_text_align_left et_pb_bg_layout_light\">\n\t\t\t\t\n\t\t\t\t\n\t\t\t\t\n\t\t\t\t\n\t\t\t\t<div class=\"et_pb_text_inner\"><p><span style=\"font-weight: 400;\">YEAN organise d\u00e9j\u00e0 des opportunit\u00e9s int\u00e9ressantes pour les jeunes du Nouveau-Brunswick, qui sont \u00e0 la fois en personne et pratiques. Outre l'acquisition de comp\u00e9tences et d'exp\u00e9riences pratiques, ces programmes sont con\u00e7us pour aider les jeunes \u00e0 trouver un sens au travail environnemental : ce qu'il signifie pour eux personnellement, pour les autres et pour leur communaut\u00e9. L'un de ces programmes est \"Growing Resilience : Att\u00e9nuer l'\u00e9co-anxi\u00e9t\u00e9 gr\u00e2ce \u00e0 des projets de jardinage et de biodiversit\u00e9 men\u00e9s par des jeunes 2SLGBTQIA+\". Destin\u00e9 aux jeunes homosexuels \u00e2g\u00e9s de 16 \u00e0 26 ans de la r\u00e9gion du Grand Saint John, Growing Resilience comprendra sept ateliers sur le jardinage, les aliments locaux et les moyens de lutter contre le changement climatique au sein de leur communaut\u00e9. Les jeunes apprendront \u00e0 d\u00e9marrer, cultiver, r\u00e9colter et cuisiner leurs propres aliments produits localement dans des parcelles de jardin communautaire. Les participants prendront \u00e9galement part \u00e0 un projet Photovoice dans le cadre duquel ils identifieront les probl\u00e8mes et les atouts pour lutter contre le changement climatique dans leurs communaut\u00e9s.<\/span><\/p>\n<p><span style=\"font-weight: 400;\">En d\u00e9couvrant le travail de YEAN, il devient \u00e9vident que le projet ne se limite pas \u00e0 l'acquisition de comp\u00e9tences. YEAN sait qu'un sentiment de communaut\u00e9 et d'appartenance chez les jeunes vaut autant, sinon plus, qu'une formation pratique. Et ce qui fait partie int\u00e9grante de la collaboration, c'est que ces relations ne sont pas seulement encourag\u00e9es entre les jeunes, mais aussi avec le reste du r\u00e9seau \u00e9largi du NBEN. Les relations interg\u00e9n\u00e9rationnelles permettent aux jeunes de trouver un soutien, des conseils et des ressources qu'il est difficile d'\u00e9tablir seul. Les membres du RENB sont d\u00e9sireux de soutenir la prochaine g\u00e9n\u00e9ration d'activistes environnementaux, pr\u00eats \u00e0 transmettre des connaissances et une sagesse durement acquises par des ann\u00e9es d'exp\u00e9rience. En retour, les jeunes disposent d'un espace pour faire entendre leur propre voix au sein du mouvement environnemental.<\/span><\/p>\n<p><span style=\"font-weight: 400;\">Le R\u00e9seau d'action environnementale des jeunes du RENB ne se contente pas d'\u00e9quiper les jeunes pour qu'ils agissent, il les \u00e9quipe pour qu'ils agissent <\/span><i><span style=\"font-weight: 400;\">ensemble.<\/span><\/i><span style=\"font-weight: 400;\"> D'une organisation dont le seul but est de faciliter les connexions, YEAN est destin\u00e9 \u00e0 devenir un acteur cl\u00e9 pour la prochaine g\u00e9n\u00e9ration d'activistes, de d\u00e9fenseurs et de travailleurs de l'environnement. En tant qu'organisme collaboratif dirig\u00e9 par des jeunes, il n'est pas \u00e9tonnant que le YEAN trace sa propre voie, sachant que les jeunes ont autant besoin de soins pour leur bien-\u00eatre \u00e9motionnel que l'environnement en a besoin de notre part.\u00a0<\/span><\/p>\n<p><em><span style=\"font-weight: 400;\">* New Brunswick rests upon the traditional lands of the Wolastoqiyik (Maliseet), Mi'kmaq, and Peskotomuhkati (Passamaquoddy) peoples.<\/span><\/em><\/p><\/div>\n\t\t\t<\/div><div class=\"et_pb_module et_d4_element et_pb_image et_pb_image_1\">\n\t\t\t\t\n\t\t\t\t\n\t\t\t\t\n\t\t\t\t\n\t\t\t\t<span class=\"et_pb_image_wrap\"><img data-recalc-dims=\"1\" loading=\"lazy\" decoding=\"async\" width=\"1080\" height=\"810\" src=\"https:\/\/i0.wp.com\/www.theyouthharbour.org\/wp-content\/uploads\/2024\/08\/20240224_101215-scaled.webp?resize=1080%2C810&#038;ssl=1\" alt=\"\" title=\"20240224_101215\" srcset=\"https:\/\/i0.wp.com\/www.theyouthharbour.org\/wp-content\/uploads\/2024\/08\/20240224_101215-scaled.webp?w=2560&ssl=1 2560w, https:\/\/i0.wp.com\/www.theyouthharbour.org\/wp-content\/uploads\/2024\/08\/20240224_101215-scaled.webp?resize=300%2C225&ssl=1 300w, https:\/\/i0.wp.com\/www.theyouthharbour.org\/wp-content\/uploads\/2024\/08\/20240224_101215-scaled.webp?resize=1024%2C768&ssl=1 1024w, https:\/\/i0.wp.com\/www.theyouthharbour.org\/wp-content\/uploads\/2024\/08\/20240224_101215-scaled.webp?resize=768%2C576&ssl=1 768w, https:\/\/i0.wp.com\/www.theyouthharbour.org\/wp-content\/uploads\/2024\/08\/20240224_101215-scaled.webp?resize=1536%2C1152&ssl=1 1536w, https:\/\/i0.wp.com\/www.theyouthharbour.org\/wp-content\/uploads\/2024\/08\/20240224_101215-scaled.webp?resize=2048%2C1536&ssl=1 2048w, https:\/\/i0.wp.com\/www.theyouthharbour.org\/wp-content\/uploads\/2024\/08\/20240224_101215-scaled.webp?resize=16%2C12&ssl=1 16w, https:\/\/i0.wp.com\/www.theyouthharbour.org\/wp-content\/uploads\/2024\/08\/20240224_101215-scaled.webp?resize=510%2C382&ssl=1 510w, https:\/\/i0.wp.com\/www.theyouthharbour.org\/wp-content\/uploads\/2024\/08\/20240224_101215-scaled.webp?resize=1080%2C810&ssl=1 1080w, https:\/\/i0.wp.com\/www.theyouthharbour.org\/wp-content\/uploads\/2024\/08\/20240224_101215-scaled.webp?resize=1280%2C960&ssl=1 1280w, https:\/\/i0.wp.com\/www.theyouthharbour.org\/wp-content\/uploads\/2024\/08\/20240224_101215-scaled.webp?resize=980%2C735&ssl=1 980w, https:\/\/i0.wp.com\/www.theyouthharbour.org\/wp-content\/uploads\/2024\/08\/20240224_101215-scaled.webp?resize=480%2C360&ssl=1 480w, https:\/\/i0.wp.com\/www.theyouthharbour.org\/wp-content\/uploads\/2024\/08\/20240224_101215-scaled.webp?w=2160&ssl=1 2160w\" sizes=\"(max-width: 1080px) 100vw, 1080px\" class=\"wp-image-30431\" \/><\/span>\n\t\t\t<\/div>\n\t\t\t<\/div>\n\t\t\t\t\n\t\t\t\t\n\t\t\t\t\n\t\t\t\t\n\t\t\t<\/div>\n\t\t\t\t\n\t\t\t\t\n\t\t\t<\/div>","protected":false},"excerpt":{"rendered":"","protected":false},"author":5,"featured_media":30428,"comment_status":"open","ping_status":"open","sticky":false,"template":"our-updates","format":"standard","meta":{"_acf_changed":false,"nf_dc_page":"","_et_pb_use_builder":"on","_et_pb_old_content":"<!-- wp:paragraph -->\n<p class=\"\">In September, FES was at New York Climate Week. The first of three blog posts sharing Kat\u2019s (Executive Director) and Jess\u2019 (Program Director) experience and reflections at the People\u2019s March, and what it was like being with over 75,000 people on the ground, advocating for climate action.<\/p>\n<!-- \/wp:paragraph -->\n\n<!-- wp:paragraph -->\n<p class=\"\"><\/p>\n<!-- \/wp:paragraph -->\n\n<!-- wp:paragraph -->\n<p class=\"\"><\/p>\n<!-- \/wp:paragraph -->","_et_gb_content_width":"","_jetpack_newsletter_access":"","_jetpack_dont_email_post_to_subs":false,"_jetpack_newsletter_tier_id":0,"_jetpack_memberships_contains_paywalled_content":false,"_jetpack_feature_clip_id":0,"_jetpack_memberships_contains_paid_content":false,"footnotes":"","jetpack_post_was_ever_published":false},"categories":[104],"tags":[],"class_list":["post-30427","post","type-post","status-publish","format-standard","has-post-thumbnail","hentry","category-impact-story"],"acf":[],"yoast_head":"<!-- This site is optimized with the Yoast SEO plugin v28.4 - https:\/\/yoast.com\/product\/yoast-seo-wordpress\/ -->\n<title>Building Community and Growing Resilience with the Youth Environmental Action Network - The Youth Harbour<\/title>\n<meta name=\"robots\" content=\"index, follow, max-snippet:-1, max-image-preview:large, max-video-preview:-1\" \/>\n<link rel=\"canonical\" href=\"https:\/\/www.theyouthharbour.org\/fr\/impact-story\/building-community-and-growing-resilience-with-the-youth-environmental-action-network\/\" \/>\n<meta property=\"og:locale\" content=\"fr_CA\" \/>\n<meta property=\"og:type\" content=\"article\" \/>\n<meta property=\"og:title\" content=\"Building Community and Growing Resilience with the Youth Environmental Action Network - The Youth Harbour\" \/>\n<meta property=\"og:url\" content=\"https:\/\/www.theyouthharbour.org\/fr\/impact-story\/building-community-and-growing-resilience-with-the-youth-environmental-action-network\/\" \/>\n<meta property=\"og:site_name\" content=\"The Youth Harbour\" \/>\n<meta property=\"article:published_time\" content=\"2024-10-01T06:52:00+00:00\" \/>\n<meta property=\"article:modified_time\" content=\"2025-02-25T21:12:33+00:00\" \/>\n<meta property=\"og:image\" content=\"https:\/\/www.theyouthharbour.org\/wp-content\/uploads\/2024\/08\/Youth-Environmental-Action-Network.png?_t=1782937112\" \/>\n\t<meta property=\"og:image:width\" content=\"600\" \/>\n\t<meta property=\"og:image:height\" content=\"400\" \/>\n\t<meta property=\"og:image:type\" content=\"image\/png\" \/>\n<meta name=\"author\" content=\"Molly Boley\" \/>\n<meta name=\"twitter:card\" content=\"summary_large_image\" \/>\n<meta name=\"twitter:label1\" content=\"\u00c9crit par\" \/>\n\t<meta name=\"twitter:data1\" content=\"Molly Boley\" \/>\n\t<meta name=\"twitter:label2\" content=\"Estimation du temps de lecture\" \/>\n\t<meta name=\"twitter:data2\" content=\"5 minutes\" \/>\n<script type=\"application\/ld+json\" class=\"yoast-schema-graph\">{\"@context\":\"https:\\\/\\\/schema.org\",\"@graph\":[{\"@type\":\"Article\",\"@id\":\"https:\\\/\\\/www.theyouthharbour.org\\\/impact-story\\\/building-community-and-growing-resilience-with-the-youth-environmental-action-network\\\/#article\",\"isPartOf\":{\"@id\":\"https:\\\/\\\/www.theyouthharbour.org\\\/impact-story\\\/building-community-and-growing-resilience-with-the-youth-environmental-action-network\\\/\"},\"author\":{\"name\":\"Molly Boley\",\"@id\":\"https:\\\/\\\/www.theyouthharbour.org\\\/#\\\/schema\\\/person\\\/39edf5642df85c63e5f1bf4f0a8e7aa8\"},\"headline\":\"Building Community and Growing Resilience with the Youth Environmental Action Network\",\"datePublished\":\"2024-10-01T06:52:00+00:00\",\"dateModified\":\"2025-02-25T21:12:33+00:00\",\"mainEntityOfPage\":{\"@id\":\"https:\\\/\\\/www.theyouthharbour.org\\\/impact-story\\\/building-community-and-growing-resilience-with-the-youth-environmental-action-network\\\/\"},\"wordCount\":1145,\"commentCount\":0,\"image\":{\"@id\":\"https:\\\/\\\/www.theyouthharbour.org\\\/impact-story\\\/building-community-and-growing-resilience-with-the-youth-environmental-action-network\\\/#primaryimage\"},\"thumbnailUrl\":\"https:\\\/\\\/i0.wp.com\\\/www.theyouthharbour.org\\\/wp-content\\\/uploads\\\/2024\\\/08\\\/Youth-Environmental-Action-Network.png?fit=600%2C400&ssl=1\",\"articleSection\":[\"Impact Story\"],\"inLanguage\":\"fr-CA\",\"potentialAction\":[{\"@type\":\"CommentAction\",\"name\":\"Comment\",\"target\":[\"https:\\\/\\\/www.theyouthharbour.org\\\/impact-story\\\/building-community-and-growing-resilience-with-the-youth-environmental-action-network\\\/#respond\"]}]},{\"@type\":\"WebPage\",\"@id\":\"https:\\\/\\\/www.theyouthharbour.org\\\/impact-story\\\/building-community-and-growing-resilience-with-the-youth-environmental-action-network\\\/\",\"url\":\"https:\\\/\\\/www.theyouthharbour.org\\\/impact-story\\\/building-community-and-growing-resilience-with-the-youth-environmental-action-network\\\/\",\"name\":\"Building Community and Growing Resilience with the Youth Environmental Action Network - The Youth Harbour\",\"isPartOf\":{\"@id\":\"https:\\\/\\\/www.theyouthharbour.org\\\/#website\"},\"primaryImageOfPage\":{\"@id\":\"https:\\\/\\\/www.theyouthharbour.org\\\/impact-story\\\/building-community-and-growing-resilience-with-the-youth-environmental-action-network\\\/#primaryimage\"},\"image\":{\"@id\":\"https:\\\/\\\/www.theyouthharbour.org\\\/impact-story\\\/building-community-and-growing-resilience-with-the-youth-environmental-action-network\\\/#primaryimage\"},\"thumbnailUrl\":\"https:\\\/\\\/i0.wp.com\\\/www.theyouthharbour.org\\\/wp-content\\\/uploads\\\/2024\\\/08\\\/Youth-Environmental-Action-Network.png?fit=600%2C400&ssl=1\",\"datePublished\":\"2024-10-01T06:52:00+00:00\",\"dateModified\":\"2025-02-25T21:12:33+00:00\",\"author\":{\"@id\":\"https:\\\/\\\/www.theyouthharbour.org\\\/#\\\/schema\\\/person\\\/39edf5642df85c63e5f1bf4f0a8e7aa8\"},\"breadcrumb\":{\"@id\":\"https:\\\/\\\/www.theyouthharbour.org\\\/impact-story\\\/building-community-and-growing-resilience-with-the-youth-environmental-action-network\\\/#breadcrumb\"},\"inLanguage\":\"fr-CA\",\"potentialAction\":[{\"@type\":\"ReadAction\",\"target\":[\"https:\\\/\\\/www.theyouthharbour.org\\\/impact-story\\\/building-community-and-growing-resilience-with-the-youth-environmental-action-network\\\/\"]}]},{\"@type\":\"ImageObject\",\"inLanguage\":\"fr-CA\",\"@id\":\"https:\\\/\\\/www.theyouthharbour.org\\\/impact-story\\\/building-community-and-growing-resilience-with-the-youth-environmental-action-network\\\/#primaryimage\",\"url\":\"https:\\\/\\\/i0.wp.com\\\/www.theyouthharbour.org\\\/wp-content\\\/uploads\\\/2024\\\/08\\\/Youth-Environmental-Action-Network.png?fit=600%2C400&ssl=1\",\"contentUrl\":\"https:\\\/\\\/i0.wp.com\\\/www.theyouthharbour.org\\\/wp-content\\\/uploads\\\/2024\\\/08\\\/Youth-Environmental-Action-Network.png?fit=600%2C400&ssl=1\",\"width\":600,\"height\":400},{\"@type\":\"BreadcrumbList\",\"@id\":\"https:\\\/\\\/www.theyouthharbour.org\\\/impact-story\\\/building-community-and-growing-resilience-with-the-youth-environmental-action-network\\\/#breadcrumb\",\"itemListElement\":[{\"@type\":\"ListItem\",\"position\":1,\"name\":\"Home\",\"item\":\"https:\\\/\\\/www.theyouthharbour.org\\\/\"},{\"@type\":\"ListItem\",\"position\":2,\"name\":\"Building Community and Growing Resilience with the Youth Environmental Action Network\"}]},{\"@type\":\"WebSite\",\"@id\":\"https:\\\/\\\/www.theyouthharbour.org\\\/#website\",\"url\":\"https:\\\/\\\/www.theyouthharbour.org\\\/\",\"name\":\"The Youth Harbour\",\"description\":\"Youth-for-youth climate support system.\",\"potentialAction\":[{\"@type\":\"SearchAction\",\"target\":{\"@type\":\"EntryPoint\",\"urlTemplate\":\"https:\\\/\\\/www.theyouthharbour.org\\\/?s={search_term_string}\"},\"query-input\":{\"@type\":\"PropertyValueSpecification\",\"valueRequired\":true,\"valueName\":\"search_term_string\"}}],\"inLanguage\":\"fr-CA\"},{\"@type\":\"Person\",\"@id\":\"https:\\\/\\\/www.theyouthharbour.org\\\/#\\\/schema\\\/person\\\/39edf5642df85c63e5f1bf4f0a8e7aa8\",\"name\":\"Molly Boley\",\"image\":{\"@type\":\"ImageObject\",\"inLanguage\":\"fr-CA\",\"@id\":\"https:\\\/\\\/secure.gravatar.com\\\/avatar\\\/51ef2b7fd759e1eda319a0b899fc49b46a4f7095f3f0a7904b38a4e0dc1aab46?s=96&d=mm&r=g\",\"url\":\"https:\\\/\\\/secure.gravatar.com\\\/avatar\\\/51ef2b7fd759e1eda319a0b899fc49b46a4f7095f3f0a7904b38a4e0dc1aab46?s=96&d=mm&r=g\",\"contentUrl\":\"https:\\\/\\\/secure.gravatar.com\\\/avatar\\\/51ef2b7fd759e1eda319a0b899fc49b46a4f7095f3f0a7904b38a4e0dc1aab46?s=96&d=mm&r=g\",\"caption\":\"Molly Boley\"},\"url\":\"https:\\\/\\\/www.theyouthharbour.org\\\/fr\\\/author\\\/mollyboley\\\/\"}]}<\/script>\n<!-- \/ Yoast SEO plugin. -->","yoast_head_json":{"title":"Building Community and Growing Resilience with the Youth Environmental Action Network - The Youth Harbour","robots":{"index":"index","follow":"follow","max-snippet":"max-snippet:-1","max-image-preview":"max-image-preview:large","max-video-preview":"max-video-preview:-1"},"canonical":"https:\/\/www.theyouthharbour.org\/fr\/impact-story\/building-community-and-growing-resilience-with-the-youth-environmental-action-network\/","og_locale":"fr_CA","og_type":"article","og_title":"Building Community and Growing Resilience with the Youth Environmental Action Network - The Youth Harbour","og_url":"https:\/\/www.theyouthharbour.org\/fr\/impact-story\/building-community-and-growing-resilience-with-the-youth-environmental-action-network\/","og_site_name":"The Youth Harbour","article_published_time":"2024-10-01T06:52:00+00:00","article_modified_time":"2025-02-25T21:12:33+00:00","og_image":[{"width":600,"height":400,"url":"https:\/\/www.theyouthharbour.org\/wp-content\/uploads\/2024\/08\/Youth-Environmental-Action-Network.png?_t=1782937112","type":"image\/png"}],"author":"Molly Boley","twitter_card":"summary_large_image","twitter_misc":{"\u00c9crit par":"Molly Boley","Estimation du temps de lecture":"5 minutes"},"schema":{"@context":"https:\/\/schema.org","@graph":[{"@type":"Article","@id":"https:\/\/www.theyouthharbour.org\/impact-story\/building-community-and-growing-resilience-with-the-youth-environmental-action-network\/#article","isPartOf":{"@id":"https:\/\/www.theyouthharbour.org\/impact-story\/building-community-and-growing-resilience-with-the-youth-environmental-action-network\/"},"author":{"name":"Molly Boley","@id":"https:\/\/www.theyouthharbour.org\/#\/schema\/person\/39edf5642df85c63e5f1bf4f0a8e7aa8"},"headline":"Building Community and Growing Resilience with the Youth Environmental Action Network","datePublished":"2024-10-01T06:52:00+00:00","dateModified":"2025-02-25T21:12:33+00:00","mainEntityOfPage":{"@id":"https:\/\/www.theyouthharbour.org\/impact-story\/building-community-and-growing-resilience-with-the-youth-environmental-action-network\/"},"wordCount":1145,"commentCount":0,"image":{"@id":"https:\/\/www.theyouthharbour.org\/impact-story\/building-community-and-growing-resilience-with-the-youth-environmental-action-network\/#primaryimage"},"thumbnailUrl":"https:\/\/i0.wp.com\/www.theyouthharbour.org\/wp-content\/uploads\/2024\/08\/Youth-Environmental-Action-Network.png?fit=600%2C400&ssl=1","articleSection":["Impact Story"],"inLanguage":"fr-CA","potentialAction":[{"@type":"CommentAction","name":"Comment","target":["https:\/\/www.theyouthharbour.org\/impact-story\/building-community-and-growing-resilience-with-the-youth-environmental-action-network\/#respond"]}]},{"@type":"WebPage","@id":"https:\/\/www.theyouthharbour.org\/impact-story\/building-community-and-growing-resilience-with-the-youth-environmental-action-network\/","url":"https:\/\/www.theyouthharbour.org\/impact-story\/building-community-and-growing-resilience-with-the-youth-environmental-action-network\/","name":"Building Community and Growing Resilience with the Youth Environmental Action Network - The Youth Harbour","isPartOf":{"@id":"https:\/\/www.theyouthharbour.org\/#website"},"primaryImageOfPage":{"@id":"https:\/\/www.theyouthharbour.org\/impact-story\/building-community-and-growing-resilience-with-the-youth-environmental-action-network\/#primaryimage"},"image":{"@id":"https:\/\/www.theyouthharbour.org\/impact-story\/building-community-and-growing-resilience-with-the-youth-environmental-action-network\/#primaryimage"},"thumbnailUrl":"https:\/\/i0.wp.com\/www.theyouthharbour.org\/wp-content\/uploads\/2024\/08\/Youth-Environmental-Action-Network.png?fit=600%2C400&ssl=1","datePublished":"2024-10-01T06:52:00+00:00","dateModified":"2025-02-25T21:12:33+00:00","author":{"@id":"https:\/\/www.theyouthharbour.org\/#\/schema\/person\/39edf5642df85c63e5f1bf4f0a8e7aa8"},"breadcrumb":{"@id":"https:\/\/www.theyouthharbour.org\/impact-story\/building-community-and-growing-resilience-with-the-youth-environmental-action-network\/#breadcrumb"},"inLanguage":"fr-CA","potentialAction":[{"@type":"ReadAction","target":["https:\/\/www.theyouthharbour.org\/impact-story\/building-community-and-growing-resilience-with-the-youth-environmental-action-network\/"]}]},{"@type":"ImageObject","inLanguage":"fr-CA","@id":"https:\/\/www.theyouthharbour.org\/impact-story\/building-community-and-growing-resilience-with-the-youth-environmental-action-network\/#primaryimage","url":"https:\/\/i0.wp.com\/www.theyouthharbour.org\/wp-content\/uploads\/2024\/08\/Youth-Environmental-Action-Network.png?fit=600%2C400&ssl=1","contentUrl":"https:\/\/i0.wp.com\/www.theyouthharbour.org\/wp-content\/uploads\/2024\/08\/Youth-Environmental-Action-Network.png?fit=600%2C400&ssl=1","width":600,"height":400},{"@type":"BreadcrumbList","@id":"https:\/\/www.theyouthharbour.org\/impact-story\/building-community-and-growing-resilience-with-the-youth-environmental-action-network\/#breadcrumb","itemListElement":[{"@type":"ListItem","position":1,"name":"Home","item":"https:\/\/www.theyouthharbour.org\/"},{"@type":"ListItem","position":2,"name":"Building Community and Growing Resilience with the Youth Environmental Action Network"}]},{"@type":"WebSite","@id":"https:\/\/www.theyouthharbour.org\/#website","url":"https:\/\/www.theyouthharbour.org\/","name":"Le Havre jeunesse","description":"Youth-for-youth climate support system.","potentialAction":[{"@type":"SearchAction","target":{"@type":"EntryPoint","urlTemplate":"https:\/\/www.theyouthharbour.org\/?s={search_term_string}"},"query-input":{"@type":"PropertyValueSpecification","valueRequired":true,"valueName":"search_term_string"}}],"inLanguage":"fr-CA"},{"@type":"Person","@id":"https:\/\/www.theyouthharbour.org\/#\/schema\/person\/39edf5642df85c63e5f1bf4f0a8e7aa8","name":"Molly Boley","image":{"@type":"ImageObject","inLanguage":"fr-CA","@id":"https:\/\/secure.gravatar.com\/avatar\/51ef2b7fd759e1eda319a0b899fc49b46a4f7095f3f0a7904b38a4e0dc1aab46?s=96&d=mm&r=g","url":"https:\/\/secure.gravatar.com\/avatar\/51ef2b7fd759e1eda319a0b899fc49b46a4f7095f3f0a7904b38a4e0dc1aab46?s=96&d=mm&r=g","contentUrl":"https:\/\/secure.gravatar.com\/avatar\/51ef2b7fd759e1eda319a0b899fc49b46a4f7095f3f0a7904b38a4e0dc1aab46?s=96&d=mm&r=g","caption":"Molly Boley"},"url":"https:\/\/www.theyouthharbour.org\/fr\/author\/mollyboley\/"}]}},"jetpack_sharing_enabled":true,"jetpack_featured_media_url":"https:\/\/i0.wp.com\/www.theyouthharbour.org\/wp-content\/uploads\/2024\/08\/Youth-Environmental-Action-Network.png?fit=600%2C400&ssl=1","_links":{"self":[{"href":"https:\/\/www.theyouthharbour.org\/fr\/wp-json\/wp\/v2\/posts\/30427","targetHints":{"allow":["GET"]}}],"collection":[{"href":"https:\/\/www.theyouthharbour.org\/fr\/wp-json\/wp\/v2\/posts"}],"about":[{"href":"https:\/\/www.theyouthharbour.org\/fr\/wp-json\/wp\/v2\/types\/post"}],"author":[{"embeddable":true,"href":"https:\/\/www.theyouthharbour.org\/fr\/wp-json\/wp\/v2\/users\/5"}],"replies":[{"embeddable":true,"href":"https:\/\/www.theyouthharbour.org\/fr\/wp-json\/wp\/v2\/comments?post=30427"}],"version-history":[{"count":3,"href":"https:\/\/www.theyouthharbour.org\/fr\/wp-json\/wp\/v2\/posts\/30427\/revisions"}],"predecessor-version":[{"id":30577,"href":"https:\/\/www.theyouthharbour.org\/fr\/wp-json\/wp\/v2\/posts\/30427\/revisions\/30577"}],"wp:featuredmedia":[{"embeddable":true,"href":"https:\/\/www.theyouthharbour.org\/fr\/wp-json\/wp\/v2\/media\/30428"}],"wp:attachment":[{"href":"https:\/\/www.theyouthharbour.org\/fr\/wp-json\/wp\/v2\/media?parent=30427"}],"wp:term":[{"taxonomy":"category","embeddable":true,"href":"https:\/\/www.theyouthharbour.org\/fr\/wp-json\/wp\/v2\/categories?post=30427"},{"taxonomy":"post_tag","embeddable":true,"href":"https:\/\/www.theyouthharbour.org\/fr\/wp-json\/wp\/v2\/tags?post=30427"}],"curies":[{"name":"wp","href":"https:\/\/api.w.org\/{rel}","templated":true}]}}