{"id":30433,"date":"2024-10-16T06:26:00","date_gmt":"2024-10-16T06:26:00","guid":{"rendered":"https:\/\/www.theyouthharbour.org\/?p=30433"},"modified":"2025-02-25T21:11:56","modified_gmt":"2025-02-25T21:11:56","slug":"threading-the-fabric-of-fashion-reform","status":"publish","type":"post","link":"https:\/\/www.theyouthharbour.org\/fr\/impact-story\/threading-the-fabric-of-fashion-reform\/","title":{"rendered":"Threading the Fabric of Fashion Reform\u00a0"},"content":{"rendered":"<div class=\"et_d4_element et_pb_section et_pb_section_0 et_pb_with_background  et_pb_css_mix_blend_mode et_section_regular et_block_section\" >\n\t\t\t\t\n\t\t\t\t\n\t\t\t\t\n\t\t\t\t\n\t\t\t\t\n\t\t\t\t\n\t\t\t\t<div class=\"et_d4_element et_pb_row et_pb_row_0  et_pb_css_mix_blend_mode et_block_row\">\n\t\t\t\t<div class=\"et_d4_element et_pb_column_4_4 et_pb_column et_pb_column_0  et_pb_css_mix_blend_mode et-last-child et_block_column\">\n\t\t\t\t\n\t\t\t\t\n\t\t\t\t\n\t\t\t\t\n\t\t\t\t<div class=\"et_pb_module et_d4_element et_pb_text et_pb_text_0  et_pb_text_align_left et_pb_bg_layout_light\">\n\t\t\t\t\n\t\t\t\t\n\t\t\t\t\n\t\t\t\t\n\t\t\t\t<div class=\"et_pb_text_inner\"><p><a href=\"\/fr\/0 https:\/\/thestarfish.ca\/journal\/2024\/10\/threading-change-threading-the-fabric-of-fashion-reform\/\">Merci \u00e0 The Starfish d'avoir partag\u00e9 cette histoire sur leur plateforme, cliquez ici pour la lire ainsi que d'autres histoires marquantes.<\/a><\/p><\/div>\n\t\t\t<\/div><div class=\"et_pb_module et_d4_element et_pb_text et_pb_text_1  et_pb_text_align_left et_pb_bg_layout_light\">\n\t\t\t\t\n\t\t\t\t\n\t\t\t\t\n\t\t\t\t\n\t\t\t\t<div class=\"et_pb_text_inner\"><p><span style=\"font-weight: 400;\">La mode : c'est une d\u00e9cision \u00e0 laquelle nous sommes confront\u00e9.e.s chaque jour. Pourtant, nous sommes de plus en plus conscient.e.s de l'incroyable gaspillage et de l'exploitation qui peuvent \u00eatre li\u00e9s \u00e0 l'industrie de la mode, en particulier \u00e0 la \u00ab fast fashion \u00bb. Si nous commen\u00e7ons \u00e0 nous demander d'o\u00f9 viennent nos v\u00eatements et qui les fabriquent, il est \u00e9vident que la fa\u00e7on dont ils sont produits est en train de changer, n'est-ce pas ?\u00a0<\/span><\/p>\n<p><span style=\"font-weight: 400;\"><span>Sophia Yang, la visionnaire \u00e0 l'origine de Threading Change*, s'est trouv\u00e9e profond\u00e9ment d\u00e9courag\u00e9e lors de sa\u00a0<\/span><b>deuxi\u00e8me participation aux n\u00e9gociations de l'ONU sur le climat, COP25,<span>\u00a0<\/span><\/b><span>l'un des principaux forums de dialogue sur le changement climatique.<\/span> Amidst over 500 events, only one addressed sustainability in fashion\u2014a sector with vast global repercussions and notorious clothing graveyards in the Global South. Even more perplexing was the absence of meaningful discourse on the environmental and humanitarian crises perpetuated by the industry's major players\u2014largely conglomerates and luxury brands. Instead, superficial solutions dominated the conversation.<\/span><\/p>\n<p><span style=\"font-weight: 400;\"><span>Comment est-il possible qu'\u00e0 l'occasion du\u00a0<\/span><b>premier anniversaire de la signature de la Charte de la mode durable des Nations unies,<\/b><span>\u00a0les repr\u00e9sentants de l'industrie de la mode ne discutent que de solutions temporaires pour r\u00e9duire leur impact sur l'environnement ?<\/span> Where was the acknowledgment of fashion's human dimension\u2014livable wages, working conditions, human rights, and pollution? Despite claims of pioneering change, Sophia perceived only minimal efforts, compounded by the absence of youth representation. This glaring disparity spurred her realization that \"people aren't adequately engaged or consulted about fashion industry issues.\" Change was imperative.<\/span><\/p>\n<p><span style=\"font-weight: 400;\">A serendipitous moment, facilitated by increased free time amid COVID restrictions, prompted Sophia to delve into Vancouver's fashion landscape, her current residence. Two revelations emerged:<\/span><\/p>\n<ol>\n<li style=\"font-weight: 400;\" aria-level=\"1\"><span style=\"font-weight: 400;\">Les questions \u00e9taient plus complexes et allaient au-del\u00e0 de la r\u00e9solution des probl\u00e8mes de l'industrie au niveau des consommateurs.<\/span><\/li>\n<li style=\"font-weight: 400;\" aria-level=\"1\"><span style=\"font-weight: 400;\">Simultan\u00e9ment, elle a remarqu\u00e9 qu'au-del\u00e0 des petits efforts men\u00e9s par les communaut\u00e9s, il n'existait pas d'organisations dirig\u00e9es par des jeunes et ax\u00e9es sur la mode \u00e9thique.\u00a0<\/span><\/li>\n<\/ol>\n<p><span style=\"font-weight: 400;\">Thus, Threading Change was born. Central to its ethos was being 'for and by youth,' recognizing their significant role as consumers in the fashion industry. Collaboration and education aimed to steer them away from harmful industry practices. Since its inception in 2020, Threading Change has expanded globally, boasting liaisons, coordinators, and volunteers from diverse regions such as India, Europe, South America, and Africa.<\/span><\/p><\/div>\n\t\t\t<\/div><div class=\"et_pb_module et_d4_element et_pb_image et_pb_image_0\">\n\t\t\t\t\n\t\t\t\t\n\t\t\t\t\n\t\t\t\t\n\t\t\t\t<span class=\"et_pb_image_wrap\"><img data-recalc-dims=\"1\" loading=\"lazy\" decoding=\"async\" width=\"600\" height=\"400\" src=\"https:\/\/i0.wp.com\/www.theyouthharbour.org\/wp-content\/uploads\/2024\/08\/Threading-Change-1.png?resize=600%2C400&#038;ssl=1\" alt=\"\" title=\"Threading Change\" srcset=\"https:\/\/i0.wp.com\/www.theyouthharbour.org\/wp-content\/uploads\/2024\/08\/Threading-Change-1.png?w=600&ssl=1 600w, https:\/\/i0.wp.com\/www.theyouthharbour.org\/wp-content\/uploads\/2024\/08\/Threading-Change-1.png?resize=300%2C200&ssl=1 300w, https:\/\/i0.wp.com\/www.theyouthharbour.org\/wp-content\/uploads\/2024\/08\/Threading-Change-1.png?resize=18%2C12&ssl=1 18w, https:\/\/i0.wp.com\/www.theyouthharbour.org\/wp-content\/uploads\/2024\/08\/Threading-Change-1.png?resize=480%2C320&ssl=1 480w\" sizes=\"(max-width: 600px) 100vw, 600px\" class=\"wp-image-30436\" \/><\/span>\n\t\t\t<\/div><div class=\"et_pb_module et_d4_element et_pb_text et_pb_text_2  et_pb_text_align_left et_pb_bg_layout_light\">\n\t\t\t\t\n\t\t\t\t\n\t\t\t\t\n\t\t\t\t\n\t\t\t\t<div class=\"et_pb_text_inner\"><p><span style=\"font-weight: 400;\">L'un des projets phares, financ\u00e9 par <\/span><span style=\"text-decoration: underline;\"><a href=\"https:\/\/www.theyouthharbour.org\/fr\/action-grants\/\"><span style=\"font-weight: 400;\">La Bourse d'action Jeunesse Havre<\/span><\/a><\/span><span style=\"font-weight: 400;\">, was the launch of the Global Innovation Story Map. Addressing pushback encountered while educating people on unethical brand practices, the Story Map showcased sustainable and ethical fashion entities worldwide. Threading Change aimed to illustrate a network embodying their mission rooted in the Six F's: Feminist Fossil Fuel-Free Fashion Future.<\/span><\/p>\n<p><span style=\"font-weight: 400;\">Les \u00e9changes de v\u00eatements ont \u00e9t\u00e9 un autre \u00e9v\u00e9nement marquant de la promotion de la circularit\u00e9 et de la r\u00e9duction des d\u00e9chets de v\u00eatements. Apr\u00e8s les restrictions impos\u00e9es par le COVID, un \u00e9change \u00e0 grande \u00e9chelle a invit\u00e9 les marques \u00e9thiques \u00e0 se connecter virtuellement pendant la pand\u00e9mie. L'octroi de subventions a facilit\u00e9 la participation des marques, am\u00e9liorant ainsi les interactions entre les participant.e.s et les marques. Compte tenu de leur popularit\u00e9, Threading Change organise d\u00e9sormais quatre \u00e9changes tous les cinq mois, ce qui est possible gr\u00e2ce \u00e0 l'augmentation du financement du Havre jeunesse.<\/span><\/p>\n<p><span style=\"font-weight: 400;\">The overarching challenge was shifting fashion's linear trajectory, marked by mass-marketed trends in the Global North and exploitative labor in the Global South. To close the circle, comprehensive solutions addressing human rights, equity, pollution, and policy changes were imperative. Sophia emphasized the necessity of improving working conditions globally and holding brands accountable for garment waste, particularly in regions like Chile and Africa.<\/span><\/p>\n<p><span style=\"font-weight: 400;\">Despite the industry's global impact, Sophia noted the surprising intimacy within the fashion community. Direct engagement with executives revealed an opportunity for cordial and collaborative activism\u2014a different approach to effecting change.<\/span><\/p>\n<p><span style=\"font-weight: 400;\">Threading Change a m\u00e9ticuleusement suivi son impact, d\u00e9montrant la viabilit\u00e9 \u00e9conomique des alternatives \u00e0 la mode circulaire et durable. Les mesures quantitatives comprennent les livres de d\u00e9chets de v\u00eatements d\u00e9tourn\u00e9s, la fr\u00e9quentation des \u00e9v\u00e9nements et la participation des jeunes, tandis que les mesures qualitatives englobent la fid\u00e9lisation des b\u00e9n\u00e9voles et l'engagement communautaire.<\/span><\/p>\n<p><span style=\"font-weight: 400;\">Depuis 2020, Threading Change a franchi des \u00e9tapes importantes, notamment des discours d'intervention de la jeunesse de l'ONU, des pr\u00e9sentations \u00e0 la COP28 et des r\u00e9compenses prestigieuses. Les collaborations mondiales ont prosp\u00e9r\u00e9, suscitant un int\u00e9r\u00eat g\u00e9n\u00e9ralis\u00e9 pour leurs initiatives. \u00c0 l'avenir, les plans d'expansion mondiale, de plaidoyer politique et de programmes \u00e0 plus grande \u00e9chelle soulignent leur engagement en faveur d'un changement transformateur.<\/span><\/p>\n<p><span style=\"font-weight: 400;\">In Sophia's words, \"we're facing a double-edged sword.\" While renowned for clothing swaps, Threading Change aspires to broader recognition for their consultation, education, and policy engagement efforts. As they continue to weave their vision into reality, their global impact steadily unfolds, threading together a more sustainable future for fashion.<\/span><\/p>\n<p><em><span style=\"font-weight: 400;\">*Le si\u00e8ge de Threading Change est situ\u00e9 sur les territoires non c\u00e9d\u00e9s, traditionnels et ancestraux de x\u02b7m\u0259\u03b8k\u02b7\u0259y\u0313\u0259m (Musqueam), S\u1e35wx\u0331w\u00fa7mesh \u00daxwumixw (Squamish) et s\u0259lilw\u0259ta\u026c (Tsleil-Waututh).<\/span><\/em><\/p><\/div>\n\t\t\t<\/div><div class=\"et_pb_module et_d4_element et_pb_image et_pb_image_1\">\n\t\t\t\t\n\t\t\t\t\n\t\t\t\t\n\t\t\t\t\n\t\t\t\t<span class=\"et_pb_image_wrap\"><img data-recalc-dims=\"1\" loading=\"lazy\" decoding=\"async\" width=\"1080\" height=\"718\" src=\"https:\/\/i0.wp.com\/www.theyouthharbour.org\/wp-content\/uploads\/2024\/08\/780_9765-1-scaled.webp?resize=1080%2C718&#038;ssl=1\" alt=\"\" title=\"780_9765 (1)\" srcset=\"https:\/\/i0.wp.com\/www.theyouthharbour.org\/wp-content\/uploads\/2024\/08\/780_9765-1-scaled.webp?w=2560&ssl=1 2560w, https:\/\/i0.wp.com\/www.theyouthharbour.org\/wp-content\/uploads\/2024\/08\/780_9765-1-scaled.webp?resize=300%2C200&ssl=1 300w, https:\/\/i0.wp.com\/www.theyouthharbour.org\/wp-content\/uploads\/2024\/08\/780_9765-1-scaled.webp?resize=1024%2C681&ssl=1 1024w, https:\/\/i0.wp.com\/www.theyouthharbour.org\/wp-content\/uploads\/2024\/08\/780_9765-1-scaled.webp?resize=768%2C511&ssl=1 768w, https:\/\/i0.wp.com\/www.theyouthharbour.org\/wp-content\/uploads\/2024\/08\/780_9765-1-scaled.webp?resize=1536%2C1022&ssl=1 1536w, https:\/\/i0.wp.com\/www.theyouthharbour.org\/wp-content\/uploads\/2024\/08\/780_9765-1-scaled.webp?resize=2048%2C1363&ssl=1 2048w, https:\/\/i0.wp.com\/www.theyouthharbour.org\/wp-content\/uploads\/2024\/08\/780_9765-1-scaled.webp?resize=18%2C12&ssl=1 18w, https:\/\/i0.wp.com\/www.theyouthharbour.org\/wp-content\/uploads\/2024\/08\/780_9765-1-scaled.webp?resize=1080%2C719&ssl=1 1080w, https:\/\/i0.wp.com\/www.theyouthharbour.org\/wp-content\/uploads\/2024\/08\/780_9765-1-scaled.webp?resize=1280%2C852&ssl=1 1280w, https:\/\/i0.wp.com\/www.theyouthharbour.org\/wp-content\/uploads\/2024\/08\/780_9765-1-scaled.webp?resize=980%2C652&ssl=1 980w, https:\/\/i0.wp.com\/www.theyouthharbour.org\/wp-content\/uploads\/2024\/08\/780_9765-1-scaled.webp?resize=480%2C319&ssl=1 480w, https:\/\/i0.wp.com\/www.theyouthharbour.org\/wp-content\/uploads\/2024\/08\/780_9765-1-scaled.webp?w=2160&ssl=1 2160w\" sizes=\"(max-width: 1080px) 100vw, 1080px\" class=\"wp-image-30437\" \/><\/span>\n\t\t\t<\/div>\n\t\t\t<\/div>\n\t\t\t\t\n\t\t\t\t\n\t\t\t\t\n\t\t\t\t\n\t\t\t<\/div>\n\t\t\t\t\n\t\t\t\t\n\t\t\t<\/div>","protected":false},"excerpt":{"rendered":"","protected":false},"author":6,"featured_media":30434,"comment_status":"open","ping_status":"open","sticky":false,"template":"our-updates","format":"standard","meta":{"_acf_changed":false,"nf_dc_page":"","_et_pb_use_builder":"on","_et_pb_old_content":"<!-- wp:paragraph -->\n<p class=\"\">In September, FES was at New York Climate Week. The first of three blog posts sharing Kat\u2019s (Executive Director) and Jess\u2019 (Program Director) experience and reflections at the People\u2019s March, and what it was like being with over 75,000 people on the ground, advocating for climate action.<\/p>\n<!-- \/wp:paragraph -->\n\n<!-- wp:paragraph -->\n<p class=\"\"><\/p>\n<!-- \/wp:paragraph -->\n\n<!-- wp:paragraph -->\n<p class=\"\"><\/p>\n<!-- \/wp:paragraph -->","_et_gb_content_width":"","_jetpack_newsletter_access":"","_jetpack_dont_email_post_to_subs":false,"_jetpack_newsletter_tier_id":0,"_jetpack_memberships_contains_paywalled_content":false,"_jetpack_feature_clip_id":0,"_jetpack_memberships_contains_paid_content":false,"footnotes":"","jetpack_post_was_ever_published":false},"categories":[104],"tags":[],"class_list":["post-30433","post","type-post","status-publish","format-standard","has-post-thumbnail","hentry","category-impact-story"],"acf":[],"yoast_head":"<!-- This site is optimized with the Yoast SEO plugin v28.4 - https:\/\/yoast.com\/product\/yoast-seo-wordpress\/ -->\n<title>Threading the Fabric of Fashion Reform\u00a0 - The Youth Harbour<\/title>\n<meta name=\"robots\" content=\"index, follow, max-snippet:-1, max-image-preview:large, max-video-preview:-1\" \/>\n<link rel=\"canonical\" href=\"https:\/\/www.theyouthharbour.org\/fr\/impact-story\/threading-the-fabric-of-fashion-reform\/\" \/>\n<meta property=\"og:locale\" content=\"fr_CA\" \/>\n<meta property=\"og:type\" content=\"article\" \/>\n<meta property=\"og:title\" content=\"Threading the Fabric of Fashion Reform\u00a0 - The Youth Harbour\" \/>\n<meta property=\"og:url\" content=\"https:\/\/www.theyouthharbour.org\/fr\/impact-story\/threading-the-fabric-of-fashion-reform\/\" \/>\n<meta property=\"og:site_name\" content=\"The Youth Harbour\" \/>\n<meta property=\"article:published_time\" content=\"2024-10-16T06:26:00+00:00\" \/>\n<meta property=\"article:modified_time\" content=\"2025-02-25T21:11:56+00:00\" \/>\n<meta property=\"og:image\" content=\"https:\/\/www.theyouthharbour.org\/wp-content\/uploads\/2024\/08\/Threading-Change.png?_t=1782937112\" \/>\n\t<meta property=\"og:image:width\" content=\"600\" \/>\n\t<meta property=\"og:image:height\" content=\"400\" \/>\n\t<meta property=\"og:image:type\" content=\"image\/png\" \/>\n<meta name=\"author\" content=\"Jacqueline O&#039;Neill Huerta\" \/>\n<meta name=\"twitter:card\" content=\"summary_large_image\" \/>\n<meta name=\"twitter:label1\" content=\"\u00c9crit par\" \/>\n\t<meta name=\"twitter:data1\" content=\"Jacqueline O&#039;Neill Huerta\" \/>\n\t<meta name=\"twitter:label2\" content=\"Estimation du temps de lecture\" \/>\n\t<meta name=\"twitter:data2\" content=\"4 minutes\" \/>\n<script type=\"application\/ld+json\" class=\"yoast-schema-graph\">{\"@context\":\"https:\\\/\\\/schema.org\",\"@graph\":[{\"@type\":\"Article\",\"@id\":\"https:\\\/\\\/www.theyouthharbour.org\\\/impact-story\\\/threading-the-fabric-of-fashion-reform\\\/#article\",\"isPartOf\":{\"@id\":\"https:\\\/\\\/www.theyouthharbour.org\\\/impact-story\\\/threading-the-fabric-of-fashion-reform\\\/\"},\"author\":{\"name\":\"Jacqueline O'Neill Huerta\",\"@id\":\"https:\\\/\\\/www.theyouthharbour.org\\\/#\\\/schema\\\/person\\\/8a0e608eac853577cab561fafb055a0a\"},\"headline\":\"Threading the Fabric of Fashion Reform\u00a0\",\"datePublished\":\"2024-10-16T06:26:00+00:00\",\"dateModified\":\"2025-02-25T21:11:56+00:00\",\"mainEntityOfPage\":{\"@id\":\"https:\\\/\\\/www.theyouthharbour.org\\\/impact-story\\\/threading-the-fabric-of-fashion-reform\\\/\"},\"wordCount\":1049,\"commentCount\":0,\"image\":{\"@id\":\"https:\\\/\\\/www.theyouthharbour.org\\\/impact-story\\\/threading-the-fabric-of-fashion-reform\\\/#primaryimage\"},\"thumbnailUrl\":\"https:\\\/\\\/i0.wp.com\\\/www.theyouthharbour.org\\\/wp-content\\\/uploads\\\/2024\\\/08\\\/Threading-Change.png?fit=600%2C400&ssl=1\",\"articleSection\":[\"Impact Story\"],\"inLanguage\":\"fr-CA\",\"potentialAction\":[{\"@type\":\"CommentAction\",\"name\":\"Comment\",\"target\":[\"https:\\\/\\\/www.theyouthharbour.org\\\/impact-story\\\/threading-the-fabric-of-fashion-reform\\\/#respond\"]}]},{\"@type\":\"WebPage\",\"@id\":\"https:\\\/\\\/www.theyouthharbour.org\\\/impact-story\\\/threading-the-fabric-of-fashion-reform\\\/\",\"url\":\"https:\\\/\\\/www.theyouthharbour.org\\\/impact-story\\\/threading-the-fabric-of-fashion-reform\\\/\",\"name\":\"Threading the Fabric of Fashion Reform\u00a0 - The Youth Harbour\",\"isPartOf\":{\"@id\":\"https:\\\/\\\/www.theyouthharbour.org\\\/#website\"},\"primaryImageOfPage\":{\"@id\":\"https:\\\/\\\/www.theyouthharbour.org\\\/impact-story\\\/threading-the-fabric-of-fashion-reform\\\/#primaryimage\"},\"image\":{\"@id\":\"https:\\\/\\\/www.theyouthharbour.org\\\/impact-story\\\/threading-the-fabric-of-fashion-reform\\\/#primaryimage\"},\"thumbnailUrl\":\"https:\\\/\\\/i0.wp.com\\\/www.theyouthharbour.org\\\/wp-content\\\/uploads\\\/2024\\\/08\\\/Threading-Change.png?fit=600%2C400&ssl=1\",\"datePublished\":\"2024-10-16T06:26:00+00:00\",\"dateModified\":\"2025-02-25T21:11:56+00:00\",\"author\":{\"@id\":\"https:\\\/\\\/www.theyouthharbour.org\\\/#\\\/schema\\\/person\\\/8a0e608eac853577cab561fafb055a0a\"},\"breadcrumb\":{\"@id\":\"https:\\\/\\\/www.theyouthharbour.org\\\/impact-story\\\/threading-the-fabric-of-fashion-reform\\\/#breadcrumb\"},\"inLanguage\":\"fr-CA\",\"potentialAction\":[{\"@type\":\"ReadAction\",\"target\":[\"https:\\\/\\\/www.theyouthharbour.org\\\/impact-story\\\/threading-the-fabric-of-fashion-reform\\\/\"]}]},{\"@type\":\"ImageObject\",\"inLanguage\":\"fr-CA\",\"@id\":\"https:\\\/\\\/www.theyouthharbour.org\\\/impact-story\\\/threading-the-fabric-of-fashion-reform\\\/#primaryimage\",\"url\":\"https:\\\/\\\/i0.wp.com\\\/www.theyouthharbour.org\\\/wp-content\\\/uploads\\\/2024\\\/08\\\/Threading-Change.png?fit=600%2C400&ssl=1\",\"contentUrl\":\"https:\\\/\\\/i0.wp.com\\\/www.theyouthharbour.org\\\/wp-content\\\/uploads\\\/2024\\\/08\\\/Threading-Change.png?fit=600%2C400&ssl=1\",\"width\":600,\"height\":400},{\"@type\":\"BreadcrumbList\",\"@id\":\"https:\\\/\\\/www.theyouthharbour.org\\\/impact-story\\\/threading-the-fabric-of-fashion-reform\\\/#breadcrumb\",\"itemListElement\":[{\"@type\":\"ListItem\",\"position\":1,\"name\":\"Home\",\"item\":\"https:\\\/\\\/www.theyouthharbour.org\\\/\"},{\"@type\":\"ListItem\",\"position\":2,\"name\":\"Threading the Fabric of Fashion Reform\u00a0\"}]},{\"@type\":\"WebSite\",\"@id\":\"https:\\\/\\\/www.theyouthharbour.org\\\/#website\",\"url\":\"https:\\\/\\\/www.theyouthharbour.org\\\/\",\"name\":\"The Youth Harbour\",\"description\":\"Youth-for-youth climate support system.\",\"potentialAction\":[{\"@type\":\"SearchAction\",\"target\":{\"@type\":\"EntryPoint\",\"urlTemplate\":\"https:\\\/\\\/www.theyouthharbour.org\\\/?s={search_term_string}\"},\"query-input\":{\"@type\":\"PropertyValueSpecification\",\"valueRequired\":true,\"valueName\":\"search_term_string\"}}],\"inLanguage\":\"fr-CA\"},{\"@type\":\"Person\",\"@id\":\"https:\\\/\\\/www.theyouthharbour.org\\\/#\\\/schema\\\/person\\\/8a0e608eac853577cab561fafb055a0a\",\"name\":\"Jacqueline O'Neill Huerta\",\"image\":{\"@type\":\"ImageObject\",\"inLanguage\":\"fr-CA\",\"@id\":\"https:\\\/\\\/secure.gravatar.com\\\/avatar\\\/ef0ef95f9a3e172546801de5cb5e89cea98763ef681c5cb5def86c15f97ac89c?s=96&d=mm&r=g\",\"url\":\"https:\\\/\\\/secure.gravatar.com\\\/avatar\\\/ef0ef95f9a3e172546801de5cb5e89cea98763ef681c5cb5def86c15f97ac89c?s=96&d=mm&r=g\",\"contentUrl\":\"https:\\\/\\\/secure.gravatar.com\\\/avatar\\\/ef0ef95f9a3e172546801de5cb5e89cea98763ef681c5cb5def86c15f97ac89c?s=96&d=mm&r=g\",\"caption\":\"Jacqueline O'Neill Huerta\"},\"url\":\"https:\\\/\\\/www.theyouthharbour.org\\\/fr\\\/author\\\/jacqueline\\\/\"}]}<\/script>\n<!-- \/ Yoast SEO plugin. -->","yoast_head_json":{"title":"Threading the Fabric of Fashion Reform\u00a0 - The Youth Harbour","robots":{"index":"index","follow":"follow","max-snippet":"max-snippet:-1","max-image-preview":"max-image-preview:large","max-video-preview":"max-video-preview:-1"},"canonical":"https:\/\/www.theyouthharbour.org\/fr\/impact-story\/threading-the-fabric-of-fashion-reform\/","og_locale":"fr_CA","og_type":"article","og_title":"Threading the Fabric of Fashion Reform\u00a0 - The Youth Harbour","og_url":"https:\/\/www.theyouthharbour.org\/fr\/impact-story\/threading-the-fabric-of-fashion-reform\/","og_site_name":"The Youth Harbour","article_published_time":"2024-10-16T06:26:00+00:00","article_modified_time":"2025-02-25T21:11:56+00:00","og_image":[{"width":600,"height":400,"url":"https:\/\/www.theyouthharbour.org\/wp-content\/uploads\/2024\/08\/Threading-Change.png?_t=1782937112","type":"image\/png"}],"author":"Jacqueline O'Neill Huerta","twitter_card":"summary_large_image","twitter_misc":{"\u00c9crit par":"Jacqueline O'Neill Huerta","Estimation du temps de lecture":"4 minutes"},"schema":{"@context":"https:\/\/schema.org","@graph":[{"@type":"Article","@id":"https:\/\/www.theyouthharbour.org\/impact-story\/threading-the-fabric-of-fashion-reform\/#article","isPartOf":{"@id":"https:\/\/www.theyouthharbour.org\/impact-story\/threading-the-fabric-of-fashion-reform\/"},"author":{"name":"Jacqueline O'Neill Huerta","@id":"https:\/\/www.theyouthharbour.org\/#\/schema\/person\/8a0e608eac853577cab561fafb055a0a"},"headline":"Threading the Fabric of Fashion Reform\u00a0","datePublished":"2024-10-16T06:26:00+00:00","dateModified":"2025-02-25T21:11:56+00:00","mainEntityOfPage":{"@id":"https:\/\/www.theyouthharbour.org\/impact-story\/threading-the-fabric-of-fashion-reform\/"},"wordCount":1049,"commentCount":0,"image":{"@id":"https:\/\/www.theyouthharbour.org\/impact-story\/threading-the-fabric-of-fashion-reform\/#primaryimage"},"thumbnailUrl":"https:\/\/i0.wp.com\/www.theyouthharbour.org\/wp-content\/uploads\/2024\/08\/Threading-Change.png?fit=600%2C400&ssl=1","articleSection":["Impact Story"],"inLanguage":"fr-CA","potentialAction":[{"@type":"CommentAction","name":"Comment","target":["https:\/\/www.theyouthharbour.org\/impact-story\/threading-the-fabric-of-fashion-reform\/#respond"]}]},{"@type":"WebPage","@id":"https:\/\/www.theyouthharbour.org\/impact-story\/threading-the-fabric-of-fashion-reform\/","url":"https:\/\/www.theyouthharbour.org\/impact-story\/threading-the-fabric-of-fashion-reform\/","name":"Threading the Fabric of Fashion Reform\u00a0 - The Youth Harbour","isPartOf":{"@id":"https:\/\/www.theyouthharbour.org\/#website"},"primaryImageOfPage":{"@id":"https:\/\/www.theyouthharbour.org\/impact-story\/threading-the-fabric-of-fashion-reform\/#primaryimage"},"image":{"@id":"https:\/\/www.theyouthharbour.org\/impact-story\/threading-the-fabric-of-fashion-reform\/#primaryimage"},"thumbnailUrl":"https:\/\/i0.wp.com\/www.theyouthharbour.org\/wp-content\/uploads\/2024\/08\/Threading-Change.png?fit=600%2C400&ssl=1","datePublished":"2024-10-16T06:26:00+00:00","dateModified":"2025-02-25T21:11:56+00:00","author":{"@id":"https:\/\/www.theyouthharbour.org\/#\/schema\/person\/8a0e608eac853577cab561fafb055a0a"},"breadcrumb":{"@id":"https:\/\/www.theyouthharbour.org\/impact-story\/threading-the-fabric-of-fashion-reform\/#breadcrumb"},"inLanguage":"fr-CA","potentialAction":[{"@type":"ReadAction","target":["https:\/\/www.theyouthharbour.org\/impact-story\/threading-the-fabric-of-fashion-reform\/"]}]},{"@type":"ImageObject","inLanguage":"fr-CA","@id":"https:\/\/www.theyouthharbour.org\/impact-story\/threading-the-fabric-of-fashion-reform\/#primaryimage","url":"https:\/\/i0.wp.com\/www.theyouthharbour.org\/wp-content\/uploads\/2024\/08\/Threading-Change.png?fit=600%2C400&ssl=1","contentUrl":"https:\/\/i0.wp.com\/www.theyouthharbour.org\/wp-content\/uploads\/2024\/08\/Threading-Change.png?fit=600%2C400&ssl=1","width":600,"height":400},{"@type":"BreadcrumbList","@id":"https:\/\/www.theyouthharbour.org\/impact-story\/threading-the-fabric-of-fashion-reform\/#breadcrumb","itemListElement":[{"@type":"ListItem","position":1,"name":"Home","item":"https:\/\/www.theyouthharbour.org\/"},{"@type":"ListItem","position":2,"name":"Threading the Fabric of Fashion Reform\u00a0"}]},{"@type":"WebSite","@id":"https:\/\/www.theyouthharbour.org\/#website","url":"https:\/\/www.theyouthharbour.org\/","name":"Le Havre jeunesse","description":"Youth-for-youth climate support system.","potentialAction":[{"@type":"SearchAction","target":{"@type":"EntryPoint","urlTemplate":"https:\/\/www.theyouthharbour.org\/?s={search_term_string}"},"query-input":{"@type":"PropertyValueSpecification","valueRequired":true,"valueName":"search_term_string"}}],"inLanguage":"fr-CA"},{"@type":"Person","@id":"https:\/\/www.theyouthharbour.org\/#\/schema\/person\/8a0e608eac853577cab561fafb055a0a","name":"Jacqueline O'Neill Huerta","image":{"@type":"ImageObject","inLanguage":"fr-CA","@id":"https:\/\/secure.gravatar.com\/avatar\/ef0ef95f9a3e172546801de5cb5e89cea98763ef681c5cb5def86c15f97ac89c?s=96&d=mm&r=g","url":"https:\/\/secure.gravatar.com\/avatar\/ef0ef95f9a3e172546801de5cb5e89cea98763ef681c5cb5def86c15f97ac89c?s=96&d=mm&r=g","contentUrl":"https:\/\/secure.gravatar.com\/avatar\/ef0ef95f9a3e172546801de5cb5e89cea98763ef681c5cb5def86c15f97ac89c?s=96&d=mm&r=g","caption":"Jacqueline O'Neill Huerta"},"url":"https:\/\/www.theyouthharbour.org\/fr\/author\/jacqueline\/"}]}},"jetpack_sharing_enabled":true,"jetpack_featured_media_url":"https:\/\/i0.wp.com\/www.theyouthharbour.org\/wp-content\/uploads\/2024\/08\/Threading-Change.png?fit=600%2C400&ssl=1","_links":{"self":[{"href":"https:\/\/www.theyouthharbour.org\/fr\/wp-json\/wp\/v2\/posts\/30433","targetHints":{"allow":["GET"]}}],"collection":[{"href":"https:\/\/www.theyouthharbour.org\/fr\/wp-json\/wp\/v2\/posts"}],"about":[{"href":"https:\/\/www.theyouthharbour.org\/fr\/wp-json\/wp\/v2\/types\/post"}],"author":[{"embeddable":true,"href":"https:\/\/www.theyouthharbour.org\/fr\/wp-json\/wp\/v2\/users\/6"}],"replies":[{"embeddable":true,"href":"https:\/\/www.theyouthharbour.org\/fr\/wp-json\/wp\/v2\/comments?post=30433"}],"version-history":[{"count":6,"href":"https:\/\/www.theyouthharbour.org\/fr\/wp-json\/wp\/v2\/posts\/30433\/revisions"}],"predecessor-version":[{"id":30675,"href":"https:\/\/www.theyouthharbour.org\/fr\/wp-json\/wp\/v2\/posts\/30433\/revisions\/30675"}],"wp:featuredmedia":[{"embeddable":true,"href":"https:\/\/www.theyouthharbour.org\/fr\/wp-json\/wp\/v2\/media\/30434"}],"wp:attachment":[{"href":"https:\/\/www.theyouthharbour.org\/fr\/wp-json\/wp\/v2\/media?parent=30433"}],"wp:term":[{"taxonomy":"category","embeddable":true,"href":"https:\/\/www.theyouthharbour.org\/fr\/wp-json\/wp\/v2\/categories?post=30433"},{"taxonomy":"post_tag","embeddable":true,"href":"https:\/\/www.theyouthharbour.org\/fr\/wp-json\/wp\/v2\/tags?post=30433"}],"curies":[{"name":"wp","href":"https:\/\/api.w.org\/{rel}","templated":true}]}}