{"id":30439,"date":"2025-02-27T19:18:39","date_gmt":"2025-02-27T19:18:39","guid":{"rendered":"https:\/\/www.theyouthharbour.org\/?p=30439"},"modified":"2025-02-27T19:20:44","modified_gmt":"2025-02-27T19:20:44","slug":"a-justice-based-approach-to-water-access-with-the-guelph-environmental-justice-collective","status":"publish","type":"post","link":"https:\/\/www.theyouthharbour.org\/fr\/impact-story\/a-justice-based-approach-to-water-access-with-the-guelph-environmental-justice-collective\/","title":{"rendered":"A Justice-Based Approach to Water Access with the Guelph Environmental Justice Collective"},"content":{"rendered":"<div class=\"et_d4_element et_pb_section et_pb_section_0 et_pb_with_background  et_pb_css_mix_blend_mode et_section_regular et_block_section\" >\n\t\t\t\t\n\t\t\t\t\n\t\t\t\t\n\t\t\t\t\n\t\t\t\t\n\t\t\t\t\n\t\t\t\t<div class=\"et_d4_element et_pb_row et_pb_row_0  et_pb_css_mix_blend_mode et_block_row\">\n\t\t\t\t<div class=\"et_d4_element et_pb_column_4_4 et_pb_column et_pb_column_0  et_pb_css_mix_blend_mode et-last-child et_block_column\">\n\t\t\t\t\n\t\t\t\t\n\t\t\t\t\n\t\t\t\t\n\t\t\t\t<div class=\"et_pb_module et_d4_element et_pb_text et_pb_text_0  et_pb_text_align_left et_pb_bg_layout_light\">\n\t\t\t\t\n\t\t\t\t\n\t\t\t\t\n\t\t\t\t\n\t\t\t\t<div class=\"et_pb_text_inner\"><p><span style=\"text-decoration: underline;\"><a href=\"https:\/\/thestarfish.ca\/journal\/2025\/02\/a-justice-based-approach-to-water-access-with-the-guelph-environmental-justice-collective\"><span style=\"font-weight: 400; color: #ff0000; text-decoration: underline;\">Merci \u00e0 The Starfish d'avoir partag\u00e9 cette histoire sur leur plateforme, cliquez ici pour la lire ainsi que d'autres histoires marquantes.<\/span><\/a><\/span><\/p>\n<p><span style=\"font-weight: 400;\"><\/span><\/p>\n<p><span style=\"font-weight: 400;\">En mati\u00e8re d'environnement, tout est li\u00e9. Prenons l'exemple de l'utilisation des pesticides : nuire \u00e0 de grands groupes d'insectes a un impact sur la quantit\u00e9 de nourriture disponible pour les animaux tout au long de la cha\u00eene alimentaire, et l'augmentation de la toxicit\u00e9 peut entra\u00eener la mort pr\u00e9matur\u00e9e d'animaux plus gros. Les pesticides p\u00e9n\u00e8trent \u00e9galement dans les syst\u00e8mes d'eau, empoisonnant le sol et les cours d'eau, et finissent par nuire \u00e0 la vie terrestre et aquatique. Ces impacts s'\u00e9tendent aux humains : nous consommons du poisson et des animaux qui ont accumul\u00e9 des niveaux \u00e9lev\u00e9s de toxines, et nous buvons de l'eau contamin\u00e9e.\u00a0<\/span><\/p>\n<p><span style=\"font-weight: 400;\">Cependant, lorsque les effets environnementaux s'\u00e9tendent aux humains, ils ne sont pas r\u00e9partis de mani\u00e8re \u00e9gale. Au Canada, les avis \u00e0 long terme concernant la qualit\u00e9 de l'eau potable ne concernent que les communaut\u00e9s autochtones. M\u00eame dans les communaut\u00e9s o\u00f9 l'eau est propre, elle n'est souvent pas accessible aux personnes sans domicile. Le concept de justice environnementale englobe les in\u00e9galit\u00e9s cr\u00e9\u00e9es ou exacerb\u00e9es par les effets sur l'environnement, et affirme que lutter contre les dommages environnementaux signifie \u00e9galement lutter contre la mani\u00e8re dont ces effets ciblent des populations d\u00e9j\u00e0 vuln\u00e9rables ou marginalis\u00e9es.\u00a0<\/span><\/p>\n<p><span style=\"font-weight: 400;\">Le Guelph Environmental Justice Collective est une initiative communautaire fond\u00e9e sur les principes de la justice environnementale et qui vise \u00e0 fournir une assistance \u00e0 court et \u00e0 long terme aux personnes les plus touch\u00e9es par le changement climatique. Soutenu par les Water Watchers, le GEJC adopte une approche centr\u00e9e sur les droits de la personne dans son travail. Cela se traduit par une grande partie de son travail qui se concentre sur l'am\u00e9lioration de l'acc\u00e8s \u00e0 l'eau potable, aux services d'assainissement et \u00e0 un logement durable pour les personnes sans abri ou mal log\u00e9es dans la r\u00e9gion de Guelph. Les obstacles \u00e0 cet acc\u00e8s comprennent les effets environnementaux, tels que l'augmentation des ph\u00e9nom\u00e8nes m\u00e9t\u00e9orologiques extr\u00eames et des conditions m\u00e9t\u00e9orologiques impr\u00e9visibles, et les politiques municipales \u00e0 l'\u00e9gard de la population sans logement.\u00a0<\/span><\/p>\n<p><span style=\"font-weight: 400;\">Dans la poursuite de sa mission, le GEJC m\u00e8ne trois types d'actions : des efforts de secours imm\u00e9diats \u00e0 court terme, des solutions et des protections \u00e0 long terme, et la sensibilisation de la communaut\u00e9 et le soutien \u00e0 l'action locale. En ce qui concerne les actions \u00e0 court terme, le GEJC a d\u00e9j\u00e0 plusieurs projets en cours. Le premier se concentre sur l'acc\u00e8s \u00e0 l'eau et \u00e0 l'assainissement dans le cadre d'une relance de l'initiative Blue W qui encourage les entreprises locales \u00e0 afficher un symbole dans leur vitrine qui les pr\u00e9sente comme un point d'acc\u00e8s \u00e0 l'eau potable, aux toilettes ou aux douches. Leur deuxi\u00e8me projet vise \u00e0 prot\u00e9ger les personnes vivant dans des tentes ou des campements contre le froid et les tentatives dangereuses de se r\u00e9chauffer. De nombreux incendies de tentes ont \u00e9t\u00e9 signal\u00e9s \u00e0 Guelph au cours de l'hiver, les gens essayant de chauffer leurs tentes. Le GEJC d\u00e9veloppe une initiative visant \u00e0 \u00e9tudier la construction de chauffages s\u00fbrs pour les tentes qui ne produisent pas de fum\u00e9es toxiques, maintiennent la flamme \u00e0 l'abri et s'\u00e9teignent imm\u00e9diatement lorsqu'ils sont renvers\u00e9s. Ces chauffages sont peu co\u00fbteux, accessibles, fonctionnels et, surtout, s\u00fbrs.\u00a0<\/span><\/p><\/div>\n\t\t\t<\/div><div class=\"et_pb_module et_d4_element et_pb_image et_pb_image_0\">\n\t\t\t\t\n\t\t\t\t\n\t\t\t\t\n\t\t\t\t\n\t\t\t\t<span class=\"et_pb_image_wrap\"><img data-recalc-dims=\"1\" loading=\"lazy\" decoding=\"async\" width=\"750\" height=\"504\" src=\"https:\/\/i0.wp.com\/www.theyouthharbour.org\/wp-content\/uploads\/2025\/02\/IMG_5444.webp?resize=750%2C504&#038;ssl=1\" alt=\"\" title=\"IMG_5444\" srcset=\"https:\/\/i0.wp.com\/www.theyouthharbour.org\/wp-content\/uploads\/2025\/02\/IMG_5444.webp?w=750&ssl=1 750w, https:\/\/i0.wp.com\/www.theyouthharbour.org\/wp-content\/uploads\/2025\/02\/IMG_5444.webp?resize=300%2C202&ssl=1 300w, https:\/\/i0.wp.com\/www.theyouthharbour.org\/wp-content\/uploads\/2025\/02\/IMG_5444.webp?resize=18%2C12&ssl=1 18w, https:\/\/i0.wp.com\/www.theyouthharbour.org\/wp-content\/uploads\/2025\/02\/IMG_5444.webp?resize=480%2C323&ssl=1 480w\" sizes=\"(max-width: 750px) 100vw, 750px\" class=\"wp-image-31242\" \/><\/span>\n\t\t\t<\/div><div class=\"et_pb_module et_d4_element et_pb_text et_pb_text_1  et_pb_text_align_left et_pb_bg_layout_light\">\n\t\t\t\t\n\t\t\t\t\n\t\t\t\t\n\t\t\t\t\n\t\t\t\t<div class=\"et_pb_text_inner\"><p><span style=\"font-weight: 400;\">La r\u00e9sistance \u00e0 de nombreuses politiques anti-campement propos\u00e9es par le conseil municipal est un exemple des strat\u00e9gies \u00e0 long terme du GEJC. Le r\u00e8glement sur l'utilisation de l'espace public, propos\u00e9 en janvier 2024, forcerait le d\u00e9placement des personnes sans logement d'une vingtaine de campements dans la ville de Guelph. Le GEJC a men\u00e9 une campagne par e-mail et a soutenu plus de 50 d\u00e9l\u00e9gations au conseil municipal pour protester contre cette politique, qui devait entrer en vigueur en f\u00e9vrier, en plein hiver. Ces actions ont contribu\u00e9 au report de l'arr\u00eat\u00e9 le 14 f\u00e9vrier, et en mars 2024, la politique n'avait toujours pas \u00e9t\u00e9 accept\u00e9e.<\/span><\/p>\n<p><span style=\"font-weight: 400;\">Enfin, le GEJC encourage et m\u00e8ne une campagne de sensibilisation de la communaut\u00e9 aux d\u00e9fis auxquels sont confront\u00e9es les personnes sans abri en raison du changement climatique. En <\/span><span style=\"font-weight: 400;\">d\u00e9cembre, <\/span><span style=\"font-weight: 400;\">il a organis\u00e9 son \u00e9v\u00e9nement Community Connect pour partager ses informations et ses objectifs avec le public. Plus encore, l'\u00e9v\u00e9nement Community Connect a \u00e9galement \u00e9t\u00e9 l'occasion de nouer des relations avec des personnes sans abri ou mal log\u00e9es, jetant ainsi les bases d'une action collaborative pour l'avenir. Le GEJC cr\u00e9e \u00e9galement des ressources pour les personnes sans abri et la communaut\u00e9 de Guelph, notamment en \u00e9laborant un guide de poche qui indique o\u00f9 trouver de l'eau, des abris, des douches, des toilettes, des stations de r\u00e9chauffement et des stations de refroidissement.<\/span><\/p>\n<p><span style=\"font-weight: 400;\">Ce n'est que le d\u00e9but pour le Guelph Environmental Justice Collective. Leur approche met l'accent sur l'intention, l'\u00e9coute et la collaboration, en d\u00e9clarant que \u00ab nous allons lentement pour pouvoir aller vite \u00bb. De telles actions signifient que le GEJC parvient \u00e0 cr\u00e9er des impacts plus efficaces et significatifs d\u00e8s le d\u00e9part. En agissant \u00e0 trois niveaux diff\u00e9rents, le GEJC nous montre \u00e0 quel point ces questions sont complexes et \u00e0 quel point nous avons besoin de collaboration et d'un plan global pour cr\u00e9er un changement \u00e0 la fois imm\u00e9diat et durable.\u00a0<\/span><\/p><\/div>\n\t\t\t<\/div><div class=\"et_pb_module et_d4_element et_pb_image et_pb_image_1\">\n\t\t\t\t\n\t\t\t\t\n\t\t\t\t\n\t\t\t\t\n\t\t\t\t<span class=\"et_pb_image_wrap\"><img data-recalc-dims=\"1\" loading=\"lazy\" decoding=\"async\" width=\"600\" height=\"400\" src=\"https:\/\/i0.wp.com\/www.theyouthharbour.org\/wp-content\/uploads\/2025\/02\/Guelph-Environmental-Justice-Collective-png.webp?resize=600%2C400&#038;ssl=1\" alt=\"\" title=\"Guelph Environmental Justice Collective\" srcset=\"https:\/\/i0.wp.com\/www.theyouthharbour.org\/wp-content\/uploads\/2025\/02\/Guelph-Environmental-Justice-Collective-png.webp?w=600&ssl=1 600w, https:\/\/i0.wp.com\/www.theyouthharbour.org\/wp-content\/uploads\/2025\/02\/Guelph-Environmental-Justice-Collective-png.webp?resize=300%2C200&ssl=1 300w, https:\/\/i0.wp.com\/www.theyouthharbour.org\/wp-content\/uploads\/2025\/02\/Guelph-Environmental-Justice-Collective-png.webp?resize=18%2C12&ssl=1 18w, https:\/\/i0.wp.com\/www.theyouthharbour.org\/wp-content\/uploads\/2025\/02\/Guelph-Environmental-Justice-Collective-png.webp?resize=480%2C320&ssl=1 480w\" sizes=\"(max-width: 600px) 100vw, 600px\" class=\"wp-image-31241\" \/><\/span>\n\t\t\t<\/div><div class=\"et_pb_module et_d4_element et_pb_text et_pb_text_2  et_pb_text_align_left et_pb_bg_layout_light\">\n\t\t\t\t\n\t\t\t\t\n\t\t\t\t\n\t\t\t\t\n\t\t\t\t<div class=\"et_pb_text_inner\"><p><i><span style=\"font-weight: 400;\">* En m\u00e9moire de notre amie et militante communautaire d\u00e9vou\u00e9e Kate Nixon<\/span><\/i><span style=\"font-weight: 400;\"><\/span><\/p>\n<p><span style=\"font-weight: 400;\">* Le Guelph Environmental Justice Collective r\u00e9side sur les terres et le territoire des Mississaugas de la rivi\u00e8re Credit. <\/span><\/p><\/div>\n\t\t\t<\/div>\n\t\t\t<\/div>\n\t\t\t\t\n\t\t\t\t\n\t\t\t\t\n\t\t\t\t\n\t\t\t<\/div>\n\t\t\t\t\n\t\t\t\t\n\t\t\t<\/div>","protected":false},"excerpt":{"rendered":"","protected":false},"author":5,"featured_media":31241,"comment_status":"open","ping_status":"open","sticky":false,"template":"our-updates","format":"standard","meta":{"_acf_changed":false,"nf_dc_page":"","_et_pb_use_builder":"on","_et_pb_old_content":"<!-- wp:paragraph -->\n<p class=\"\">In September, FES was at New York Climate Week. The first of three blog posts sharing Kat\u2019s (Executive Director) and Jess\u2019 (Program Director) experience and reflections at the People\u2019s March, and what it was like being with over 75,000 people on the ground, advocating for climate action.<\/p>\n<!-- \/wp:paragraph -->\n\n<!-- wp:paragraph -->\n<p class=\"\"><\/p>\n<!-- \/wp:paragraph -->\n\n<!-- wp:paragraph -->\n<p class=\"\"><\/p>\n<!-- \/wp:paragraph -->","_et_gb_content_width":"","_jetpack_newsletter_access":"","_jetpack_dont_email_post_to_subs":false,"_jetpack_newsletter_tier_id":0,"_jetpack_memberships_contains_paywalled_content":false,"_jetpack_feature_clip_id":0,"_jetpack_memberships_contains_paid_content":false,"footnotes":"","jetpack_post_was_ever_published":false},"categories":[104],"tags":[],"class_list":["post-30439","post","type-post","status-publish","format-standard","has-post-thumbnail","hentry","category-impact-story"],"acf":[],"yoast_head":"<!-- This site is optimized with the Yoast SEO plugin v28.4 - https:\/\/yoast.com\/product\/yoast-seo-wordpress\/ -->\n<title>A Justice-Based Approach to Water Access with the Guelph Environmental Justice Collective - The Youth Harbour<\/title>\n<meta name=\"robots\" content=\"index, follow, max-snippet:-1, max-image-preview:large, max-video-preview:-1\" \/>\n<link rel=\"canonical\" href=\"https:\/\/www.theyouthharbour.org\/fr\/impact-story\/a-justice-based-approach-to-water-access-with-the-guelph-environmental-justice-collective\/\" \/>\n<meta property=\"og:locale\" content=\"fr_CA\" \/>\n<meta property=\"og:type\" content=\"article\" \/>\n<meta property=\"og:title\" content=\"A Justice-Based Approach to Water Access with the Guelph Environmental Justice Collective - The Youth Harbour\" \/>\n<meta property=\"og:url\" content=\"https:\/\/www.theyouthharbour.org\/fr\/impact-story\/a-justice-based-approach-to-water-access-with-the-guelph-environmental-justice-collective\/\" \/>\n<meta property=\"og:site_name\" content=\"The Youth Harbour\" \/>\n<meta property=\"article:published_time\" content=\"2025-02-27T19:18:39+00:00\" \/>\n<meta property=\"article:modified_time\" content=\"2025-02-27T19:20:44+00:00\" \/>\n<meta property=\"og:image\" content=\"https:\/\/www.theyouthharbour.org\/wp-content\/uploads\/2025\/02\/Guelph-Environmental-Justice-Collective-png.webp?_t=1782937112\" \/>\n\t<meta property=\"og:image:width\" content=\"600\" \/>\n\t<meta property=\"og:image:height\" content=\"400\" \/>\n\t<meta property=\"og:image:type\" content=\"image\/png\" \/>\n<meta name=\"author\" content=\"Molly Boley\" \/>\n<meta name=\"twitter:card\" content=\"summary_large_image\" \/>\n<meta name=\"twitter:label1\" content=\"\u00c9crit par\" \/>\n\t<meta name=\"twitter:data1\" content=\"Molly Boley\" \/>\n\t<meta name=\"twitter:label2\" content=\"Estimation du temps de lecture\" \/>\n\t<meta name=\"twitter:data2\" content=\"4 minutes\" \/>\n<script type=\"application\/ld+json\" class=\"yoast-schema-graph\">{\"@context\":\"https:\\\/\\\/schema.org\",\"@graph\":[{\"@type\":\"Article\",\"@id\":\"https:\\\/\\\/www.theyouthharbour.org\\\/impact-story\\\/a-justice-based-approach-to-water-access-with-the-guelph-environmental-justice-collective\\\/#article\",\"isPartOf\":{\"@id\":\"https:\\\/\\\/www.theyouthharbour.org\\\/impact-story\\\/a-justice-based-approach-to-water-access-with-the-guelph-environmental-justice-collective\\\/\"},\"author\":{\"name\":\"Molly Boley\",\"@id\":\"https:\\\/\\\/www.theyouthharbour.org\\\/#\\\/schema\\\/person\\\/39edf5642df85c63e5f1bf4f0a8e7aa8\"},\"headline\":\"A Justice-Based Approach to Water Access with the Guelph Environmental Justice Collective\",\"datePublished\":\"2025-02-27T19:18:39+00:00\",\"dateModified\":\"2025-02-27T19:20:44+00:00\",\"mainEntityOfPage\":{\"@id\":\"https:\\\/\\\/www.theyouthharbour.org\\\/impact-story\\\/a-justice-based-approach-to-water-access-with-the-guelph-environmental-justice-collective\\\/\"},\"wordCount\":1038,\"commentCount\":0,\"image\":{\"@id\":\"https:\\\/\\\/www.theyouthharbour.org\\\/impact-story\\\/a-justice-based-approach-to-water-access-with-the-guelph-environmental-justice-collective\\\/#primaryimage\"},\"thumbnailUrl\":\"https:\\\/\\\/i0.wp.com\\\/www.theyouthharbour.org\\\/wp-content\\\/uploads\\\/2025\\\/02\\\/Guelph-Environmental-Justice-Collective-png.webp?fit=600%2C400&ssl=1\",\"articleSection\":[\"Impact Story\"],\"inLanguage\":\"fr-CA\",\"potentialAction\":[{\"@type\":\"CommentAction\",\"name\":\"Comment\",\"target\":[\"https:\\\/\\\/www.theyouthharbour.org\\\/impact-story\\\/a-justice-based-approach-to-water-access-with-the-guelph-environmental-justice-collective\\\/#respond\"]}]},{\"@type\":\"WebPage\",\"@id\":\"https:\\\/\\\/www.theyouthharbour.org\\\/impact-story\\\/a-justice-based-approach-to-water-access-with-the-guelph-environmental-justice-collective\\\/\",\"url\":\"https:\\\/\\\/www.theyouthharbour.org\\\/impact-story\\\/a-justice-based-approach-to-water-access-with-the-guelph-environmental-justice-collective\\\/\",\"name\":\"A Justice-Based Approach to Water Access with the Guelph Environmental Justice Collective - The Youth Harbour\",\"isPartOf\":{\"@id\":\"https:\\\/\\\/www.theyouthharbour.org\\\/#website\"},\"primaryImageOfPage\":{\"@id\":\"https:\\\/\\\/www.theyouthharbour.org\\\/impact-story\\\/a-justice-based-approach-to-water-access-with-the-guelph-environmental-justice-collective\\\/#primaryimage\"},\"image\":{\"@id\":\"https:\\\/\\\/www.theyouthharbour.org\\\/impact-story\\\/a-justice-based-approach-to-water-access-with-the-guelph-environmental-justice-collective\\\/#primaryimage\"},\"thumbnailUrl\":\"https:\\\/\\\/i0.wp.com\\\/www.theyouthharbour.org\\\/wp-content\\\/uploads\\\/2025\\\/02\\\/Guelph-Environmental-Justice-Collective-png.webp?fit=600%2C400&ssl=1\",\"datePublished\":\"2025-02-27T19:18:39+00:00\",\"dateModified\":\"2025-02-27T19:20:44+00:00\",\"author\":{\"@id\":\"https:\\\/\\\/www.theyouthharbour.org\\\/#\\\/schema\\\/person\\\/39edf5642df85c63e5f1bf4f0a8e7aa8\"},\"breadcrumb\":{\"@id\":\"https:\\\/\\\/www.theyouthharbour.org\\\/impact-story\\\/a-justice-based-approach-to-water-access-with-the-guelph-environmental-justice-collective\\\/#breadcrumb\"},\"inLanguage\":\"fr-CA\",\"potentialAction\":[{\"@type\":\"ReadAction\",\"target\":[\"https:\\\/\\\/www.theyouthharbour.org\\\/impact-story\\\/a-justice-based-approach-to-water-access-with-the-guelph-environmental-justice-collective\\\/\"]}]},{\"@type\":\"ImageObject\",\"inLanguage\":\"fr-CA\",\"@id\":\"https:\\\/\\\/www.theyouthharbour.org\\\/impact-story\\\/a-justice-based-approach-to-water-access-with-the-guelph-environmental-justice-collective\\\/#primaryimage\",\"url\":\"https:\\\/\\\/i0.wp.com\\\/www.theyouthharbour.org\\\/wp-content\\\/uploads\\\/2025\\\/02\\\/Guelph-Environmental-Justice-Collective-png.webp?fit=600%2C400&ssl=1\",\"contentUrl\":\"https:\\\/\\\/i0.wp.com\\\/www.theyouthharbour.org\\\/wp-content\\\/uploads\\\/2025\\\/02\\\/Guelph-Environmental-Justice-Collective-png.webp?fit=600%2C400&ssl=1\",\"width\":600,\"height\":400},{\"@type\":\"BreadcrumbList\",\"@id\":\"https:\\\/\\\/www.theyouthharbour.org\\\/impact-story\\\/a-justice-based-approach-to-water-access-with-the-guelph-environmental-justice-collective\\\/#breadcrumb\",\"itemListElement\":[{\"@type\":\"ListItem\",\"position\":1,\"name\":\"Home\",\"item\":\"https:\\\/\\\/www.theyouthharbour.org\\\/\"},{\"@type\":\"ListItem\",\"position\":2,\"name\":\"A Justice-Based Approach to Water Access with the Guelph Environmental Justice Collective\"}]},{\"@type\":\"WebSite\",\"@id\":\"https:\\\/\\\/www.theyouthharbour.org\\\/#website\",\"url\":\"https:\\\/\\\/www.theyouthharbour.org\\\/\",\"name\":\"The Youth Harbour\",\"description\":\"Youth-for-youth climate support system.\",\"potentialAction\":[{\"@type\":\"SearchAction\",\"target\":{\"@type\":\"EntryPoint\",\"urlTemplate\":\"https:\\\/\\\/www.theyouthharbour.org\\\/?s={search_term_string}\"},\"query-input\":{\"@type\":\"PropertyValueSpecification\",\"valueRequired\":true,\"valueName\":\"search_term_string\"}}],\"inLanguage\":\"fr-CA\"},{\"@type\":\"Person\",\"@id\":\"https:\\\/\\\/www.theyouthharbour.org\\\/#\\\/schema\\\/person\\\/39edf5642df85c63e5f1bf4f0a8e7aa8\",\"name\":\"Molly Boley\",\"image\":{\"@type\":\"ImageObject\",\"inLanguage\":\"fr-CA\",\"@id\":\"https:\\\/\\\/secure.gravatar.com\\\/avatar\\\/51ef2b7fd759e1eda319a0b899fc49b46a4f7095f3f0a7904b38a4e0dc1aab46?s=96&d=mm&r=g\",\"url\":\"https:\\\/\\\/secure.gravatar.com\\\/avatar\\\/51ef2b7fd759e1eda319a0b899fc49b46a4f7095f3f0a7904b38a4e0dc1aab46?s=96&d=mm&r=g\",\"contentUrl\":\"https:\\\/\\\/secure.gravatar.com\\\/avatar\\\/51ef2b7fd759e1eda319a0b899fc49b46a4f7095f3f0a7904b38a4e0dc1aab46?s=96&d=mm&r=g\",\"caption\":\"Molly Boley\"},\"url\":\"https:\\\/\\\/www.theyouthharbour.org\\\/fr\\\/author\\\/mollyboley\\\/\"}]}<\/script>\n<!-- \/ Yoast SEO plugin. -->","yoast_head_json":{"title":"A Justice-Based Approach to Water Access with the Guelph Environmental Justice Collective - The Youth Harbour","robots":{"index":"index","follow":"follow","max-snippet":"max-snippet:-1","max-image-preview":"max-image-preview:large","max-video-preview":"max-video-preview:-1"},"canonical":"https:\/\/www.theyouthharbour.org\/fr\/impact-story\/a-justice-based-approach-to-water-access-with-the-guelph-environmental-justice-collective\/","og_locale":"fr_CA","og_type":"article","og_title":"A Justice-Based Approach to Water Access with the Guelph Environmental Justice Collective - The Youth Harbour","og_url":"https:\/\/www.theyouthharbour.org\/fr\/impact-story\/a-justice-based-approach-to-water-access-with-the-guelph-environmental-justice-collective\/","og_site_name":"The Youth Harbour","article_published_time":"2025-02-27T19:18:39+00:00","article_modified_time":"2025-02-27T19:20:44+00:00","og_image":[{"width":600,"height":400,"url":"https:\/\/www.theyouthharbour.org\/wp-content\/uploads\/2025\/02\/Guelph-Environmental-Justice-Collective-png.webp?_t=1782937112","type":"image\/png"}],"author":"Molly Boley","twitter_card":"summary_large_image","twitter_misc":{"\u00c9crit par":"Molly Boley","Estimation du temps de lecture":"4 minutes"},"schema":{"@context":"https:\/\/schema.org","@graph":[{"@type":"Article","@id":"https:\/\/www.theyouthharbour.org\/impact-story\/a-justice-based-approach-to-water-access-with-the-guelph-environmental-justice-collective\/#article","isPartOf":{"@id":"https:\/\/www.theyouthharbour.org\/impact-story\/a-justice-based-approach-to-water-access-with-the-guelph-environmental-justice-collective\/"},"author":{"name":"Molly Boley","@id":"https:\/\/www.theyouthharbour.org\/#\/schema\/person\/39edf5642df85c63e5f1bf4f0a8e7aa8"},"headline":"A Justice-Based Approach to Water Access with the Guelph Environmental Justice Collective","datePublished":"2025-02-27T19:18:39+00:00","dateModified":"2025-02-27T19:20:44+00:00","mainEntityOfPage":{"@id":"https:\/\/www.theyouthharbour.org\/impact-story\/a-justice-based-approach-to-water-access-with-the-guelph-environmental-justice-collective\/"},"wordCount":1038,"commentCount":0,"image":{"@id":"https:\/\/www.theyouthharbour.org\/impact-story\/a-justice-based-approach-to-water-access-with-the-guelph-environmental-justice-collective\/#primaryimage"},"thumbnailUrl":"https:\/\/i0.wp.com\/www.theyouthharbour.org\/wp-content\/uploads\/2025\/02\/Guelph-Environmental-Justice-Collective-png.webp?fit=600%2C400&ssl=1","articleSection":["Impact Story"],"inLanguage":"fr-CA","potentialAction":[{"@type":"CommentAction","name":"Comment","target":["https:\/\/www.theyouthharbour.org\/impact-story\/a-justice-based-approach-to-water-access-with-the-guelph-environmental-justice-collective\/#respond"]}]},{"@type":"WebPage","@id":"https:\/\/www.theyouthharbour.org\/impact-story\/a-justice-based-approach-to-water-access-with-the-guelph-environmental-justice-collective\/","url":"https:\/\/www.theyouthharbour.org\/impact-story\/a-justice-based-approach-to-water-access-with-the-guelph-environmental-justice-collective\/","name":"A Justice-Based Approach to Water Access with the Guelph Environmental Justice Collective - The Youth Harbour","isPartOf":{"@id":"https:\/\/www.theyouthharbour.org\/#website"},"primaryImageOfPage":{"@id":"https:\/\/www.theyouthharbour.org\/impact-story\/a-justice-based-approach-to-water-access-with-the-guelph-environmental-justice-collective\/#primaryimage"},"image":{"@id":"https:\/\/www.theyouthharbour.org\/impact-story\/a-justice-based-approach-to-water-access-with-the-guelph-environmental-justice-collective\/#primaryimage"},"thumbnailUrl":"https:\/\/i0.wp.com\/www.theyouthharbour.org\/wp-content\/uploads\/2025\/02\/Guelph-Environmental-Justice-Collective-png.webp?fit=600%2C400&ssl=1","datePublished":"2025-02-27T19:18:39+00:00","dateModified":"2025-02-27T19:20:44+00:00","author":{"@id":"https:\/\/www.theyouthharbour.org\/#\/schema\/person\/39edf5642df85c63e5f1bf4f0a8e7aa8"},"breadcrumb":{"@id":"https:\/\/www.theyouthharbour.org\/impact-story\/a-justice-based-approach-to-water-access-with-the-guelph-environmental-justice-collective\/#breadcrumb"},"inLanguage":"fr-CA","potentialAction":[{"@type":"ReadAction","target":["https:\/\/www.theyouthharbour.org\/impact-story\/a-justice-based-approach-to-water-access-with-the-guelph-environmental-justice-collective\/"]}]},{"@type":"ImageObject","inLanguage":"fr-CA","@id":"https:\/\/www.theyouthharbour.org\/impact-story\/a-justice-based-approach-to-water-access-with-the-guelph-environmental-justice-collective\/#primaryimage","url":"https:\/\/i0.wp.com\/www.theyouthharbour.org\/wp-content\/uploads\/2025\/02\/Guelph-Environmental-Justice-Collective-png.webp?fit=600%2C400&ssl=1","contentUrl":"https:\/\/i0.wp.com\/www.theyouthharbour.org\/wp-content\/uploads\/2025\/02\/Guelph-Environmental-Justice-Collective-png.webp?fit=600%2C400&ssl=1","width":600,"height":400},{"@type":"BreadcrumbList","@id":"https:\/\/www.theyouthharbour.org\/impact-story\/a-justice-based-approach-to-water-access-with-the-guelph-environmental-justice-collective\/#breadcrumb","itemListElement":[{"@type":"ListItem","position":1,"name":"Home","item":"https:\/\/www.theyouthharbour.org\/"},{"@type":"ListItem","position":2,"name":"A Justice-Based Approach to Water Access with the Guelph Environmental Justice Collective"}]},{"@type":"WebSite","@id":"https:\/\/www.theyouthharbour.org\/#website","url":"https:\/\/www.theyouthharbour.org\/","name":"Le Havre jeunesse","description":"Youth-for-youth climate support system.","potentialAction":[{"@type":"SearchAction","target":{"@type":"EntryPoint","urlTemplate":"https:\/\/www.theyouthharbour.org\/?s={search_term_string}"},"query-input":{"@type":"PropertyValueSpecification","valueRequired":true,"valueName":"search_term_string"}}],"inLanguage":"fr-CA"},{"@type":"Person","@id":"https:\/\/www.theyouthharbour.org\/#\/schema\/person\/39edf5642df85c63e5f1bf4f0a8e7aa8","name":"Molly Boley","image":{"@type":"ImageObject","inLanguage":"fr-CA","@id":"https:\/\/secure.gravatar.com\/avatar\/51ef2b7fd759e1eda319a0b899fc49b46a4f7095f3f0a7904b38a4e0dc1aab46?s=96&d=mm&r=g","url":"https:\/\/secure.gravatar.com\/avatar\/51ef2b7fd759e1eda319a0b899fc49b46a4f7095f3f0a7904b38a4e0dc1aab46?s=96&d=mm&r=g","contentUrl":"https:\/\/secure.gravatar.com\/avatar\/51ef2b7fd759e1eda319a0b899fc49b46a4f7095f3f0a7904b38a4e0dc1aab46?s=96&d=mm&r=g","caption":"Molly Boley"},"url":"https:\/\/www.theyouthharbour.org\/fr\/author\/mollyboley\/"}]}},"jetpack_sharing_enabled":true,"jetpack_featured_media_url":"https:\/\/i0.wp.com\/www.theyouthharbour.org\/wp-content\/uploads\/2025\/02\/Guelph-Environmental-Justice-Collective-png.webp?fit=600%2C400&ssl=1","_links":{"self":[{"href":"https:\/\/www.theyouthharbour.org\/fr\/wp-json\/wp\/v2\/posts\/30439","targetHints":{"allow":["GET"]}}],"collection":[{"href":"https:\/\/www.theyouthharbour.org\/fr\/wp-json\/wp\/v2\/posts"}],"about":[{"href":"https:\/\/www.theyouthharbour.org\/fr\/wp-json\/wp\/v2\/types\/post"}],"author":[{"embeddable":true,"href":"https:\/\/www.theyouthharbour.org\/fr\/wp-json\/wp\/v2\/users\/5"}],"replies":[{"embeddable":true,"href":"https:\/\/www.theyouthharbour.org\/fr\/wp-json\/wp\/v2\/comments?post=30439"}],"version-history":[{"count":10,"href":"https:\/\/www.theyouthharbour.org\/fr\/wp-json\/wp\/v2\/posts\/30439\/revisions"}],"predecessor-version":[{"id":31254,"href":"https:\/\/www.theyouthharbour.org\/fr\/wp-json\/wp\/v2\/posts\/30439\/revisions\/31254"}],"wp:featuredmedia":[{"embeddable":true,"href":"https:\/\/www.theyouthharbour.org\/fr\/wp-json\/wp\/v2\/media\/31241"}],"wp:attachment":[{"href":"https:\/\/www.theyouthharbour.org\/fr\/wp-json\/wp\/v2\/media?parent=30439"}],"wp:term":[{"taxonomy":"category","embeddable":true,"href":"https:\/\/www.theyouthharbour.org\/fr\/wp-json\/wp\/v2\/categories?post=30439"},{"taxonomy":"post_tag","embeddable":true,"href":"https:\/\/www.theyouthharbour.org\/fr\/wp-json\/wp\/v2\/tags?post=30439"}],"curies":[{"name":"wp","href":"https:\/\/api.w.org\/{rel}","templated":true}]}}