{"id":31142,"date":"2024-12-20T04:25:00","date_gmt":"2024-12-20T04:25:00","guid":{"rendered":"https:\/\/www.theyouthharbour.org\/?p=31142"},"modified":"2025-02-25T21:11:28","modified_gmt":"2025-02-25T21:11:28","slug":"resisting-the-resource-province-climate-justice-edmontons-fight-for-a-better-alberta","status":"publish","type":"post","link":"https:\/\/www.theyouthharbour.org\/fr\/impact-story\/resisting-the-resource-province-climate-justice-edmontons-fight-for-a-better-alberta\/","title":{"rendered":"R\u00e9sister \u00e0 la province des ressources : la lutte de Climate Justice Edmonton pour une meilleure Alberta"},"content":{"rendered":"<div class=\"et_d4_element et_pb_section et_pb_section_0 et_pb_with_background  et_pb_css_mix_blend_mode et_section_regular et_block_section\" >\n\t\t\t\t\n\t\t\t\t\n\t\t\t\t\n\t\t\t\t\n\t\t\t\t\n\t\t\t\t\n\t\t\t\t<div class=\"et_d4_element et_pb_row et_pb_row_0  et_pb_css_mix_blend_mode et_block_row\">\n\t\t\t\t<div class=\"et_d4_element et_pb_column_4_4 et_pb_column et_pb_column_0  et_pb_css_mix_blend_mode et-last-child et_block_column\">\n\t\t\t\t\n\t\t\t\t\n\t\t\t\t\n\t\t\t\t\n\t\t\t\t<div class=\"et_pb_module et_d4_element et_pb_text et_pb_text_0  et_pb_text_align_left et_pb_bg_layout_light\">\n\t\t\t\t\n\t\t\t\t\n\t\t\t\t\n\t\t\t\t\n\t\t\t\t<div class=\"et_pb_text_inner\"><h6 class=\"p1\"><span style=\"text-decoration: underline;\"><a href=\"https:\/\/happyeconews.com\/resisting-the-resource-province-climate-justice-edmontons-fight-for-a-better-alberta\/\">Merci \u00e0 Happy Eco News d'avoir partag\u00e9 cette histoire sur leur plateforme, cliquez ici pour la lire ainsi que d'autres histoires marquantes.<\/a><\/span><\/h6><\/div>\n\t\t\t<\/div><div class=\"et_pb_module et_d4_element et_pb_text et_pb_text_1  et_pb_text_align_left et_pb_bg_layout_light\">\n\t\t\t\t\n\t\t\t\t\n\t\t\t\t\n\t\t\t\t\n\t\t\t\t<div class=\"et_pb_text_inner\"><p><span style=\"font-weight: 400;\">Climate Justice Edmonton* fait ce qui effraie le plus les gens au pouvoir : se rassembler.<\/span><\/p>\n<p><span style=\"font-weight: 400;\">\u00ab L'Alberta occupe une position unique en tant que province de ressources \u00bb, peut-on lire sur le site Web de CJE, et iles ont tout \u00e0 fait raison : L'Alberta est en t\u00eate du pays pour l'extraction de combustibles fossiles et les \u00e9missions de gaz \u00e0 effet de serre. La province ne repr\u00e9sente que 11,5 % de la population canadienne, mais elle est responsable de 38 % de nos \u00e9missions de gaz \u00e0 effet de serre - produisant plus de 100 m\u00e9gatonnes de plus que la province qui vient en deuxi\u00e8me position, l'Ontario. Elle est \u00e9galement unique en ce sens que parmi les cinq premi\u00e8res provinces \u00e9mettrices de ce que l'on appelle actuellement le Canada, l'Alberta est la seule \u00e0 avoir <\/span><i><span style=\"font-weight: 400;\">augment\u00e9<\/span><\/i><span style=\"font-weight: 400;\"> ses \u00e9missions annuelles depuis 2005, pour atteindre 256,1 m\u00e9gatonnes d'\u00e9quivalent CO<\/span><span style=\"font-weight: 400;\">2<\/span><span style=\"font-weight: 400;\"> 2 \u00e9mises en 2021.<\/span><\/p>\n<p><span style=\"font-weight: 400;\">Climate Justice Edmonton occupe <\/span><i><span style=\"font-weight: 400;\">\u00e9galement<\/span><\/i><span style=\"font-weight: 400;\"> une position unique par rapport aux groupes environnementaux d'autres r\u00e9gions du pays : en tant qu'organisation bas\u00e9e en Alberta, elle se heurte aux pollueurs les plus puissants du pays et fait face \u00e0 une des plus fortes r\u00e9sistances de la part des gouvernements, des entreprises et de ses concitoyens.\u00a0<\/span><\/p>\n<p><span style=\"font-weight: 400;\">Climate Justice Edmonton est une organisation b\u00e9n\u00e9vole de base qui \u0153uvre en faveur de la justice sociale, environnementale et climatique. Son travail soutient la vision d'un avenir qui non seulement nous d\u00e9tache des combustibles fossiles, mais qui d\u00e9mant\u00e8le \u00e9galement les syst\u00e8mes d'oppression tels que le colonialisme, le racisme et le sexisme. Cela signifie \u00e9galement que leur travail couvre non seulement diff\u00e9rentes causes, mais aussi diff\u00e9rents niveaux de gouvernance. Qu'il s'agisse de cibler Trans Mountain, la premi\u00e8re ministre Danielle Smith ou le conseil municipal d'Edmonton, CJE poursuit sans rel\u00e2che sa qu\u00eate d'une meilleure Alberta en prot\u00e9geant ce que - et qui - les gens au pouvoir refusent de prot\u00e9ger.\u00a0<\/span><\/p>\n<p><span style=\"font-weight: 400;\">L'un des plus grands d\u00e9fis au sein du mouvement pour la justice climatique est ce que Juan Vargas Alba, membre de CJE et organisateur des Prairies pour la Climate Emergency Unit, appelle le \u00ab cloisonnement \u00bb - un sentiment partag\u00e9 par de nombreux jeunes organisateurs et organisatrices \u00e0 travers le Canada. Il y a tellement d'activistes et d'organisations qui travaillent sur la justice climatique, et bien que cela soit encourageant, cela s'accompagne de deux probl\u00e8mes principaux. Premi\u00e8rement, les organisations sont souvent en concurrence pour attirer l'attention des politicien.nes, des m\u00e9dias, des donateurs et donatrices, etc. Deuxi\u00e8mement, il est difficile de suivre l'ensemble du travail accompli, ce qui fait manquer des occasions de collaboration et d'assistance.<\/span><\/p>\n<p><span style=\"font-weight: 400;\">C'est l\u00e0 qu'intervient le Climate Camp.<\/span><\/p><\/div>\n\t\t\t<\/div><div class=\"et_pb_module et_d4_element et_pb_image et_pb_image_0\">\n\t\t\t\t\n\t\t\t\t\n\t\t\t\t\n\t\t\t\t\n\t\t\t\t<span class=\"et_pb_image_wrap\"><img data-recalc-dims=\"1\" loading=\"lazy\" decoding=\"async\" width=\"1080\" height=\"721\" src=\"https:\/\/i0.wp.com\/www.theyouthharbour.org\/wp-content\/uploads\/2024\/12\/IMG_6341.webp?resize=1080%2C721&#038;ssl=1\" alt=\"\" title=\"IMG_6341\" srcset=\"https:\/\/i0.wp.com\/www.theyouthharbour.org\/wp-content\/uploads\/2024\/12\/IMG_6341.webp?w=1728&ssl=1 1728w, https:\/\/i0.wp.com\/www.theyouthharbour.org\/wp-content\/uploads\/2024\/12\/IMG_6341.webp?resize=300%2C200&ssl=1 300w, https:\/\/i0.wp.com\/www.theyouthharbour.org\/wp-content\/uploads\/2024\/12\/IMG_6341.webp?resize=1024%2C684&ssl=1 1024w, https:\/\/i0.wp.com\/www.theyouthharbour.org\/wp-content\/uploads\/2024\/12\/IMG_6341.webp?resize=768%2C513&ssl=1 768w, https:\/\/i0.wp.com\/www.theyouthharbour.org\/wp-content\/uploads\/2024\/12\/IMG_6341.webp?resize=1536%2C1026&ssl=1 1536w, https:\/\/i0.wp.com\/www.theyouthharbour.org\/wp-content\/uploads\/2024\/12\/IMG_6341.webp?resize=18%2C12&ssl=1 18w, https:\/\/i0.wp.com\/www.theyouthharbour.org\/wp-content\/uploads\/2024\/12\/IMG_6341.webp?resize=1080%2C721&ssl=1 1080w, https:\/\/i0.wp.com\/www.theyouthharbour.org\/wp-content\/uploads\/2024\/12\/IMG_6341.webp?resize=1280%2C855&ssl=1 1280w, https:\/\/i0.wp.com\/www.theyouthharbour.org\/wp-content\/uploads\/2024\/12\/IMG_6341.webp?resize=980%2C654&ssl=1 980w, https:\/\/i0.wp.com\/www.theyouthharbour.org\/wp-content\/uploads\/2024\/12\/IMG_6341.webp?resize=480%2C321&ssl=1 480w\" sizes=\"(max-width: 1080px) 100vw, 1080px\" class=\"wp-image-31146\" \/><\/span>\n\t\t\t<\/div><div class=\"et_pb_module et_d4_element et_pb_text et_pb_text_2  et_pb_text_align_left et_pb_bg_layout_light\">\n\t\t\t\t\n\t\t\t\t\n\t\t\t\t\n\t\t\t\t\n\t\t\t\t<div class=\"et_pb_text_inner\"><p><span style=\"font-weight: 400;\">Gr\u00e2ce au financement de la <\/span><a href=\"https:\/\/www.theyouthharbour.org\/fr\/assembly-grants\/\"><span style=\"font-weight: 400;\">Havre jeunesse par la Bourse d\u2019Assembl\u00e9e<\/span><\/a><span style=\"font-weight: 400;\">Climate Justice Edmonton et la Climate Emergency Unit se sont r\u00e9uni.es pour cr\u00e9er le premier Climate Camp, un rassemblement de trois jours destin\u00e9 aux organisateurs et organisatrices chevronn\u00e9.es de la justice climatique et aux personnes qui commencent leur parcours d'activiste. 100 personnes de toute l'Alberta ont particip\u00e9 \u00e0 l'\u00e9v\u00e9nement, qui s'est d\u00e9roul\u00e9 en octobre 2023. Bien que le Camp se soit principalement concentr\u00e9 sur des ateliers d'acquisition de comp\u00e9tences (comme Climate Justice 101, Art as Activism et Non-Violent Direct Action), il s'agissait \u00e9galement d'une fin de semaine de cr\u00e9ation de liens.\u00a0<\/span><\/p>\n<p><span style=\"font-weight: 400;\">De nouveaux activistes ont trouv\u00e9 des moyens de se joindre au mouvement, le CJE ayant vu le nombre de ses membres augmenter, mais l'\u00e9v\u00e9nement a \u00e9galement permis d'\u00e9tablir un r\u00e9seau provincial d'activistes climatiques et d'organisations environnementales. Les participant.es ne venaient pas seulement d'Edmonton et de Calgary, mais aussi de communaut\u00e9s rurales comme Provost et Rocky Mountain House. C'est pourquoi des \u00e9v\u00e9nements comme le Climate Camp sont si importants pour cr\u00e9er un mouvement qui repr\u00e9sente et d\u00e9fend les int\u00e9r\u00eats des habitant.es de l'ensemble de la province.<\/span><\/p>\n<p><span style=\"font-weight: 400;\">Pour encourager la participation des populations rurales, Climate Camp a \u00e9galement aid\u00e9 \u00e0 surmonter les obstacles financiers li\u00e9s aux frais de d\u00e9placement et d'h\u00e9bergement - et ce n'est que le d\u00e9but de la fa\u00e7on dont ils ont rendu leur \u00e9v\u00e9nement accessible. Climate Camp a veill\u00e9 \u00e0 ce que chaque pi\u00e8ce soit \u00e9quip\u00e9e d'un filtre \u00e0 air et a fourni \u00e0 tous les participants des masques et des kits de d\u00e9pistage rapide COVID-19 pour assurer la s\u00e9curit\u00e9 de la communaut\u00e9. Iels \u00e9taient \u00e9galement pr\u00eats \u00e0 offrir des services d'interpr\u00e9tation en ASL et de garde d'enfants, et bien qu'aucun participant.e n'ait finalement utilis\u00e9 l'un ou l'autre de ces services, le fait qu'ils aient \u00e9t\u00e9 disponibles montre comment le CJE remet en question la fa\u00e7on dont les structures de pouvoir actuelles abordent le changement climatique.<\/span><\/p>\n<p><span style=\"font-weight: 400;\">Pensez-y de cette fa\u00e7on : une organisation b\u00e9n\u00e9vole avec des ressources limit\u00e9es a rendu son \u00e9v\u00e9nement s\u00fbr et inclusif, sans excuses. CJE ne se contente pas de lutter pour des <\/span><i><span style=\"font-weight: 400;\">r\u00e9sultats<\/span><\/i><span style=\"font-weight: 400;\">fond\u00e9s sur la justice, iel travaille \u00e9galement avec la justice, l'accessibilit\u00e9 et l'\u00e9quit\u00e9 au centre de son organisation. Dans sa vision de l'avenir, les moyens ne justifient pas les fins - les moyens <\/span><i><span style=\"font-weight: 400;\">illustrent<\/span><\/i><span style=\"font-weight: 400;\"> les fins. \u00c0 l'inverse, nous entendons souvent parler des obstacles \u00e0 l'accessibilit\u00e9 d'un \u00e9v\u00e9nement ou d'un lieu : c'est trop cher, ce n'est pas pratique, tr\u00e8s peu de personnes en b\u00e9n\u00e9ficieront, etc. Ce type de raisonnement donne la priorit\u00e9 \u00e0 la commodit\u00e9 et \u00e0 la maximisation des profits plut\u00f4t qu'aux \u00eatres vivant.es, et c'est exactement ce qui a engendr\u00e9 le capitalisme du d\u00e9sastre et la crise climatique. Lorsqu'iels sont confront\u00e9.es \u00e0 des solutions aux probl\u00e8mes climatiques critiques, les pouvoirs en place refusent de changer d'approche. Iels continuent de financer l'extraction des combustibles fossiles tout en pr\u00e9tendant qu'il n'est pas pratique d'investir dans les \u00e9nergies renouvelables. Iels construisent davantage de voies sur les autoroutes tout en n\u00e9gligeant les transports publics. Iels construisent des pipelines sur des terres autochtones non c\u00e9d\u00e9es tout en affirmant qu'iel est trop co\u00fbteux de rechercher des tombes anonymes sur les sites des anciens pensionnats.\u00a0<\/span>\u00a0<\/p>\n<p><span style=\"font-weight: 400;\">Climate Justice Edmonton s'oppose \u00e0 ces hypocrisies en incarnant ce que signifie travailler pour <\/span><i><span style=\"font-weight: 400;\">la justice<\/span><\/i><span style=\"font-weight: 400;\"> climatique. Sa mission ne s'applique pas seulement \u00e0 ses objectifs pour l'avenir, mais \u00e0 chaque \u00e9tape du processus.\u00a0<\/span><\/p>\n<p><span style=\"font-weight: 400;\">On peut dire sans risque de se tromper que Climate Justice Edmonton a le vent en poupe. Avec le Climate Camp 2023 derri\u00e8re eux, iels soutiennent actuellement une campagne pour un Climate Corps \u00e0 l'\u00e9chelle nationale, qui fournirait des emplois verts aux jeunes \u00e0 travers le pays. Iels ont r\u00e9cemment ouvert un bureau \u00e0 Edmonton o\u00f9 les gens peuvent se r\u00e9unir et travailler \u00e0 un avenir meilleur. Alors que la neige est encore au sol, ils s'organisent d\u00e9j\u00e0 pour prot\u00e9ger les habitants d'Edmonton de ce qui sera probablement un autre \u00e9t\u00e9 chaud et enfum\u00e9.<\/span>\u00a0<\/p>\n<p><span style=\"font-weight: 400;\">Le CJE fait des vagues dans toute la province en augmentant sa capacit\u00e9, ses relations et ses campagnes. Les gens interviennent l\u00e0 o\u00f9 leur gouvernement a \u00e9chou\u00e9, et Climate Justice Edmonton m\u00e8ne le rallye vers notre avenir collectif.<\/span><\/p>\n<p>&nbsp;<\/p>\n<p><em><span style=\"font-weight: 400;\">*Edmonton est situ\u00e9e dans le territoire du Trait\u00e9 6 et dans les terres natales m\u00e9tis et la Nation m\u00e9tisse de la r\u00e9gion 4 de l'Alberta. Cette r\u00e9gion comprend les territoires traditionnels de nombreuses Premi\u00e8res nations telles que les Nehiyaw (Cris), les Denesuil\u00e9 (D\u00e9n\u00e9s), les Nakota Sioux (Stoney), les Anishinaabe (Saulteaux) et les Niitsitapi (Pieds-Noirs).<\/span><\/em><\/p>\n<p><span style=\"font-weight: 400;\"><\/span><\/p>\n<p><strong>1 \u00a0Greenhouse Gas Emissions: Canadian Environmental Sustainability Indicators, Environment and Climate Change Canada (2023): https:\/\/www.canada.ca\/en\/environment-climate-change\/services\/environmental-indicators\/greenhouse-gas-emissions.html<\/strong><span style=\"font-weight: 400;\"><\/span><\/p><\/div>\n\t\t\t<\/div><div class=\"et_pb_module et_d4_element et_pb_image et_pb_image_1\">\n\t\t\t\t\n\t\t\t\t\n\t\t\t\t\n\t\t\t\t\n\t\t\t\t<span class=\"et_pb_image_wrap\"><img data-recalc-dims=\"1\" loading=\"lazy\" decoding=\"async\" width=\"1080\" height=\"820\" src=\"https:\/\/i0.wp.com\/www.theyouthharbour.org\/wp-content\/uploads\/2024\/12\/IMG_6432.webp?resize=1080%2C820&#038;ssl=1\" alt=\"\" title=\"IMG_6432\" srcset=\"https:\/\/i0.wp.com\/www.theyouthharbour.org\/wp-content\/uploads\/2024\/12\/IMG_6432.webp?w=1728&ssl=1 1728w, https:\/\/i0.wp.com\/www.theyouthharbour.org\/wp-content\/uploads\/2024\/12\/IMG_6432.webp?resize=300%2C228&ssl=1 300w, https:\/\/i0.wp.com\/www.theyouthharbour.org\/wp-content\/uploads\/2024\/12\/IMG_6432.webp?resize=1024%2C777&ssl=1 1024w, https:\/\/i0.wp.com\/www.theyouthharbour.org\/wp-content\/uploads\/2024\/12\/IMG_6432.webp?resize=768%2C583&ssl=1 768w, https:\/\/i0.wp.com\/www.theyouthharbour.org\/wp-content\/uploads\/2024\/12\/IMG_6432.webp?resize=1536%2C1166&ssl=1 1536w, https:\/\/i0.wp.com\/www.theyouthharbour.org\/wp-content\/uploads\/2024\/12\/IMG_6432.webp?resize=16%2C12&ssl=1 16w, https:\/\/i0.wp.com\/www.theyouthharbour.org\/wp-content\/uploads\/2024\/12\/IMG_6432.webp?resize=1080%2C820&ssl=1 1080w, https:\/\/i0.wp.com\/www.theyouthharbour.org\/wp-content\/uploads\/2024\/12\/IMG_6432.webp?resize=1280%2C972&ssl=1 1280w, https:\/\/i0.wp.com\/www.theyouthharbour.org\/wp-content\/uploads\/2024\/12\/IMG_6432.webp?resize=980%2C744&ssl=1 980w, https:\/\/i0.wp.com\/www.theyouthharbour.org\/wp-content\/uploads\/2024\/12\/IMG_6432.webp?resize=480%2C364&ssl=1 480w\" sizes=\"(max-width: 1080px) 100vw, 1080px\" class=\"wp-image-31148\" \/><\/span>\n\t\t\t<\/div>\n\t\t\t<\/div>\n\t\t\t\t\n\t\t\t\t\n\t\t\t\t\n\t\t\t\t\n\t\t\t<\/div>\n\t\t\t\t\n\t\t\t\t\n\t\t\t<\/div>","protected":false},"excerpt":{"rendered":"","protected":false},"author":5,"featured_media":31144,"comment_status":"open","ping_status":"open","sticky":false,"template":"our-updates","format":"standard","meta":{"_acf_changed":false,"nf_dc_page":"","_et_pb_use_builder":"on","_et_pb_old_content":"<!-- wp:paragraph -->\n<p class=\"\">In September, FES was at New York Climate Week. The first of three blog posts sharing Kat\u2019s (Executive Director) and Jess\u2019 (Program Director) experience and reflections at the People\u2019s March, and what it was like being with over 75,000 people on the ground, advocating for climate action.<\/p>\n<!-- \/wp:paragraph -->\n\n<!-- wp:paragraph -->\n<p class=\"\"><\/p>\n<!-- \/wp:paragraph -->\n\n<!-- wp:paragraph -->\n<p class=\"\"><\/p>\n<!-- \/wp:paragraph -->","_et_gb_content_width":"","_jetpack_newsletter_access":"","_jetpack_dont_email_post_to_subs":false,"_jetpack_newsletter_tier_id":0,"_jetpack_memberships_contains_paywalled_content":false,"_jetpack_feature_clip_id":0,"_jetpack_memberships_contains_paid_content":false,"footnotes":"","jetpack_post_was_ever_published":false},"categories":[104],"tags":[],"class_list":["post-31142","post","type-post","status-publish","format-standard","has-post-thumbnail","hentry","category-impact-story"],"acf":[],"yoast_head":"<!-- This site is optimized with the Yoast SEO plugin v28.4 - https:\/\/yoast.com\/product\/yoast-seo-wordpress\/ -->\n<title>Resisting the Resource Province: Climate Justice Edmonton\u2019s Fight for a Better Alberta - The Youth Harbour<\/title>\n<meta name=\"robots\" content=\"index, follow, max-snippet:-1, max-image-preview:large, max-video-preview:-1\" \/>\n<link rel=\"canonical\" href=\"https:\/\/www.theyouthharbour.org\/fr\/impact-story\/resisting-the-resource-province-climate-justice-edmontons-fight-for-a-better-alberta\/\" \/>\n<meta property=\"og:locale\" content=\"fr_CA\" \/>\n<meta property=\"og:type\" content=\"article\" \/>\n<meta property=\"og:title\" content=\"Resisting the Resource Province: Climate Justice Edmonton\u2019s Fight for a Better Alberta - The Youth Harbour\" \/>\n<meta property=\"og:url\" content=\"https:\/\/www.theyouthharbour.org\/fr\/impact-story\/resisting-the-resource-province-climate-justice-edmontons-fight-for-a-better-alberta\/\" \/>\n<meta property=\"og:site_name\" content=\"The Youth Harbour\" \/>\n<meta property=\"article:published_time\" content=\"2024-12-20T04:25:00+00:00\" \/>\n<meta property=\"article:modified_time\" content=\"2025-02-25T21:11:28+00:00\" \/>\n<meta property=\"og:image\" content=\"https:\/\/www.theyouthharbour.org\/wp-content\/uploads\/2024\/12\/IMG_6485-scaled.webp?_t=1782937112\" \/>\n\t<meta property=\"og:image:width\" content=\"2560\" \/>\n\t<meta property=\"og:image:height\" content=\"1707\" \/>\n\t<meta property=\"og:image:type\" content=\"image\/jpeg\" \/>\n<meta name=\"author\" content=\"Molly Boley\" \/>\n<meta name=\"twitter:card\" content=\"summary_large_image\" \/>\n<meta name=\"twitter:label1\" content=\"\u00c9crit par\" \/>\n\t<meta name=\"twitter:data1\" content=\"Molly Boley\" \/>\n\t<meta name=\"twitter:label2\" content=\"Estimation du temps de lecture\" \/>\n\t<meta name=\"twitter:data2\" content=\"6 minutes\" \/>\n<script type=\"application\/ld+json\" class=\"yoast-schema-graph\">{\"@context\":\"https:\\\/\\\/schema.org\",\"@graph\":[{\"@type\":\"Article\",\"@id\":\"https:\\\/\\\/www.theyouthharbour.org\\\/impact-story\\\/resisting-the-resource-province-climate-justice-edmontons-fight-for-a-better-alberta\\\/#article\",\"isPartOf\":{\"@id\":\"https:\\\/\\\/www.theyouthharbour.org\\\/impact-story\\\/resisting-the-resource-province-climate-justice-edmontons-fight-for-a-better-alberta\\\/\"},\"author\":{\"name\":\"Molly Boley\",\"@id\":\"https:\\\/\\\/www.theyouthharbour.org\\\/#\\\/schema\\\/person\\\/39edf5642df85c63e5f1bf4f0a8e7aa8\"},\"headline\":\"Resisting the Resource Province: Climate Justice Edmonton\u2019s Fight for a Better Alberta\",\"datePublished\":\"2024-12-20T04:25:00+00:00\",\"dateModified\":\"2025-02-25T21:11:28+00:00\",\"mainEntityOfPage\":{\"@id\":\"https:\\\/\\\/www.theyouthharbour.org\\\/impact-story\\\/resisting-the-resource-province-climate-justice-edmontons-fight-for-a-better-alberta\\\/\"},\"wordCount\":1352,\"commentCount\":0,\"image\":{\"@id\":\"https:\\\/\\\/www.theyouthharbour.org\\\/impact-story\\\/resisting-the-resource-province-climate-justice-edmontons-fight-for-a-better-alberta\\\/#primaryimage\"},\"thumbnailUrl\":\"https:\\\/\\\/i0.wp.com\\\/www.theyouthharbour.org\\\/wp-content\\\/uploads\\\/2024\\\/12\\\/IMG_6485-scaled.webp?fit=2560%2C1707&ssl=1\",\"articleSection\":[\"Impact Story\"],\"inLanguage\":\"fr-CA\",\"potentialAction\":[{\"@type\":\"CommentAction\",\"name\":\"Comment\",\"target\":[\"https:\\\/\\\/www.theyouthharbour.org\\\/impact-story\\\/resisting-the-resource-province-climate-justice-edmontons-fight-for-a-better-alberta\\\/#respond\"]}]},{\"@type\":\"WebPage\",\"@id\":\"https:\\\/\\\/www.theyouthharbour.org\\\/impact-story\\\/resisting-the-resource-province-climate-justice-edmontons-fight-for-a-better-alberta\\\/\",\"url\":\"https:\\\/\\\/www.theyouthharbour.org\\\/impact-story\\\/resisting-the-resource-province-climate-justice-edmontons-fight-for-a-better-alberta\\\/\",\"name\":\"Resisting the Resource Province: Climate Justice Edmonton\u2019s Fight for a Better Alberta - The Youth Harbour\",\"isPartOf\":{\"@id\":\"https:\\\/\\\/www.theyouthharbour.org\\\/#website\"},\"primaryImageOfPage\":{\"@id\":\"https:\\\/\\\/www.theyouthharbour.org\\\/impact-story\\\/resisting-the-resource-province-climate-justice-edmontons-fight-for-a-better-alberta\\\/#primaryimage\"},\"image\":{\"@id\":\"https:\\\/\\\/www.theyouthharbour.org\\\/impact-story\\\/resisting-the-resource-province-climate-justice-edmontons-fight-for-a-better-alberta\\\/#primaryimage\"},\"thumbnailUrl\":\"https:\\\/\\\/i0.wp.com\\\/www.theyouthharbour.org\\\/wp-content\\\/uploads\\\/2024\\\/12\\\/IMG_6485-scaled.webp?fit=2560%2C1707&ssl=1\",\"datePublished\":\"2024-12-20T04:25:00+00:00\",\"dateModified\":\"2025-02-25T21:11:28+00:00\",\"author\":{\"@id\":\"https:\\\/\\\/www.theyouthharbour.org\\\/#\\\/schema\\\/person\\\/39edf5642df85c63e5f1bf4f0a8e7aa8\"},\"breadcrumb\":{\"@id\":\"https:\\\/\\\/www.theyouthharbour.org\\\/impact-story\\\/resisting-the-resource-province-climate-justice-edmontons-fight-for-a-better-alberta\\\/#breadcrumb\"},\"inLanguage\":\"fr-CA\",\"potentialAction\":[{\"@type\":\"ReadAction\",\"target\":[\"https:\\\/\\\/www.theyouthharbour.org\\\/impact-story\\\/resisting-the-resource-province-climate-justice-edmontons-fight-for-a-better-alberta\\\/\"]}]},{\"@type\":\"ImageObject\",\"inLanguage\":\"fr-CA\",\"@id\":\"https:\\\/\\\/www.theyouthharbour.org\\\/impact-story\\\/resisting-the-resource-province-climate-justice-edmontons-fight-for-a-better-alberta\\\/#primaryimage\",\"url\":\"https:\\\/\\\/i0.wp.com\\\/www.theyouthharbour.org\\\/wp-content\\\/uploads\\\/2024\\\/12\\\/IMG_6485-scaled.webp?fit=2560%2C1707&ssl=1\",\"contentUrl\":\"https:\\\/\\\/i0.wp.com\\\/www.theyouthharbour.org\\\/wp-content\\\/uploads\\\/2024\\\/12\\\/IMG_6485-scaled.webp?fit=2560%2C1707&ssl=1\",\"width\":2560,\"height\":1707},{\"@type\":\"BreadcrumbList\",\"@id\":\"https:\\\/\\\/www.theyouthharbour.org\\\/impact-story\\\/resisting-the-resource-province-climate-justice-edmontons-fight-for-a-better-alberta\\\/#breadcrumb\",\"itemListElement\":[{\"@type\":\"ListItem\",\"position\":1,\"name\":\"Home\",\"item\":\"https:\\\/\\\/www.theyouthharbour.org\\\/\"},{\"@type\":\"ListItem\",\"position\":2,\"name\":\"Resisting the Resource Province: Climate Justice Edmonton\u2019s Fight for a Better Alberta\"}]},{\"@type\":\"WebSite\",\"@id\":\"https:\\\/\\\/www.theyouthharbour.org\\\/#website\",\"url\":\"https:\\\/\\\/www.theyouthharbour.org\\\/\",\"name\":\"The Youth Harbour\",\"description\":\"Youth-for-youth climate support system.\",\"potentialAction\":[{\"@type\":\"SearchAction\",\"target\":{\"@type\":\"EntryPoint\",\"urlTemplate\":\"https:\\\/\\\/www.theyouthharbour.org\\\/?s={search_term_string}\"},\"query-input\":{\"@type\":\"PropertyValueSpecification\",\"valueRequired\":true,\"valueName\":\"search_term_string\"}}],\"inLanguage\":\"fr-CA\"},{\"@type\":\"Person\",\"@id\":\"https:\\\/\\\/www.theyouthharbour.org\\\/#\\\/schema\\\/person\\\/39edf5642df85c63e5f1bf4f0a8e7aa8\",\"name\":\"Molly Boley\",\"image\":{\"@type\":\"ImageObject\",\"inLanguage\":\"fr-CA\",\"@id\":\"https:\\\/\\\/secure.gravatar.com\\\/avatar\\\/51ef2b7fd759e1eda319a0b899fc49b46a4f7095f3f0a7904b38a4e0dc1aab46?s=96&d=mm&r=g\",\"url\":\"https:\\\/\\\/secure.gravatar.com\\\/avatar\\\/51ef2b7fd759e1eda319a0b899fc49b46a4f7095f3f0a7904b38a4e0dc1aab46?s=96&d=mm&r=g\",\"contentUrl\":\"https:\\\/\\\/secure.gravatar.com\\\/avatar\\\/51ef2b7fd759e1eda319a0b899fc49b46a4f7095f3f0a7904b38a4e0dc1aab46?s=96&d=mm&r=g\",\"caption\":\"Molly Boley\"},\"url\":\"https:\\\/\\\/www.theyouthharbour.org\\\/fr\\\/author\\\/mollyboley\\\/\"}]}<\/script>\n<!-- \/ Yoast SEO plugin. -->","yoast_head_json":{"title":"Resisting the Resource Province: Climate Justice Edmonton\u2019s Fight for a Better Alberta - The Youth Harbour","robots":{"index":"index","follow":"follow","max-snippet":"max-snippet:-1","max-image-preview":"max-image-preview:large","max-video-preview":"max-video-preview:-1"},"canonical":"https:\/\/www.theyouthharbour.org\/fr\/impact-story\/resisting-the-resource-province-climate-justice-edmontons-fight-for-a-better-alberta\/","og_locale":"fr_CA","og_type":"article","og_title":"Resisting the Resource Province: Climate Justice Edmonton\u2019s Fight for a Better Alberta - The Youth Harbour","og_url":"https:\/\/www.theyouthharbour.org\/fr\/impact-story\/resisting-the-resource-province-climate-justice-edmontons-fight-for-a-better-alberta\/","og_site_name":"The Youth Harbour","article_published_time":"2024-12-20T04:25:00+00:00","article_modified_time":"2025-02-25T21:11:28+00:00","og_image":[{"width":2560,"height":1707,"url":"https:\/\/www.theyouthharbour.org\/wp-content\/uploads\/2024\/12\/IMG_6485-scaled.webp?_t=1782937112","type":"image\/jpeg"}],"author":"Molly Boley","twitter_card":"summary_large_image","twitter_misc":{"\u00c9crit par":"Molly Boley","Estimation du temps de lecture":"6 minutes"},"schema":{"@context":"https:\/\/schema.org","@graph":[{"@type":"Article","@id":"https:\/\/www.theyouthharbour.org\/impact-story\/resisting-the-resource-province-climate-justice-edmontons-fight-for-a-better-alberta\/#article","isPartOf":{"@id":"https:\/\/www.theyouthharbour.org\/impact-story\/resisting-the-resource-province-climate-justice-edmontons-fight-for-a-better-alberta\/"},"author":{"name":"Molly Boley","@id":"https:\/\/www.theyouthharbour.org\/#\/schema\/person\/39edf5642df85c63e5f1bf4f0a8e7aa8"},"headline":"Resisting the Resource Province: Climate Justice Edmonton\u2019s Fight for a Better Alberta","datePublished":"2024-12-20T04:25:00+00:00","dateModified":"2025-02-25T21:11:28+00:00","mainEntityOfPage":{"@id":"https:\/\/www.theyouthharbour.org\/impact-story\/resisting-the-resource-province-climate-justice-edmontons-fight-for-a-better-alberta\/"},"wordCount":1352,"commentCount":0,"image":{"@id":"https:\/\/www.theyouthharbour.org\/impact-story\/resisting-the-resource-province-climate-justice-edmontons-fight-for-a-better-alberta\/#primaryimage"},"thumbnailUrl":"https:\/\/i0.wp.com\/www.theyouthharbour.org\/wp-content\/uploads\/2024\/12\/IMG_6485-scaled.webp?fit=2560%2C1707&ssl=1","articleSection":["Impact Story"],"inLanguage":"fr-CA","potentialAction":[{"@type":"CommentAction","name":"Comment","target":["https:\/\/www.theyouthharbour.org\/impact-story\/resisting-the-resource-province-climate-justice-edmontons-fight-for-a-better-alberta\/#respond"]}]},{"@type":"WebPage","@id":"https:\/\/www.theyouthharbour.org\/impact-story\/resisting-the-resource-province-climate-justice-edmontons-fight-for-a-better-alberta\/","url":"https:\/\/www.theyouthharbour.org\/impact-story\/resisting-the-resource-province-climate-justice-edmontons-fight-for-a-better-alberta\/","name":"Resisting the Resource Province: Climate Justice Edmonton\u2019s Fight for a Better Alberta - The Youth Harbour","isPartOf":{"@id":"https:\/\/www.theyouthharbour.org\/#website"},"primaryImageOfPage":{"@id":"https:\/\/www.theyouthharbour.org\/impact-story\/resisting-the-resource-province-climate-justice-edmontons-fight-for-a-better-alberta\/#primaryimage"},"image":{"@id":"https:\/\/www.theyouthharbour.org\/impact-story\/resisting-the-resource-province-climate-justice-edmontons-fight-for-a-better-alberta\/#primaryimage"},"thumbnailUrl":"https:\/\/i0.wp.com\/www.theyouthharbour.org\/wp-content\/uploads\/2024\/12\/IMG_6485-scaled.webp?fit=2560%2C1707&ssl=1","datePublished":"2024-12-20T04:25:00+00:00","dateModified":"2025-02-25T21:11:28+00:00","author":{"@id":"https:\/\/www.theyouthharbour.org\/#\/schema\/person\/39edf5642df85c63e5f1bf4f0a8e7aa8"},"breadcrumb":{"@id":"https:\/\/www.theyouthharbour.org\/impact-story\/resisting-the-resource-province-climate-justice-edmontons-fight-for-a-better-alberta\/#breadcrumb"},"inLanguage":"fr-CA","potentialAction":[{"@type":"ReadAction","target":["https:\/\/www.theyouthharbour.org\/impact-story\/resisting-the-resource-province-climate-justice-edmontons-fight-for-a-better-alberta\/"]}]},{"@type":"ImageObject","inLanguage":"fr-CA","@id":"https:\/\/www.theyouthharbour.org\/impact-story\/resisting-the-resource-province-climate-justice-edmontons-fight-for-a-better-alberta\/#primaryimage","url":"https:\/\/i0.wp.com\/www.theyouthharbour.org\/wp-content\/uploads\/2024\/12\/IMG_6485-scaled.webp?fit=2560%2C1707&ssl=1","contentUrl":"https:\/\/i0.wp.com\/www.theyouthharbour.org\/wp-content\/uploads\/2024\/12\/IMG_6485-scaled.webp?fit=2560%2C1707&ssl=1","width":2560,"height":1707},{"@type":"BreadcrumbList","@id":"https:\/\/www.theyouthharbour.org\/impact-story\/resisting-the-resource-province-climate-justice-edmontons-fight-for-a-better-alberta\/#breadcrumb","itemListElement":[{"@type":"ListItem","position":1,"name":"Home","item":"https:\/\/www.theyouthharbour.org\/"},{"@type":"ListItem","position":2,"name":"Resisting the Resource Province: Climate Justice Edmonton\u2019s Fight for a Better Alberta"}]},{"@type":"WebSite","@id":"https:\/\/www.theyouthharbour.org\/#website","url":"https:\/\/www.theyouthharbour.org\/","name":"Le Havre jeunesse","description":"Youth-for-youth climate support system.","potentialAction":[{"@type":"SearchAction","target":{"@type":"EntryPoint","urlTemplate":"https:\/\/www.theyouthharbour.org\/?s={search_term_string}"},"query-input":{"@type":"PropertyValueSpecification","valueRequired":true,"valueName":"search_term_string"}}],"inLanguage":"fr-CA"},{"@type":"Person","@id":"https:\/\/www.theyouthharbour.org\/#\/schema\/person\/39edf5642df85c63e5f1bf4f0a8e7aa8","name":"Molly Boley","image":{"@type":"ImageObject","inLanguage":"fr-CA","@id":"https:\/\/secure.gravatar.com\/avatar\/51ef2b7fd759e1eda319a0b899fc49b46a4f7095f3f0a7904b38a4e0dc1aab46?s=96&d=mm&r=g","url":"https:\/\/secure.gravatar.com\/avatar\/51ef2b7fd759e1eda319a0b899fc49b46a4f7095f3f0a7904b38a4e0dc1aab46?s=96&d=mm&r=g","contentUrl":"https:\/\/secure.gravatar.com\/avatar\/51ef2b7fd759e1eda319a0b899fc49b46a4f7095f3f0a7904b38a4e0dc1aab46?s=96&d=mm&r=g","caption":"Molly Boley"},"url":"https:\/\/www.theyouthharbour.org\/fr\/author\/mollyboley\/"}]}},"jetpack_sharing_enabled":true,"jetpack_featured_media_url":"https:\/\/i0.wp.com\/www.theyouthharbour.org\/wp-content\/uploads\/2024\/12\/IMG_6485-scaled.webp?fit=2560%2C1707&ssl=1","_links":{"self":[{"href":"https:\/\/www.theyouthharbour.org\/fr\/wp-json\/wp\/v2\/posts\/31142","targetHints":{"allow":["GET"]}}],"collection":[{"href":"https:\/\/www.theyouthharbour.org\/fr\/wp-json\/wp\/v2\/posts"}],"about":[{"href":"https:\/\/www.theyouthharbour.org\/fr\/wp-json\/wp\/v2\/types\/post"}],"author":[{"embeddable":true,"href":"https:\/\/www.theyouthharbour.org\/fr\/wp-json\/wp\/v2\/users\/5"}],"replies":[{"embeddable":true,"href":"https:\/\/www.theyouthharbour.org\/fr\/wp-json\/wp\/v2\/comments?post=31142"}],"version-history":[{"count":5,"href":"https:\/\/www.theyouthharbour.org\/fr\/wp-json\/wp\/v2\/posts\/31142\/revisions"}],"predecessor-version":[{"id":31152,"href":"https:\/\/www.theyouthharbour.org\/fr\/wp-json\/wp\/v2\/posts\/31142\/revisions\/31152"}],"wp:featuredmedia":[{"embeddable":true,"href":"https:\/\/www.theyouthharbour.org\/fr\/wp-json\/wp\/v2\/media\/31144"}],"wp:attachment":[{"href":"https:\/\/www.theyouthharbour.org\/fr\/wp-json\/wp\/v2\/media?parent=31142"}],"wp:term":[{"taxonomy":"category","embeddable":true,"href":"https:\/\/www.theyouthharbour.org\/fr\/wp-json\/wp\/v2\/categories?post=31142"},{"taxonomy":"post_tag","embeddable":true,"href":"https:\/\/www.theyouthharbour.org\/fr\/wp-json\/wp\/v2\/tags?post=31142"}],"curies":[{"name":"wp","href":"https:\/\/api.w.org\/{rel}","templated":true}]}}