{"id":32213,"date":"2026-04-27T17:36:23","date_gmt":"2026-04-27T17:36:23","guid":{"rendered":"https:\/\/www.theyouthharbour.org\/?p=32213"},"modified":"2026-05-05T17:33:47","modified_gmt":"2026-05-05T17:33:47","slug":"from-academia-to-action-alejandros-path-to-climate-adaptation","status":"publish","type":"post","link":"https:\/\/www.theyouthharbour.org\/fr\/impact-story\/from-academia-to-action-alejandros-path-to-climate-adaptation\/","title":{"rendered":"Du monde universitaire \u00e0 l'action : le parcours d'Alejandro vers l'adaptation au changement climatique"},"content":{"rendered":"<div class=\"et_d4_element et_pb_section et_pb_section_0 et_pb_with_background  et_pb_css_mix_blend_mode et_section_regular et_block_section\" >\n\t\t\t\t\n\t\t\t\t\n\t\t\t\t\n\t\t\t\t\n\t\t\t\t\n\t\t\t\t\n\t\t\t\t<div class=\"et_d4_element et_pb_row et_pb_row_0  et_pb_css_mix_blend_mode et_block_row\">\n\t\t\t\t<div class=\"et_d4_element et_pb_column_4_4 et_pb_column et_pb_column_0  et_pb_css_mix_blend_mode et-last-child et_block_column\">\n\t\t\t\t\n\t\t\t\t\n\t\t\t\t\n\t\t\t\t\n\t\t\t\t<div class=\"et_pb_module et_d4_element et_pb_text et_pb_text_0  et_pb_text_align_left et_pb_bg_layout_light\">\n\t\t\t\t\n\t\t\t\t\n\t\t\t\t\n\t\t\t\t\n\t\t\t\t<div class=\"et_pb_text_inner\"><table>\n<tbody>\n<tr>\n<td colspan=\"4\">\n<p><span style=\"font-weight: 400;\">Le parcours d'Alejandro avec  FES a commenc\u00e9 par une \u00e9tincelle de curiosit\u00e9. Alors qu'il cherchait des moyens de concr\u00e9tiser ses id\u00e9es, il est tomb\u00e9 sur le programme <\/span><a href=\"https:\/\/www.theyouthharbour.org\/fr\/access-grants\/\"><span style=\"font-weight: 400;\"><span style=\"text-decoration: underline;\">Bourses d\u2019Acc\u00e8s<\/span><\/span><\/a><span style=\"font-weight: 400;\">du Havre Jeunesse, une initiative de FES qui aide les jeunes issus de groupes m\u00e9ritant l'\u00e9quit\u00e9 \u00e0 am\u00e9liorer leur r\u00e9seau et leurs connaissances dans le secteur climatique. Pour Alejandro, il s'agissait de bien plus qu'un simple financement : c'\u00e9tait la porte d'entr\u00e9e vers une communaut\u00e9 o\u00f9 sa formation universitaire pouvait rencontrer l'action climatique dans le monde r\u00e9el, et o\u00f9 ses id\u00e9es pouvaient commencer \u00e0 prendre racine.<\/span><\/p>\n<p><span style=\"font-weight: 400;\">Le parcours d'Alejandro a commenc\u00e9 dans le monde universitaire, o\u00f9 il a acquis de l'exp\u00e9rience en participant \u00e0 des conf\u00e9rences ax\u00e9es sur la recherche, soutenues par son programme et son superviseur. Cependant, lorsqu'il a d\u00e9couvert FES, cela a marqu\u00e9 le d\u00e9but d'un nouveau type d'opportunit\u00e9. Comme il l'a dit :<\/span><\/p>\n<blockquote>\n<p><span style=\"font-weight: 400;\">\u00a0\u00ab La plupart de mes financements pass\u00e9s \u00e9taient li\u00e9s \u00e0 des conf\u00e9rences universitaires. C'\u00e9tait la premi\u00e8re bourse qui n'\u00e9tait pas universitaire. Elle me semblait plus holistique, me soutenant en tant qu'acteur du changement, et pas seulement en tant qu'\u00e9tudiant. \u00bb<\/span><\/p>\n<\/blockquote>\n<p><span style=\"font-weight: 400;\">La bourse d\u2019Acc\u00e8s lui a permis de sortir des espaces universitaires traditionnels et d'explorer des approches environnementales et entrepreneuriales de l'adaptation au changement climatique, des domaines qui le passionnaient depuis longtemps mais qu'il commen\u00e7ait seulement \u00e0 explorer.<\/span><\/p>\n<p><span style=\"font-weight: 400;\">Avec le soutien de FES, Alejandro a particip\u00e9 au <\/span><a href=\"https:\/\/www.unite2030.com\/camp2030\"><span style=\"font-weight: 400;\">Camp 2030<\/span><\/a><span style=\"font-weight: 400;\">, un camp de cinq jours consacr\u00e9 \u00e0 l'impact social mondial, organis\u00e9 dans le nord de l'\u00c9tat de New York. Pour lui, cette bourse \u00e9tait plus qu'un simple soutien financier : c'\u00e9tait l'occasion d'entrer dans un espace de jeunes leaders orient\u00e9s vers l'action, d'\u00e9changer des id\u00e9es entre diff\u00e9rentes cultures et de construire quelque chose de tangible.<\/span><\/p>\n<p><span style=\"font-weight: 400;\">Au Camp 2030, Alejandro a rencontr\u00e9 des coll\u00e8gues de l\u2019international  \u2013 venu\u00b7e\u00b7s du Canada, d'Australie et des \u00c9tats-Unis \u2013 avec lesquels il a co-cr\u00e9\u00e9 un projet d'adaptation aux incendies de for\u00eat,<a href=\"https:\/\/www.wane.com\/business\/press-releases\/ein-presswire\/746769722\/unite-2030-concludes-transformative-camp-2030-and-changemaker-summit-in-ny\/\">The Ember Co-op<\/a>\u00bb. Leurs comp\u00e9tences compl\u00e9mentaires ont transform\u00e9 une id\u00e9e en une entreprise convaincante, et l'\u00e9quipe a remport\u00e9 la premi\u00e8re place du concours du meilleur argumentaire \u00e9clair du camp. Comme l'a soulign\u00e9 Alejandro,<\/span><\/p>\n<blockquote>\n<p><span style=\"font-weight: 400;\">\u00ab travailler avec des personnes d'horizons si diff\u00e9rents m'a appris que lorsque l'on partage un objectif commun, ces diff\u00e9rences deviennent des atouts. \u00bb<\/span><\/p>\n<\/blockquote>\n<p><span style=\"font-weight: 400;\">Alejandro a quitt\u00e9 le Camp 2030 avec bien plus que des souvenirs : il a acquis des comp\u00e9tences pratiques et la confiance n\u00e9cessaire pour poursuivre son travail sur le climat avec une motivation accrue.<\/span><\/p>\n<blockquote>\n<p><span style=\"font-weight: 400;\">\u00ab Le Camp 2030 m'a donn\u00e9 la confiance n\u00e9cessaire pour aller vers les gens, que ce soit par des e-mails spontan\u00e9s, des connexions sur LinkedIn ou des conversations professionnelles \u00bb, a-t-il d\u00e9clar\u00e9.<\/span><\/p>\n<\/blockquote>\n<p><span style=\"font-weight: 400;\">Gr\u00e2ce \u00e0 cette exp\u00e9rience, il a renforc\u00e9 ses comp\u00e9tences en gestion de projet, en planification budg\u00e9taire, en collecte de fonds, en r\u00e9seautage et en conception de solutions. Le camp lui a \u00e9galement permis d'\u00e9largir son r\u00e9seau de mani\u00e8re transformatrice. Il a continu\u00e9 \u00e0 collaborer avec ses co\u00e9quipier\u00b7e\u00b7s pour am\u00e9liorer l'acc\u00e8s de la communaut\u00e9 \u00e0 l'\u00e9ducation sur les incendies de for\u00eat, une initiative qui a finalement re\u00e7u le soutien du Havre Jeunesse sous la forme d\u2019une <\/span><span style=\"text-decoration: underline;\"><a href=\"https:\/\/www.theyouthharbour.org\/fr\/action-grants\/\"><span style=\"font-weight: 400;\">bourse d'Action.<\/span><span style=\"font-weight: 400;\">.<\/span><\/a><\/span><\/p>\n<p><span style=\"font-weight: 400;\"><\/span><\/p>\n<\/td>\n<\/tr>\n<\/tbody>\n<\/table><\/div>\n\t\t\t<\/div><div class=\"et_pb_with_border et_pb_module et_d4_element et_pb_image et_pb_image_0\">\n\t\t\t\t\n\t\t\t\t\n\t\t\t\t\n\t\t\t\t\n\t\t\t\t<span class=\"et_pb_image_wrap\"><img data-recalc-dims=\"1\" loading=\"lazy\" decoding=\"async\" width=\"1080\" height=\"608\" src=\"https:\/\/i0.wp.com\/www.theyouthharbour.org\/wp-content\/uploads\/2026\/04\/Alejandro.png?resize=1080%2C608&#038;ssl=1\" alt=\"\" title=\"_Alejandro\" class=\"wp-image-32233\" \/><\/span>\n\t\t\t<\/div><div class=\"et_pb_module et_d4_element et_pb_text et_pb_text_1  et_pb_text_align_left et_pb_bg_layout_light\">\n\t\t\t\t\n\t\t\t\t\n\t\t\t\t\n\t\t\t\t\n\t\t\t\t<div class=\"et_pb_text_inner\"><p><span style=\"font-size: 14px;\">L'\u00e9quipe d'Alejandro a ensuite \u00e9t\u00e9 s\u00e9lectionn\u00e9e pour intervenir lors de la Global Goals Week \u00e0 New York, o\u00f9 elle a pr\u00e9sent\u00e9 son id\u00e9e devant des repr\u00e9sentants des Nations unies. Comme il le rappelle,<\/span><span style=\"font-weight: 400;\"><\/span><\/p>\n<blockquote>\n<p><span style=\"font-weight: 400;\">\u00ab \u00eatre s\u00e9lectionn\u00e9 pour pr\u00e9senter notre projet devant des repr\u00e9sentants des Nations unies \u00e9tait surr\u00e9aliste \u00bb.<\/span><\/p>\n<p><span style=\"font-weight: 400;\"><\/span><\/p>\n<p><span style=\"font-weight: 400;\"><\/span><\/p>\n<p><span style=\"font-weight: 400;\"><\/span><\/p>\n<p><span style=\"font-weight: 400;\"><\/span><\/p>\n<\/blockquote>\n<p><span style=\"font-weight: 400;\">Son histoire n'a pas seulement eu un retentissement mondial, elle a \u00e9galement suscit\u00e9 des changements plus pr\u00e8s de chez lui. Apr\u00e8s son retour du Camp 2030, Alejandro a fait l'objet d'un article dans le journal de l'Universit\u00e9 Dalhousie, ce qui a incit\u00e9 ses camarades \u00e0 explorer des opportunit\u00e9s similaires. <\/span><\/p>\n<blockquote>\n<p><span style=\"font-weight: 400;\">\u00ab Apr\u00e8s le Camp 2030, j'ai fait l'objet d'un article dans le journal de Dalhousie, et les \u00e9tudiant\u00b7e\u00b7s ont commenc\u00e9 \u00e0 me contacter pour me demander comment ils pouvaient s'impliquer \u00e9galement. Le fait de partager mon histoire a suscit\u00e9 la curiosit\u00e9 des autres \u00bb, a-t-il d\u00e9clar\u00e9. <\/span><\/p>\n<\/blockquote>\n<p><span style=\"font-weight: 400;\">Gr\u00e2ce \u00e0 ces exp\u00e9riences, Alejandro est devenu un mod\u00e8le dans sa communaut\u00e9, montrant comment une seule bourse peut avoir des r\u00e9percussions en \u00e9largissant les r\u00e9seaux, en inspirant d'autres personnes et en jetant les bases d'un impact \u00e0 long terme.<\/span><\/p>\n<p><span style=\"font-weight: 400;\"><\/span><\/p>\n<p><span style=\"font-weight: 400;\">Fort de cet \u00e9lan, Alejandro s'est inscrit \u00e0 un atelier universitaire sur l'entrepreneuriat qui lui a fourni un mentorat et une structure pour affiner son projet. Avec son \u00e9quipe, il a men\u00e9 des entretiens avec les parties prenantes, pris contact avec des organisations telles que FireSmart BC et mobilis\u00e9 les autorit\u00e9s municipales locales afin de comprendre les syst\u00e8mes de gestion des feux de for\u00eat. Ces enseignements ont conduit le groupe \u00e0 concentrer ses efforts sur les zones r\u00e9sidentielles les plus expos\u00e9es, \u00e0 savoir les jardins et les all\u00e9es, o\u00f9 leurs solutions pouvaient \u00eatre mises en \u0153uvre de mani\u00e8re plus directe et plus efficace. <\/span><\/p>\n<blockquote>\n<p><span style=\"font-weight: 400;\">\u00ab Avant, je n'\u00e9tais pas s\u00fbr de pouvoir me lancer dans la collecte de fonds \u00bb, a d\u00e9clar\u00e9 Alejandro. \u00ab Maintenant, je me sens pr\u00eat \u00e0 relever ce d\u00e9fi le moment venu. \u00bb <\/span><\/p>\n<\/blockquote>\n<p><span style=\"font-weight: 400;\">\u00c0 bien des \u00e9gards, cela a \u00e9t\u00e9 le tournant qui a transform\u00e9 son int\u00e9r\u00eat naissant en une entreprise concr\u00e8te et pr\u00eate \u00e0 passer \u00e0 l'action.<\/span><span style=\"font-weight: 400;\"><\/span><\/p>\n<p><span style=\"font-weight: 400;\">La vision d'Alejandro est ancr\u00e9e dans l'adaptation au climat et l'accessibilit\u00e9, afin de rendre les informations et les outils climatiques compr\u00e9hensibles, exploitables et inclusifs. Son projet de r\u00e9silience aux incendies de for\u00eat en est encore \u00e0 ses d\u00e9buts, mais gr\u00e2ce aux comp\u00e9tences et \u00e0 la confiance acquises gr\u00e2ce au soutien de FES, il est d\u00e9sormais en mesure de solliciter des subventions, de mobiliser des partenaires et de d\u00e9velopper son initiative de mani\u00e8re durable.<\/span><\/p>\n<p><span style=\"font-weight: 400;\"><\/span><\/p>\n<p><span style=\"font-weight: 400;\">L'histoire d'Alejandro t\u00e9moigne de la puissance des investissements dans les actions climatiques men\u00e9es par les jeunes. En offrant des subventions d'acc\u00e8s et d'action par le biais du Havre Jeunesse, FES permet aux personnes \u00e9tudiantes et actrices de changement en d\u00e9but de carri\u00e8re de sortir des salles de classe et d'acc\u00e9der \u00e0 des espaces o\u00f9 leurs id\u00e9es peuvent se d\u00e9velopper.<\/span><\/p>\n<p><span style=\"font-weight: 400;\">Pour Alejandro, cela a signifi\u00e9 transformer sa curiosit\u00e9 acad\u00e9mique en un projet pratique et collaboratif qui pourrait aider les communaut\u00e9s \u00e0 se pr\u00e9parer aux r\u00e9alit\u00e9s du changement climatique. En r\u00e9fl\u00e9chissant \u00e0 cette exp\u00e9rience, il a d\u00e9clar\u00e9 : <\/span><\/p>\n<blockquote>\n<p><span style=\"font-weight: 400;\">\u00ab Camp 2030 m'a aid\u00e9 \u00e0 comprendre l'importance de rendre les informations sur le climat accessibles. C'est le changement que je souhaite mettre en \u0153uvre dans mon travail. \u00bb<\/span><span style=\"font-weight: 400;\"><\/span><\/p>\n<\/blockquote><\/div>\n\t\t\t<\/div><div class=\"et_pb_module et_d4_element et_pb_divider et_pb_divider_0 et_pb_space\"><div class=\"et_pb_divider_internal\"><\/div><\/div><div class=\"et_pb_module et_d4_element et_pb_text et_pb_text_2  et_pb_text_align_left et_pb_bg_layout_light\">\n\t\t\t\t\n\t\t\t\t\n\t\t\t\t\n\t\t\t\t\n\t\t\t\t<div class=\"et_pb_text_inner\"><p><span style=\"font-weight: 400;\">Chaque bourse, comme celle d'Alejandro, est plus qu'un simple financement, <a href=\"https:\/\/www.fesplanet.org\/donate\">c'est un investissement<\/a> dans le leadership, la r\u00e9silience et un avenir plus durable.<\/span><\/p><\/div>\n\t\t\t<\/div><div class=\"et_pb_button_module_wrapper et_pb_button_0_wrapper et_pb_button_alignment_left et_pb_module\">\n\t\t\t\t<a class=\"et_pb_button et_d4_element et_pb_button_0 et_pb_bg_layout_light et_block_module\" href=\"https:\/\/www.zeffy.com\/en-CA\/donation-form\/102b5e02-a8dd-4cd2-ae4d-39b03ac2b910\">Faites un don aujourd'hui<\/a>\n\t\t\t<\/div>\n\t\t\t<\/div>\n\t\t\t\t\n\t\t\t\t\n\t\t\t\t\n\t\t\t\t\n\t\t\t<\/div>\n\t\t\t\t\n\t\t\t\t\n\t\t\t<\/div>","protected":false},"excerpt":{"rendered":"","protected":false},"author":8,"featured_media":32239,"comment_status":"open","ping_status":"open","sticky":false,"template":"our-updates","format":"standard","meta":{"_acf_changed":false,"nf_dc_page":"","_et_pb_use_builder":"on","_et_pb_old_content":"<!-- wp:paragraph -->\n<p class=\"\">In September, FES was at New York Climate Week. The first of three blog posts sharing Kat\u2019s (Executive Director) and Jess\u2019 (Program Director) experience and reflections at the People\u2019s March, and what it was like being with over 75,000 people on the ground, advocating for climate action.<\/p>\n<!-- \/wp:paragraph -->\n\n<!-- wp:paragraph -->\n<p class=\"\"><\/p>\n<!-- \/wp:paragraph -->\n\n<!-- wp:paragraph -->\n<p class=\"\"><\/p>\n<!-- \/wp:paragraph -->","_et_gb_content_width":"","_jetpack_newsletter_access":"","_jetpack_dont_email_post_to_subs":false,"_jetpack_newsletter_tier_id":0,"_jetpack_memberships_contains_paywalled_content":false,"_jetpack_feature_clip_id":0,"_jetpack_memberships_contains_paid_content":false,"footnotes":"","jetpack_post_was_ever_published":false},"categories":[104],"tags":[],"class_list":["post-32213","post","type-post","status-publish","format-standard","has-post-thumbnail","hentry","category-impact-story"],"acf":[],"yoast_head":"<!-- This site is optimized with the Yoast SEO plugin v28.4 - https:\/\/yoast.com\/product\/yoast-seo-wordpress\/ -->\n<title>From Academia to Action: Alejandro\u2019s Path to Climate Adaptation - The Youth Harbour<\/title>\n<meta name=\"robots\" content=\"index, follow, max-snippet:-1, max-image-preview:large, max-video-preview:-1\" \/>\n<link rel=\"canonical\" href=\"https:\/\/www.theyouthharbour.org\/fr\/impact-story\/from-academia-to-action-alejandros-path-to-climate-adaptation\/\" \/>\n<meta property=\"og:locale\" content=\"fr_CA\" \/>\n<meta property=\"og:type\" content=\"article\" \/>\n<meta property=\"og:title\" content=\"From Academia to Action: Alejandro\u2019s Path to Climate Adaptation - The Youth Harbour\" \/>\n<meta property=\"og:url\" content=\"https:\/\/www.theyouthharbour.org\/fr\/impact-story\/from-academia-to-action-alejandros-path-to-climate-adaptation\/\" \/>\n<meta property=\"og:site_name\" content=\"The Youth Harbour\" \/>\n<meta property=\"article:published_time\" content=\"2026-04-27T17:36:23+00:00\" \/>\n<meta property=\"article:modified_time\" content=\"2026-05-05T17:33:47+00:00\" \/>\n<meta property=\"og:image\" content=\"https:\/\/www.theyouthharbour.org\/wp-content\/uploads\/2026\/04\/Alejandro-1.png?_t=1782937112\" \/>\n\t<meta property=\"og:image:width\" content=\"600\" \/>\n\t<meta property=\"og:image:height\" content=\"400\" \/>\n\t<meta property=\"og:image:type\" content=\"image\/png\" \/>\n<meta name=\"author\" content=\"Ella Cheah\" \/>\n<meta name=\"twitter:card\" content=\"summary_large_image\" \/>\n<meta name=\"twitter:label1\" content=\"\u00c9crit par\" \/>\n\t<meta name=\"twitter:data1\" content=\"Ella Cheah\" \/>\n\t<meta name=\"twitter:label2\" content=\"Estimation du temps de lecture\" \/>\n\t<meta name=\"twitter:data2\" content=\"4 minutes\" \/>\n<script type=\"application\/ld+json\" class=\"yoast-schema-graph\">{\"@context\":\"https:\\\/\\\/schema.org\",\"@graph\":[{\"@type\":\"Article\",\"@id\":\"https:\\\/\\\/www.theyouthharbour.org\\\/impact-story\\\/from-academia-to-action-alejandros-path-to-climate-adaptation\\\/#article\",\"isPartOf\":{\"@id\":\"https:\\\/\\\/www.theyouthharbour.org\\\/impact-story\\\/from-academia-to-action-alejandros-path-to-climate-adaptation\\\/\"},\"author\":{\"name\":\"Ella Cheah\",\"@id\":\"https:\\\/\\\/www.theyouthharbour.org\\\/#\\\/schema\\\/person\\\/4dcaadf94dea75393e5452c78d79c991\"},\"headline\":\"From Academia to Action: Alejandro\u2019s Path to Climate Adaptation\",\"datePublished\":\"2026-04-27T17:36:23+00:00\",\"dateModified\":\"2026-05-05T17:33:47+00:00\",\"mainEntityOfPage\":{\"@id\":\"https:\\\/\\\/www.theyouthharbour.org\\\/impact-story\\\/from-academia-to-action-alejandros-path-to-climate-adaptation\\\/\"},\"wordCount\":1245,\"commentCount\":0,\"image\":{\"@id\":\"https:\\\/\\\/www.theyouthharbour.org\\\/impact-story\\\/from-academia-to-action-alejandros-path-to-climate-adaptation\\\/#primaryimage\"},\"thumbnailUrl\":\"https:\\\/\\\/i0.wp.com\\\/www.theyouthharbour.org\\\/wp-content\\\/uploads\\\/2026\\\/04\\\/Alejandro-1.png?fit=600%2C400&ssl=1\",\"articleSection\":[\"Impact Story\"],\"inLanguage\":\"fr-CA\",\"potentialAction\":[{\"@type\":\"CommentAction\",\"name\":\"Comment\",\"target\":[\"https:\\\/\\\/www.theyouthharbour.org\\\/impact-story\\\/from-academia-to-action-alejandros-path-to-climate-adaptation\\\/#respond\"]}]},{\"@type\":\"WebPage\",\"@id\":\"https:\\\/\\\/www.theyouthharbour.org\\\/impact-story\\\/from-academia-to-action-alejandros-path-to-climate-adaptation\\\/\",\"url\":\"https:\\\/\\\/www.theyouthharbour.org\\\/impact-story\\\/from-academia-to-action-alejandros-path-to-climate-adaptation\\\/\",\"name\":\"From Academia to Action: Alejandro\u2019s Path to Climate Adaptation - The Youth Harbour\",\"isPartOf\":{\"@id\":\"https:\\\/\\\/www.theyouthharbour.org\\\/#website\"},\"primaryImageOfPage\":{\"@id\":\"https:\\\/\\\/www.theyouthharbour.org\\\/impact-story\\\/from-academia-to-action-alejandros-path-to-climate-adaptation\\\/#primaryimage\"},\"image\":{\"@id\":\"https:\\\/\\\/www.theyouthharbour.org\\\/impact-story\\\/from-academia-to-action-alejandros-path-to-climate-adaptation\\\/#primaryimage\"},\"thumbnailUrl\":\"https:\\\/\\\/i0.wp.com\\\/www.theyouthharbour.org\\\/wp-content\\\/uploads\\\/2026\\\/04\\\/Alejandro-1.png?fit=600%2C400&ssl=1\",\"datePublished\":\"2026-04-27T17:36:23+00:00\",\"dateModified\":\"2026-05-05T17:33:47+00:00\",\"author\":{\"@id\":\"https:\\\/\\\/www.theyouthharbour.org\\\/#\\\/schema\\\/person\\\/4dcaadf94dea75393e5452c78d79c991\"},\"breadcrumb\":{\"@id\":\"https:\\\/\\\/www.theyouthharbour.org\\\/impact-story\\\/from-academia-to-action-alejandros-path-to-climate-adaptation\\\/#breadcrumb\"},\"inLanguage\":\"fr-CA\",\"potentialAction\":[{\"@type\":\"ReadAction\",\"target\":[\"https:\\\/\\\/www.theyouthharbour.org\\\/impact-story\\\/from-academia-to-action-alejandros-path-to-climate-adaptation\\\/\"]}]},{\"@type\":\"ImageObject\",\"inLanguage\":\"fr-CA\",\"@id\":\"https:\\\/\\\/www.theyouthharbour.org\\\/impact-story\\\/from-academia-to-action-alejandros-path-to-climate-adaptation\\\/#primaryimage\",\"url\":\"https:\\\/\\\/i0.wp.com\\\/www.theyouthharbour.org\\\/wp-content\\\/uploads\\\/2026\\\/04\\\/Alejandro-1.png?fit=600%2C400&ssl=1\",\"contentUrl\":\"https:\\\/\\\/i0.wp.com\\\/www.theyouthharbour.org\\\/wp-content\\\/uploads\\\/2026\\\/04\\\/Alejandro-1.png?fit=600%2C400&ssl=1\",\"width\":600,\"height\":400},{\"@type\":\"BreadcrumbList\",\"@id\":\"https:\\\/\\\/www.theyouthharbour.org\\\/impact-story\\\/from-academia-to-action-alejandros-path-to-climate-adaptation\\\/#breadcrumb\",\"itemListElement\":[{\"@type\":\"ListItem\",\"position\":1,\"name\":\"Home\",\"item\":\"https:\\\/\\\/www.theyouthharbour.org\\\/\"},{\"@type\":\"ListItem\",\"position\":2,\"name\":\"From Academia to Action: Alejandro\u2019s Path to Climate Adaptation\"}]},{\"@type\":\"WebSite\",\"@id\":\"https:\\\/\\\/www.theyouthharbour.org\\\/#website\",\"url\":\"https:\\\/\\\/www.theyouthharbour.org\\\/\",\"name\":\"The Youth Harbour\",\"description\":\"Youth-for-youth climate support system.\",\"potentialAction\":[{\"@type\":\"SearchAction\",\"target\":{\"@type\":\"EntryPoint\",\"urlTemplate\":\"https:\\\/\\\/www.theyouthharbour.org\\\/?s={search_term_string}\"},\"query-input\":{\"@type\":\"PropertyValueSpecification\",\"valueRequired\":true,\"valueName\":\"search_term_string\"}}],\"inLanguage\":\"fr-CA\"},{\"@type\":\"Person\",\"@id\":\"https:\\\/\\\/www.theyouthharbour.org\\\/#\\\/schema\\\/person\\\/4dcaadf94dea75393e5452c78d79c991\",\"name\":\"Ella Cheah\",\"image\":{\"@type\":\"ImageObject\",\"inLanguage\":\"fr-CA\",\"@id\":\"https:\\\/\\\/secure.gravatar.com\\\/avatar\\\/996957c5b10aed5d28b464eceae8609916111cc05d7cf11fb1f805a25d37eeab?s=96&d=mm&r=g\",\"url\":\"https:\\\/\\\/secure.gravatar.com\\\/avatar\\\/996957c5b10aed5d28b464eceae8609916111cc05d7cf11fb1f805a25d37eeab?s=96&d=mm&r=g\",\"contentUrl\":\"https:\\\/\\\/secure.gravatar.com\\\/avatar\\\/996957c5b10aed5d28b464eceae8609916111cc05d7cf11fb1f805a25d37eeab?s=96&d=mm&r=g\",\"caption\":\"Ella Cheah\"},\"url\":\"https:\\\/\\\/www.theyouthharbour.org\\\/fr\\\/author\\\/ellac\\\/\"}]}<\/script>\n<!-- \/ Yoast SEO plugin. -->","yoast_head_json":{"title":"From Academia to Action: Alejandro\u2019s Path to Climate Adaptation - The Youth Harbour","robots":{"index":"index","follow":"follow","max-snippet":"max-snippet:-1","max-image-preview":"max-image-preview:large","max-video-preview":"max-video-preview:-1"},"canonical":"https:\/\/www.theyouthharbour.org\/fr\/impact-story\/from-academia-to-action-alejandros-path-to-climate-adaptation\/","og_locale":"fr_CA","og_type":"article","og_title":"From Academia to Action: Alejandro\u2019s Path to Climate Adaptation - The Youth Harbour","og_url":"https:\/\/www.theyouthharbour.org\/fr\/impact-story\/from-academia-to-action-alejandros-path-to-climate-adaptation\/","og_site_name":"The Youth Harbour","article_published_time":"2026-04-27T17:36:23+00:00","article_modified_time":"2026-05-05T17:33:47+00:00","og_image":[{"width":600,"height":400,"url":"https:\/\/www.theyouthharbour.org\/wp-content\/uploads\/2026\/04\/Alejandro-1.png?_t=1782937112","type":"image\/png"}],"author":"Ella Cheah","twitter_card":"summary_large_image","twitter_misc":{"\u00c9crit par":"Ella Cheah","Estimation du temps de lecture":"4 minutes"},"schema":{"@context":"https:\/\/schema.org","@graph":[{"@type":"Article","@id":"https:\/\/www.theyouthharbour.org\/impact-story\/from-academia-to-action-alejandros-path-to-climate-adaptation\/#article","isPartOf":{"@id":"https:\/\/www.theyouthharbour.org\/impact-story\/from-academia-to-action-alejandros-path-to-climate-adaptation\/"},"author":{"name":"Ella Cheah","@id":"https:\/\/www.theyouthharbour.org\/#\/schema\/person\/4dcaadf94dea75393e5452c78d79c991"},"headline":"From Academia to Action: Alejandro\u2019s Path to Climate Adaptation","datePublished":"2026-04-27T17:36:23+00:00","dateModified":"2026-05-05T17:33:47+00:00","mainEntityOfPage":{"@id":"https:\/\/www.theyouthharbour.org\/impact-story\/from-academia-to-action-alejandros-path-to-climate-adaptation\/"},"wordCount":1245,"commentCount":0,"image":{"@id":"https:\/\/www.theyouthharbour.org\/impact-story\/from-academia-to-action-alejandros-path-to-climate-adaptation\/#primaryimage"},"thumbnailUrl":"https:\/\/i0.wp.com\/www.theyouthharbour.org\/wp-content\/uploads\/2026\/04\/Alejandro-1.png?fit=600%2C400&ssl=1","articleSection":["Impact Story"],"inLanguage":"fr-CA","potentialAction":[{"@type":"CommentAction","name":"Comment","target":["https:\/\/www.theyouthharbour.org\/impact-story\/from-academia-to-action-alejandros-path-to-climate-adaptation\/#respond"]}]},{"@type":"WebPage","@id":"https:\/\/www.theyouthharbour.org\/impact-story\/from-academia-to-action-alejandros-path-to-climate-adaptation\/","url":"https:\/\/www.theyouthharbour.org\/impact-story\/from-academia-to-action-alejandros-path-to-climate-adaptation\/","name":"From Academia to Action: Alejandro\u2019s Path to Climate Adaptation - The Youth Harbour","isPartOf":{"@id":"https:\/\/www.theyouthharbour.org\/#website"},"primaryImageOfPage":{"@id":"https:\/\/www.theyouthharbour.org\/impact-story\/from-academia-to-action-alejandros-path-to-climate-adaptation\/#primaryimage"},"image":{"@id":"https:\/\/www.theyouthharbour.org\/impact-story\/from-academia-to-action-alejandros-path-to-climate-adaptation\/#primaryimage"},"thumbnailUrl":"https:\/\/i0.wp.com\/www.theyouthharbour.org\/wp-content\/uploads\/2026\/04\/Alejandro-1.png?fit=600%2C400&ssl=1","datePublished":"2026-04-27T17:36:23+00:00","dateModified":"2026-05-05T17:33:47+00:00","author":{"@id":"https:\/\/www.theyouthharbour.org\/#\/schema\/person\/4dcaadf94dea75393e5452c78d79c991"},"breadcrumb":{"@id":"https:\/\/www.theyouthharbour.org\/impact-story\/from-academia-to-action-alejandros-path-to-climate-adaptation\/#breadcrumb"},"inLanguage":"fr-CA","potentialAction":[{"@type":"ReadAction","target":["https:\/\/www.theyouthharbour.org\/impact-story\/from-academia-to-action-alejandros-path-to-climate-adaptation\/"]}]},{"@type":"ImageObject","inLanguage":"fr-CA","@id":"https:\/\/www.theyouthharbour.org\/impact-story\/from-academia-to-action-alejandros-path-to-climate-adaptation\/#primaryimage","url":"https:\/\/i0.wp.com\/www.theyouthharbour.org\/wp-content\/uploads\/2026\/04\/Alejandro-1.png?fit=600%2C400&ssl=1","contentUrl":"https:\/\/i0.wp.com\/www.theyouthharbour.org\/wp-content\/uploads\/2026\/04\/Alejandro-1.png?fit=600%2C400&ssl=1","width":600,"height":400},{"@type":"BreadcrumbList","@id":"https:\/\/www.theyouthharbour.org\/impact-story\/from-academia-to-action-alejandros-path-to-climate-adaptation\/#breadcrumb","itemListElement":[{"@type":"ListItem","position":1,"name":"Home","item":"https:\/\/www.theyouthharbour.org\/"},{"@type":"ListItem","position":2,"name":"From Academia to Action: Alejandro\u2019s Path to Climate Adaptation"}]},{"@type":"WebSite","@id":"https:\/\/www.theyouthharbour.org\/#website","url":"https:\/\/www.theyouthharbour.org\/","name":"Le Havre jeunesse","description":"Youth-for-youth climate support system.","potentialAction":[{"@type":"SearchAction","target":{"@type":"EntryPoint","urlTemplate":"https:\/\/www.theyouthharbour.org\/?s={search_term_string}"},"query-input":{"@type":"PropertyValueSpecification","valueRequired":true,"valueName":"search_term_string"}}],"inLanguage":"fr-CA"},{"@type":"Person","@id":"https:\/\/www.theyouthharbour.org\/#\/schema\/person\/4dcaadf94dea75393e5452c78d79c991","name":"Ella Cheah","image":{"@type":"ImageObject","inLanguage":"fr-CA","@id":"https:\/\/secure.gravatar.com\/avatar\/996957c5b10aed5d28b464eceae8609916111cc05d7cf11fb1f805a25d37eeab?s=96&d=mm&r=g","url":"https:\/\/secure.gravatar.com\/avatar\/996957c5b10aed5d28b464eceae8609916111cc05d7cf11fb1f805a25d37eeab?s=96&d=mm&r=g","contentUrl":"https:\/\/secure.gravatar.com\/avatar\/996957c5b10aed5d28b464eceae8609916111cc05d7cf11fb1f805a25d37eeab?s=96&d=mm&r=g","caption":"Ella Cheah"},"url":"https:\/\/www.theyouthharbour.org\/fr\/author\/ellac\/"}]}},"jetpack_sharing_enabled":true,"jetpack_featured_media_url":"https:\/\/i0.wp.com\/www.theyouthharbour.org\/wp-content\/uploads\/2026\/04\/Alejandro-1.png?fit=600%2C400&ssl=1","_links":{"self":[{"href":"https:\/\/www.theyouthharbour.org\/fr\/wp-json\/wp\/v2\/posts\/32213","targetHints":{"allow":["GET"]}}],"collection":[{"href":"https:\/\/www.theyouthharbour.org\/fr\/wp-json\/wp\/v2\/posts"}],"about":[{"href":"https:\/\/www.theyouthharbour.org\/fr\/wp-json\/wp\/v2\/types\/post"}],"author":[{"embeddable":true,"href":"https:\/\/www.theyouthharbour.org\/fr\/wp-json\/wp\/v2\/users\/8"}],"replies":[{"embeddable":true,"href":"https:\/\/www.theyouthharbour.org\/fr\/wp-json\/wp\/v2\/comments?post=32213"}],"version-history":[{"count":5,"href":"https:\/\/www.theyouthharbour.org\/fr\/wp-json\/wp\/v2\/posts\/32213\/revisions"}],"predecessor-version":[{"id":32240,"href":"https:\/\/www.theyouthharbour.org\/fr\/wp-json\/wp\/v2\/posts\/32213\/revisions\/32240"}],"wp:featuredmedia":[{"embeddable":true,"href":"https:\/\/www.theyouthharbour.org\/fr\/wp-json\/wp\/v2\/media\/32239"}],"wp:attachment":[{"href":"https:\/\/www.theyouthharbour.org\/fr\/wp-json\/wp\/v2\/media?parent=32213"}],"wp:term":[{"taxonomy":"category","embeddable":true,"href":"https:\/\/www.theyouthharbour.org\/fr\/wp-json\/wp\/v2\/categories?post=32213"},{"taxonomy":"post_tag","embeddable":true,"href":"https:\/\/www.theyouthharbour.org\/fr\/wp-json\/wp\/v2\/tags?post=32213"}],"curies":[{"name":"wp","href":"https:\/\/api.w.org\/{rel}","templated":true}]}}