{"id":32267,"date":"2026-05-27T14:47:09","date_gmt":"2026-05-27T14:47:09","guid":{"rendered":"https:\/\/www.theyouthharbour.org\/?p=32267"},"modified":"2026-05-27T14:51:48","modified_gmt":"2026-05-27T14:51:48","slug":"the-activist-resource-library-is-back-with-a-new-home","status":"publish","type":"post","link":"https:\/\/www.theyouthharbour.org\/fr\/our-updates\/the-activist-resource-library-is-back-with-a-new-home\/","title":{"rendered":"La Biblioth\u00e8que de ressources militantes est de retour dans de nouveaux locaux !"},"content":{"rendered":"<div class=\"et_d4_element et_pb_section et_pb_section_0 et_pb_with_background  et_pb_css_mix_blend_mode et_section_regular et_block_section\" >\n\t\t\t\t\n\t\t\t\t\n\t\t\t\t\n\t\t\t\t\n\t\t\t\t\n\t\t\t\t\n\t\t\t\t<div class=\"et_d4_element et_pb_row et_pb_row_0  et_pb_css_mix_blend_mode et_block_row\">\n\t\t\t\t<div class=\"et_d4_element et_pb_column_4_4 et_pb_column et_pb_column_0  et_pb_css_mix_blend_mode et-last-child et_block_column\">\n\t\t\t\t\n\t\t\t\t\n\t\t\t\t\n\t\t\t\t\n\t\t\t\t<div class=\"et_pb_with_border et_pb_module et_d4_element et_pb_image et_pb_image_0\">\n\t\t\t\t\n\t\t\t\t\n\t\t\t\t\n\t\t\t\t\n\t\t\t\t<span class=\"et_pb_image_wrap\"><img data-recalc-dims=\"1\" loading=\"lazy\" decoding=\"async\" width=\"600\" height=\"397\" src=\"https:\/\/i0.wp.com\/www.theyouthharbour.org\/wp-content\/uploads\/2026\/05\/ARL-Relaunch-1.png?resize=600%2C397&#038;ssl=1\" alt=\"\" title=\"ARL Relaunch\" class=\"wp-image-32306\" \/><\/span>\n\t\t\t<\/div><div class=\"et_pb_module et_d4_element et_pb_text et_pb_text_0  et_pb_text_align_left et_pb_bg_layout_light\">\n\t\t\t\t\n\t\t\t\t\n\t\t\t\t\n\t\t\t\t\n\t\t\t\t<div class=\"et_pb_text_inner\"><p><span style=\"font-weight: 400;\">En f\u00e9vrier 2026, FES a conclu la premi\u00e8re ann\u00e9e d\u2019existence de la Biblioth\u00e8que des ressources militantes (BRM), mise en place pour une dur\u00e9e d\u2019un an en partenariat avec <\/span><span style=\"text-decoration: underline;\"><a href=\"https:\/\/www.instagram.com\/theclimatejusticeorganizinghub\/\"><span style=\"font-weight: 400;\">le HUB de mobilisation pour la justice climatique.<\/span><\/a><\/span><span style=\"font-weight: 400;\">Situ\u00e9 \u00e0 Montr\u00e9al (Tiohti\u00e0:ke) au <\/span><span style=\"text-decoration: underline;\"><a href=\"https:\/\/ccmp-mpcc.com\/en\/home\/\"><span style=\"font-weight: 400;\">Comit\u00e9 des citoyens de Milton Parc<\/span><\/a><\/span><span style=\"font-weight: 400;\"> (MPCC), ce centre de ressources centralis\u00e9 et s\u00e9curis\u00e9 offrait aux groupes communautaires et militants l\u2019acc\u00e8s \u00e0 une biblioth\u00e8que physique de mat\u00e9riel de sensibilisation gratuit qu\u2019ils pouvaient emprunter selon le principe de premier\u00b7e arriv\u00e9\u00b7e, premier\u00b7e servi\u00b7e. Les membres de la BRM ont pu emprunter du mat\u00e9riel pour amplifier leurs efforts de mobilisation et ont \u00e9galement eu acc\u00e8s \u00e0 un r\u00e9seau plus large de services, de ressources et de communaut\u00e9s. Ce projet a \u00e9t\u00e9 cr\u00e9\u00e9 avec le soutien de la <\/span><a href=\"https:\/\/fgmtl.org\/en\/\"><span style=\"font-weight: 400;\"><span style=\"text-decoration: underline;\">Fondation du Grand Montr\u00e9al.<\/span><\/span><\/a><span style=\"font-weight: 400;\">. <\/span><span style=\"font-weight: 400;\">\u00a0<\/span><\/p>\n<p><span style=\"font-weight: 400;\">La premi\u00e8re ann\u00e9e a \u00e9t\u00e9 couronn\u00e9e de succ\u00e8s, avec plus de 40 personnes membres accueillies tout au long de l\u2019ann\u00e9e et des ressources pr\u00eat\u00e9es \u00e0 des groupes organis\u00e9s autour des arts et de l\u2019activisme men\u00e9s par des jeunes, des actions communautaires et de soutien, de la justice climatique et environnementale, de la solidarit\u00e9, de l\u2019entraide, de l\u2019engagement civique, et bien plus encore ! <\/span><strong>Cette premi\u00e8re ann\u00e9e \u00e9tant d\u00e9sormais derri\u00e8re nous, nous sommes ravies d\u2019annoncer le prochain chapitre du projet, qui s\u2019installe dans un nouveau lieu chez <span style=\"text-decoration: underline;\"><a href=\"https:\/\/www.apathyisboring.com\/\">Apathy is Boring<\/a><\/span> (AcP) !<\/strong><\/p>\n<p><span style=\"font-weight: 400;\">AisB is a dedicated charitable organization, well-connected to the broader activism community, that uses art, technology, and grassroots campaigning to educate and engage youth in democracy. We are excited to bring the ARL back with AisB, as their strong foundation in civic engagement and community organizing aligns closely with the ARL\u2019s mission - to better support francophone and anglophone youth mobilize and advocate for a more sustainable future.\u00a0<\/span><\/p>\n<p><span style=\"font-weight: 400;\">D\u00e9sormais situ\u00e9 dans les locaux de l\u2019AcP, dans le quartier du Plateau \u00e0 Montr\u00e9al, la BRM offrira \u00e0 ses membres la possibilit\u00e9 d\u2019acc\u00e9der \u00e0 une nouvelle communaut\u00e9, de se rapprocher de l\u2019AcP et de son travail, et d\u2019emprunter du mat\u00e9riel suppl\u00e9mentaire pour leurs projets.<\/span><\/p>\n<p><b>Si vous souhaitez devenir membre de la BRM, ce qui vous donnera acc\u00e8s \u00e0 une biblioth\u00e8que de <\/b><span style=\"text-decoration: underline;\"><a href=\"https:\/\/activistresourcelibrary.myturn.com\/library\/inventory\/browse\"><b>ressources gratuites<\/b><\/a><\/span><b> (telles que des m\u00e9gaphones, des projecteurs, des haut-parleurs, etc.), veuillez remplir notre formulaire d\u2019inscription et l\u2019\u00e9quipe de l\u2019AcP vous r\u00e9pondra dans les plus brefs d\u00e9lais ! <\/b><span style=\"font-weight: 400;\">N'h\u00e9sitez pas \u00e0 nous contacter si vous avez des questions \u00e0 l'adresse <\/span><a href=\"mailto:miranda@fesplanet.org\"><span style=\"font-weight: 400;\"><span style=\"text-decoration: underline;\">miranda@fesplanet.org<\/span><\/span><\/a><span style=\"font-weight: 400;\">, <\/span><span style=\"text-decoration: underline;\"><a href=\"mailto:samuel@apathyisboring.com\"><span style=\"font-weight: 400;\">samuel@apathyisboring.com<\/span><\/a><\/span><span style=\"font-weight: 400;\">, ou <\/span><a href=\"mailto:erika@apathyisboring.com\"><span style=\"font-weight: 400;\"><span style=\"text-decoration: underline;\">erika@apathyisboring.com<\/span><\/span><\/a><span style=\"font-weight: 400;\">.\u00a0<\/span><\/p>\n<p><span style=\"font-weight: 400;\">Vous souhaitez faire un don pour soutenir cette formidable initiative et permettre aux jeunes d'y avoir acc\u00e8s ? <\/span><span style=\"text-decoration: underline;\"><a href=\"https:\/\/www.zeffy.com\/en-CA\/donation-form\/climate-collab-centre\"><span style=\"font-weight: 400;\">Faites un don ici !<\/span><\/a><\/span><\/p>\n<blockquote><\/blockquote><\/div>\n\t\t\t<\/div><div class=\"et_pb_button_module_wrapper et_pb_button_0_wrapper et_pb_button_alignment_left et_pb_module\">\n\t\t\t\t<a class=\"et_pb_button et_d4_element et_pb_button_0 et_pb_bg_layout_light et_block_module\" href=\"https:\/\/cryptpad.fr\/form\/#\/2\/form\/view\/QCQ+zztZ9ZzPUb4M0V2bHRpqq2hHNoRPFPLidrXb2UQ\/\">Inscrivez-vous \u00e0 l'ARL d\u00e8s aujourd'hui<\/a>\n\t\t\t<\/div>\n\t\t\t<\/div>\n\t\t\t\t\n\t\t\t\t\n\t\t\t\t\n\t\t\t\t\n\t\t\t<\/div>\n\t\t\t\t\n\t\t\t\t\n\t\t\t<\/div>","protected":false},"excerpt":{"rendered":"","protected":false},"author":1,"featured_media":32306,"comment_status":"open","ping_status":"open","sticky":false,"template":"our-updates","format":"standard","meta":{"_acf_changed":false,"nf_dc_page":"","_et_pb_use_builder":"on","_et_pb_old_content":"<!-- wp:paragraph -->\n<p class=\"\">In September, FES was at New York Climate Week. The first of three blog posts sharing Kat\u2019s (Executive Director) and Jess\u2019 (Program Director) experience and reflections at the People\u2019s March, and what it was like being with over 75,000 people on the ground, advocating for climate action.<\/p>\n<!-- \/wp:paragraph -->\n\n<!-- wp:paragraph -->\n<p class=\"\"><\/p>\n<!-- \/wp:paragraph -->\n\n<!-- wp:paragraph -->\n<p class=\"\"><\/p>\n<!-- \/wp:paragraph -->","_et_gb_content_width":"","_jetpack_newsletter_access":"","_jetpack_dont_email_post_to_subs":false,"_jetpack_newsletter_tier_id":0,"_jetpack_memberships_contains_paywalled_content":false,"_jetpack_feature_clip_id":0,"_jetpack_memberships_contains_paid_content":false,"footnotes":"","jetpack_post_was_ever_published":false},"categories":[50],"tags":[],"class_list":["post-32267","post","type-post","status-publish","format-standard","has-post-thumbnail","hentry","category-our-updates"],"acf":[],"yoast_head":"<!-- This site is optimized with the Yoast SEO plugin v28.3 - https:\/\/yoast.com\/product\/yoast-seo-wordpress\/ -->\n<title>The Activist Resource Library is back with a new home! - The Youth Harbour<\/title>\n<meta name=\"robots\" content=\"index, follow, max-snippet:-1, max-image-preview:large, max-video-preview:-1\" \/>\n<link rel=\"canonical\" href=\"https:\/\/www.theyouthharbour.org\/fr\/our-updates\/the-activist-resource-library-is-back-with-a-new-home\/\" \/>\n<meta property=\"og:locale\" content=\"fr_CA\" \/>\n<meta property=\"og:type\" content=\"article\" \/>\n<meta property=\"og:title\" content=\"The Activist Resource Library is back with a new home! - The Youth Harbour\" \/>\n<meta property=\"og:url\" content=\"https:\/\/www.theyouthharbour.org\/fr\/our-updates\/the-activist-resource-library-is-back-with-a-new-home\/\" \/>\n<meta property=\"og:site_name\" content=\"The Youth Harbour\" \/>\n<meta property=\"article:published_time\" content=\"2026-05-27T14:47:09+00:00\" \/>\n<meta property=\"article:modified_time\" content=\"2026-05-27T14:51:48+00:00\" \/>\n<meta property=\"og:image\" content=\"https:\/\/www.theyouthharbour.org\/wp-content\/uploads\/2026\/05\/ARL-Relaunch-1.png?_t=1782937112\" \/>\n\t<meta property=\"og:image:width\" content=\"600\" \/>\n\t<meta property=\"og:image:height\" content=\"397\" \/>\n\t<meta property=\"og:image:type\" content=\"image\/png\" \/>\n<meta name=\"author\" content=\"The Youth Harbour\" \/>\n<meta name=\"twitter:card\" content=\"summary_large_image\" \/>\n<meta name=\"twitter:label1\" content=\"\u00c9crit par\" \/>\n\t<meta name=\"twitter:data1\" content=\"The Youth Harbour\" \/>\n\t<meta name=\"twitter:label2\" content=\"Estimation du temps de lecture\" \/>\n\t<meta name=\"twitter:data2\" content=\"2 minutes\" \/>\n<script type=\"application\/ld+json\" class=\"yoast-schema-graph\">{\"@context\":\"https:\\\/\\\/schema.org\",\"@graph\":[{\"@type\":\"Article\",\"@id\":\"https:\\\/\\\/www.theyouthharbour.org\\\/our-updates\\\/the-activist-resource-library-is-back-with-a-new-home\\\/#article\",\"isPartOf\":{\"@id\":\"https:\\\/\\\/www.theyouthharbour.org\\\/our-updates\\\/the-activist-resource-library-is-back-with-a-new-home\\\/\"},\"author\":{\"name\":\"The Youth Harbour\",\"@id\":\"https:\\\/\\\/www.theyouthharbour.org\\\/#\\\/schema\\\/person\\\/90bf195f445bbb2bacba3f261e4c26e4\"},\"headline\":\"The Activist Resource Library is back with a new home!\",\"datePublished\":\"2026-05-27T14:47:09+00:00\",\"dateModified\":\"2026-05-27T14:51:48+00:00\",\"mainEntityOfPage\":{\"@id\":\"https:\\\/\\\/www.theyouthharbour.org\\\/our-updates\\\/the-activist-resource-library-is-back-with-a-new-home\\\/\"},\"wordCount\":706,\"commentCount\":0,\"image\":{\"@id\":\"https:\\\/\\\/www.theyouthharbour.org\\\/our-updates\\\/the-activist-resource-library-is-back-with-a-new-home\\\/#primaryimage\"},\"thumbnailUrl\":\"https:\\\/\\\/i0.wp.com\\\/www.theyouthharbour.org\\\/wp-content\\\/uploads\\\/2026\\\/05\\\/ARL-Relaunch-1.png?fit=600%2C397&ssl=1\",\"articleSection\":[\"Our Updates\"],\"inLanguage\":\"fr-CA\",\"potentialAction\":[{\"@type\":\"CommentAction\",\"name\":\"Comment\",\"target\":[\"https:\\\/\\\/www.theyouthharbour.org\\\/our-updates\\\/the-activist-resource-library-is-back-with-a-new-home\\\/#respond\"]}]},{\"@type\":\"WebPage\",\"@id\":\"https:\\\/\\\/www.theyouthharbour.org\\\/our-updates\\\/the-activist-resource-library-is-back-with-a-new-home\\\/\",\"url\":\"https:\\\/\\\/www.theyouthharbour.org\\\/our-updates\\\/the-activist-resource-library-is-back-with-a-new-home\\\/\",\"name\":\"The Activist Resource Library is back with a new home! - The Youth Harbour\",\"isPartOf\":{\"@id\":\"https:\\\/\\\/www.theyouthharbour.org\\\/#website\"},\"primaryImageOfPage\":{\"@id\":\"https:\\\/\\\/www.theyouthharbour.org\\\/our-updates\\\/the-activist-resource-library-is-back-with-a-new-home\\\/#primaryimage\"},\"image\":{\"@id\":\"https:\\\/\\\/www.theyouthharbour.org\\\/our-updates\\\/the-activist-resource-library-is-back-with-a-new-home\\\/#primaryimage\"},\"thumbnailUrl\":\"https:\\\/\\\/i0.wp.com\\\/www.theyouthharbour.org\\\/wp-content\\\/uploads\\\/2026\\\/05\\\/ARL-Relaunch-1.png?fit=600%2C397&ssl=1\",\"datePublished\":\"2026-05-27T14:47:09+00:00\",\"dateModified\":\"2026-05-27T14:51:48+00:00\",\"author\":{\"@id\":\"https:\\\/\\\/www.theyouthharbour.org\\\/#\\\/schema\\\/person\\\/90bf195f445bbb2bacba3f261e4c26e4\"},\"breadcrumb\":{\"@id\":\"https:\\\/\\\/www.theyouthharbour.org\\\/our-updates\\\/the-activist-resource-library-is-back-with-a-new-home\\\/#breadcrumb\"},\"inLanguage\":\"fr-CA\",\"potentialAction\":[{\"@type\":\"ReadAction\",\"target\":[\"https:\\\/\\\/www.theyouthharbour.org\\\/our-updates\\\/the-activist-resource-library-is-back-with-a-new-home\\\/\"]}]},{\"@type\":\"ImageObject\",\"inLanguage\":\"fr-CA\",\"@id\":\"https:\\\/\\\/www.theyouthharbour.org\\\/our-updates\\\/the-activist-resource-library-is-back-with-a-new-home\\\/#primaryimage\",\"url\":\"https:\\\/\\\/i0.wp.com\\\/www.theyouthharbour.org\\\/wp-content\\\/uploads\\\/2026\\\/05\\\/ARL-Relaunch-1.png?fit=600%2C397&ssl=1\",\"contentUrl\":\"https:\\\/\\\/i0.wp.com\\\/www.theyouthharbour.org\\\/wp-content\\\/uploads\\\/2026\\\/05\\\/ARL-Relaunch-1.png?fit=600%2C397&ssl=1\",\"width\":600,\"height\":397},{\"@type\":\"BreadcrumbList\",\"@id\":\"https:\\\/\\\/www.theyouthharbour.org\\\/our-updates\\\/the-activist-resource-library-is-back-with-a-new-home\\\/#breadcrumb\",\"itemListElement\":[{\"@type\":\"ListItem\",\"position\":1,\"name\":\"Home\",\"item\":\"https:\\\/\\\/www.theyouthharbour.org\\\/\"},{\"@type\":\"ListItem\",\"position\":2,\"name\":\"The Activist Resource Library is back with a new home!\"}]},{\"@type\":\"WebSite\",\"@id\":\"https:\\\/\\\/www.theyouthharbour.org\\\/#website\",\"url\":\"https:\\\/\\\/www.theyouthharbour.org\\\/\",\"name\":\"The Youth Harbour\",\"description\":\"Youth-for-youth climate support system.\",\"potentialAction\":[{\"@type\":\"SearchAction\",\"target\":{\"@type\":\"EntryPoint\",\"urlTemplate\":\"https:\\\/\\\/www.theyouthharbour.org\\\/?s={search_term_string}\"},\"query-input\":{\"@type\":\"PropertyValueSpecification\",\"valueRequired\":true,\"valueName\":\"search_term_string\"}}],\"inLanguage\":\"fr-CA\"},{\"@type\":\"Person\",\"@id\":\"https:\\\/\\\/www.theyouthharbour.org\\\/#\\\/schema\\\/person\\\/90bf195f445bbb2bacba3f261e4c26e4\",\"name\":\"The Youth Harbour\",\"image\":{\"@type\":\"ImageObject\",\"inLanguage\":\"fr-CA\",\"@id\":\"https:\\\/\\\/secure.gravatar.com\\\/avatar\\\/775930c218622edcbe7358e34c4e2248213636132449015362f1b952d0ae53cb?s=96&d=mm&r=g\",\"url\":\"https:\\\/\\\/secure.gravatar.com\\\/avatar\\\/775930c218622edcbe7358e34c4e2248213636132449015362f1b952d0ae53cb?s=96&d=mm&r=g\",\"contentUrl\":\"https:\\\/\\\/secure.gravatar.com\\\/avatar\\\/775930c218622edcbe7358e34c4e2248213636132449015362f1b952d0ae53cb?s=96&d=mm&r=g\",\"caption\":\"The Youth Harbour\"},\"url\":\"https:\\\/\\\/www.theyouthharbour.org\\\/fr\\\/author\\\/admin\\\/\"}]}<\/script>\n<!-- \/ Yoast SEO plugin. -->","yoast_head_json":{"title":"The Activist Resource Library is back with a new home! - The Youth Harbour","robots":{"index":"index","follow":"follow","max-snippet":"max-snippet:-1","max-image-preview":"max-image-preview:large","max-video-preview":"max-video-preview:-1"},"canonical":"https:\/\/www.theyouthharbour.org\/fr\/our-updates\/the-activist-resource-library-is-back-with-a-new-home\/","og_locale":"fr_CA","og_type":"article","og_title":"The Activist Resource Library is back with a new home! - The Youth Harbour","og_url":"https:\/\/www.theyouthharbour.org\/fr\/our-updates\/the-activist-resource-library-is-back-with-a-new-home\/","og_site_name":"The Youth Harbour","article_published_time":"2026-05-27T14:47:09+00:00","article_modified_time":"2026-05-27T14:51:48+00:00","og_image":[{"width":600,"height":397,"url":"https:\/\/www.theyouthharbour.org\/wp-content\/uploads\/2026\/05\/ARL-Relaunch-1.png?_t=1782937112","type":"image\/png"}],"author":"The Youth Harbour","twitter_card":"summary_large_image","twitter_misc":{"\u00c9crit par":"The Youth Harbour","Estimation du temps de lecture":"2 minutes"},"schema":{"@context":"https:\/\/schema.org","@graph":[{"@type":"Article","@id":"https:\/\/www.theyouthharbour.org\/our-updates\/the-activist-resource-library-is-back-with-a-new-home\/#article","isPartOf":{"@id":"https:\/\/www.theyouthharbour.org\/our-updates\/the-activist-resource-library-is-back-with-a-new-home\/"},"author":{"name":"The Youth Harbour","@id":"https:\/\/www.theyouthharbour.org\/#\/schema\/person\/90bf195f445bbb2bacba3f261e4c26e4"},"headline":"The Activist Resource Library is back with a new home!","datePublished":"2026-05-27T14:47:09+00:00","dateModified":"2026-05-27T14:51:48+00:00","mainEntityOfPage":{"@id":"https:\/\/www.theyouthharbour.org\/our-updates\/the-activist-resource-library-is-back-with-a-new-home\/"},"wordCount":706,"commentCount":0,"image":{"@id":"https:\/\/www.theyouthharbour.org\/our-updates\/the-activist-resource-library-is-back-with-a-new-home\/#primaryimage"},"thumbnailUrl":"https:\/\/i0.wp.com\/www.theyouthharbour.org\/wp-content\/uploads\/2026\/05\/ARL-Relaunch-1.png?fit=600%2C397&ssl=1","articleSection":["Our Updates"],"inLanguage":"fr-CA","potentialAction":[{"@type":"CommentAction","name":"Comment","target":["https:\/\/www.theyouthharbour.org\/our-updates\/the-activist-resource-library-is-back-with-a-new-home\/#respond"]}]},{"@type":"WebPage","@id":"https:\/\/www.theyouthharbour.org\/our-updates\/the-activist-resource-library-is-back-with-a-new-home\/","url":"https:\/\/www.theyouthharbour.org\/our-updates\/the-activist-resource-library-is-back-with-a-new-home\/","name":"The Activist Resource Library is back with a new home! - The Youth Harbour","isPartOf":{"@id":"https:\/\/www.theyouthharbour.org\/#website"},"primaryImageOfPage":{"@id":"https:\/\/www.theyouthharbour.org\/our-updates\/the-activist-resource-library-is-back-with-a-new-home\/#primaryimage"},"image":{"@id":"https:\/\/www.theyouthharbour.org\/our-updates\/the-activist-resource-library-is-back-with-a-new-home\/#primaryimage"},"thumbnailUrl":"https:\/\/i0.wp.com\/www.theyouthharbour.org\/wp-content\/uploads\/2026\/05\/ARL-Relaunch-1.png?fit=600%2C397&ssl=1","datePublished":"2026-05-27T14:47:09+00:00","dateModified":"2026-05-27T14:51:48+00:00","author":{"@id":"https:\/\/www.theyouthharbour.org\/#\/schema\/person\/90bf195f445bbb2bacba3f261e4c26e4"},"breadcrumb":{"@id":"https:\/\/www.theyouthharbour.org\/our-updates\/the-activist-resource-library-is-back-with-a-new-home\/#breadcrumb"},"inLanguage":"fr-CA","potentialAction":[{"@type":"ReadAction","target":["https:\/\/www.theyouthharbour.org\/our-updates\/the-activist-resource-library-is-back-with-a-new-home\/"]}]},{"@type":"ImageObject","inLanguage":"fr-CA","@id":"https:\/\/www.theyouthharbour.org\/our-updates\/the-activist-resource-library-is-back-with-a-new-home\/#primaryimage","url":"https:\/\/i0.wp.com\/www.theyouthharbour.org\/wp-content\/uploads\/2026\/05\/ARL-Relaunch-1.png?fit=600%2C397&ssl=1","contentUrl":"https:\/\/i0.wp.com\/www.theyouthharbour.org\/wp-content\/uploads\/2026\/05\/ARL-Relaunch-1.png?fit=600%2C397&ssl=1","width":600,"height":397},{"@type":"BreadcrumbList","@id":"https:\/\/www.theyouthharbour.org\/our-updates\/the-activist-resource-library-is-back-with-a-new-home\/#breadcrumb","itemListElement":[{"@type":"ListItem","position":1,"name":"Home","item":"https:\/\/www.theyouthharbour.org\/"},{"@type":"ListItem","position":2,"name":"The Activist Resource Library is back with a new home!"}]},{"@type":"WebSite","@id":"https:\/\/www.theyouthharbour.org\/#website","url":"https:\/\/www.theyouthharbour.org\/","name":"Le Havre jeunesse","description":"Youth-for-youth climate support system.","potentialAction":[{"@type":"SearchAction","target":{"@type":"EntryPoint","urlTemplate":"https:\/\/www.theyouthharbour.org\/?s={search_term_string}"},"query-input":{"@type":"PropertyValueSpecification","valueRequired":true,"valueName":"search_term_string"}}],"inLanguage":"fr-CA"},{"@type":"Person","@id":"https:\/\/www.theyouthharbour.org\/#\/schema\/person\/90bf195f445bbb2bacba3f261e4c26e4","name":"Le Havre jeunesse","image":{"@type":"ImageObject","inLanguage":"fr-CA","@id":"https:\/\/secure.gravatar.com\/avatar\/775930c218622edcbe7358e34c4e2248213636132449015362f1b952d0ae53cb?s=96&d=mm&r=g","url":"https:\/\/secure.gravatar.com\/avatar\/775930c218622edcbe7358e34c4e2248213636132449015362f1b952d0ae53cb?s=96&d=mm&r=g","contentUrl":"https:\/\/secure.gravatar.com\/avatar\/775930c218622edcbe7358e34c4e2248213636132449015362f1b952d0ae53cb?s=96&d=mm&r=g","caption":"The Youth Harbour"},"url":"https:\/\/www.theyouthharbour.org\/fr\/author\/admin\/"}]}},"jetpack_sharing_enabled":true,"jetpack_featured_media_url":"https:\/\/i0.wp.com\/www.theyouthharbour.org\/wp-content\/uploads\/2026\/05\/ARL-Relaunch-1.png?fit=600%2C397&ssl=1","_links":{"self":[{"href":"https:\/\/www.theyouthharbour.org\/fr\/wp-json\/wp\/v2\/posts\/32267","targetHints":{"allow":["GET"]}}],"collection":[{"href":"https:\/\/www.theyouthharbour.org\/fr\/wp-json\/wp\/v2\/posts"}],"about":[{"href":"https:\/\/www.theyouthharbour.org\/fr\/wp-json\/wp\/v2\/types\/post"}],"author":[{"embeddable":true,"href":"https:\/\/www.theyouthharbour.org\/fr\/wp-json\/wp\/v2\/users\/1"}],"replies":[{"embeddable":true,"href":"https:\/\/www.theyouthharbour.org\/fr\/wp-json\/wp\/v2\/comments?post=32267"}],"version-history":[{"count":11,"href":"https:\/\/www.theyouthharbour.org\/fr\/wp-json\/wp\/v2\/posts\/32267\/revisions"}],"predecessor-version":[{"id":32348,"href":"https:\/\/www.theyouthharbour.org\/fr\/wp-json\/wp\/v2\/posts\/32267\/revisions\/32348"}],"wp:featuredmedia":[{"embeddable":true,"href":"https:\/\/www.theyouthharbour.org\/fr\/wp-json\/wp\/v2\/media\/32306"}],"wp:attachment":[{"href":"https:\/\/www.theyouthharbour.org\/fr\/wp-json\/wp\/v2\/media?parent=32267"}],"wp:term":[{"taxonomy":"category","embeddable":true,"href":"https:\/\/www.theyouthharbour.org\/fr\/wp-json\/wp\/v2\/categories?post=32267"},{"taxonomy":"post_tag","embeddable":true,"href":"https:\/\/www.theyouthharbour.org\/fr\/wp-json\/wp\/v2\/tags?post=32267"}],"curies":[{"name":"wp","href":"https:\/\/api.w.org\/{rel}","templated":true}]}}